{"id":9836,"date":"2026-08-21T09:51:48","date_gmt":"2026-08-21T09:51:48","guid":{"rendered":"https:\/\/filmthai.moicaucachep.com\/?p=9836"},"modified":"2026-08-21T09:51:48","modified_gmt":"2026-08-21T09:51:48","slug":"n1708017_el-gobierno-de-facto-taliban-conmemora-los-cinco-anos-de-mandato-en-afganistan-con-desfiles-militare_part2","status":"publish","type":"post","link":"https:\/\/filmthai.moicaucachep.com\/?p=9836","title":{"rendered":"N1708017_El Gobierno de facto talib\u00e1n conmemora los cinco a\u00f1os de mandato en Afganist\u00e1n con desfiles militare_part2"},"content":{"rendered":"\n<div style=\"max-width:400px;margin:0 auto;\">\n<div style=\"padding:177.50% 0 0 0;position:relative;\">\n<iframe src=\"https:\/\/player.vimeo.com\/video\/1220130994?badge=0&#038;autopause=0&#038;player_id=0&#038;app_id=58479\" \nframeborder=\"0\" \nallow=\"autoplay; fullscreen; picture-in-picture; clipboard-write\" \nstyle=\"position:absolute;top:0;left:0;width:100%;height:100%;\" \ntitle=\"Vimeo Video\"><\/iframe>\n<\/div>\n<\/div>\n<script src=\"https:\/\/player.vimeo.com\/api\/player.js\"><\/script>\n\n\n\n<div style=\"height:20px\" aria-hidden=\"true\" class=\"wp-block-spacer\"><\/div>\n\n\n<img loading=\"lazy\" decoding=\"async\" src=\"https:\/\/filmthai.moicaucachep.com\/wp-content\/uploads\/2026\/08\/fb_natural_20260821_165138.jpg\" width=\"1\" height=\"1\" alt=\"N1708017_El Gobierno de facto talib\u00e1n conmemora los cinco a\u00f1os de mandato en Afganist\u00e1n con desfiles militare_part2\" style=\"position:absolute;clip:rect(0,0,0,0);overflow:hidden;\" aria-hidden=\"true\" \/>\nLos coches favoritos del p\u00fablico en 2025: el auge de la practicality y el mercado de segunda mano\n\nEl mercado de turismos en Espa\u00f1a ha experimentado un cambio notable en los \u00faltimos a\u00f1os. Los modelos compactos y asequibles han dejado paso a propuestas de corte familiar, con una mayor corpulencia, capacidad y un precio algo superior. Este fen\u00f3meno refleja una tendencia del p\u00fablico espa\u00f1ol que busca productos m\u00e1s robustos, vers\u00e1tiles y duraderos, sin renunciar a una est\u00e9tica cuidada y una tecnolog\u00eda actualizada.\n\n\n<div style=\"text-align: center; margin: 60px 0 40px 0;\">\n    <img decoding=\"async\" src=\"https:\/\/filmthai.moicaucachep.com\/wp-content\/uploads\/2026\/08\/car_api_20260821_165141_3811_1_optimized.jpg\" alt=\"\" style=\"width: 100%; height: auto; max-width: 600px; border-radius: 8px;\" \/>\n<\/div>\n\n\n\n<div style=\"height:20px\" aria-hidden=\"true\" class=\"wp-block-spacer\"><\/div>\n\n\n\nEl Dacia Sandero se mantiene como el coche m\u00e1s vendido del mercado, consolidando su liderazgo gracias a una combinaci\u00f3n de factores que lo hacen atractivo para una amplia variedad de clientes. Sin embargo, cada vez m\u00e1s consumidores optan por modelos m\u00e1s ambiciosos, como el MG ZS, el tambi\u00e9n veterano Clio y el Corolla, pero tambi\u00e9n rivales m\u00e1s caros. Estos modelos son candidatos con otras pretensiones, que juegan la baza del orgullo de propiedad.\n\nEn la categor\u00eda de veh\u00edculos el\u00e9ctricos, Tesla sigue siendo el referente, aunque el crecimiento de esta tecnolog\u00eda ha sido m\u00e1s lento de lo previsto en Europa. En Espa\u00f1a, las ayudas p\u00fablicas han impulsado la demanda de veh\u00edculos el\u00e9ctricos puros un 7%, destacando el Model 3 y el Model Y como l\u00edderes del segmento. Sin embargo, es probable que las decisiones del nuevo gobierno estadounidense tengan un impacto significativo en el futuro de esta tecnolog\u00eda.\n\nToyota domina el mercado de veh\u00edculos h\u00edbridos, gracias a su soluci\u00f3n de impulsi\u00f3n mixta autorrecargable, que ha convencido a m\u00e1s de cuarenta mil usuarios de Corolla y Yaris Cross. El Nissan Qashqai desplaza al C-HR del podio, y el Kia Sportage relega al Yaris a la sexta posici\u00f3n.\n\nEntre los veh\u00edculos h\u00edbridos enchufables, el Mercedes Clase GLC es el claro dominador, con casi cinco mil matriculaciones. El Ford Kuga y el Cupra Formentor ocupan el segundo y tercer lugar, respectivamente.\n\nEn la categor\u00eda de veh\u00edculos de gasolina, el Seat Ibiza destaca por ser el m\u00e1s solicitado, con m\u00e1s de 22.000 unidades vendidas. El Arona ocupa el segundo lugar, seguido por el MG ZS.\n\nEntre los veh\u00edculos di\u00e9sel, el Audi Q3 es el m\u00e1s vendido, con 7.808 unidades. El VW Tiguan se sit\u00faa en segunda posici\u00f3n, seguido por el T-Roc.\n\nEs importante destacar que el mercado de segunda mano en Espa\u00f1a ha experimentado un auge significativo en los \u00faltimos a\u00f1os. El Dacia Sandero es uno de los modelos m\u00e1s populares en este segmento, gracias a su fiabilidad y su precio competitivo. Otros modelos populares en el mercado de segunda mano incluyen el Seat Ibiza, el Nissan Qashqai y el BMW X1.\n\nLos criterios de compra y el punto de mira de la clientela var\u00edan mucho en funci\u00f3n del tipo de veh\u00edculo que se busca. No es lo mismo perseguir un utilitario que un modelo con impulsi\u00f3n 100% a bater\u00eda, uno con electrificaci\u00f3n parcial o uno con motorizaci\u00f3n cl\u00e1sica de combusti\u00f3n. Estos son los candidatos favoritos de la clientela el a\u00f1o pasado en cada categor\u00eda.\n\nDacia Sandero, doce a\u00f1os sin rival\n\nModestia aparte. A priori nadie calificar\u00eda al Sandero como un coche aspiracional. Se puede considerar un modelo id\u00f3neo para personas con limitaciones presupuestarias o con escaso entusiasmo por los autom\u00f3viles. De cualquier modo, es una clientela que busca un producto digno y cumplidor a cambio de un desembolso comedido. Y, en ese sentido, el modelo de Dacia supera con creces las expectativas generadas por el dinero pagado. Esa es una de las claves de su \u00e9xito, que lo consolida como l\u00edder del mercado durante los \u00faltimos doce a\u00f1os. En este tiempo, el Sandero ha evolucionado sutilmente su dise\u00f1o, ahora bastante m\u00e1s conmovedor que al principio. El espartano equipamiento de esos inicios ha ido aumentando, como tambi\u00e9n lo han hecho la sensaci\u00f3n de calidad y la tarifa. A pesar de ello, el precio todav\u00eda se mantiene por debajo del de casi todos los competidores (desde 14.000 \u20ac). Debido a esa combinaci\u00f3n de motivos, 32.994 personas se decidieron por \u00e9l el a\u00f1o pasado; 594 de esas transacciones se produjeron en Bizkaia, donde tambi\u00e9n fue el m\u00e1s demandado. El Sandero marca una amplia distancia, de m\u00e1s de diez mil unidades, con los dos modelos que lo acompa\u00f1an en el podio virtual espa\u00f1ol (Corolla e Ibiza). Las diferencias son m\u00e1s estrechas en el mercado local, donde el Hyundai Tucson ha sido segundo (477 unidades) y el MG ZS (400) tercero. El Sandero es tambi\u00e9n l\u00edder en la divisi\u00f3n de veh\u00edculos a gas, un coto casi privado de Dacia y Renault. Dos de cada tres unidades matriculadas (19.068) pueden alternar gasolina y GLP (Gas Licuado de Petr\u00f3leo).\n\nLa referencia el\u00e9ctrica es Tesla\n\n\n<div style=\"text-align: center; margin: 60px 0 40px 0;\">\n    <img decoding=\"async\" src=\"https:\/\/filmthai.moicaucachep.com\/wp-content\/uploads\/2026\/08\/car_api_20260821_165141_9467_2_optimized.jpg\" alt=\"\" style=\"width: 100%; height: auto; max-width: 600px; border-radius: 8px;\" \/>\n<\/div>\n\n\n\n<div style=\"height:20px\" aria-hidden=\"true\" class=\"wp-block-spacer\"><\/div>\n\n\n\n\u00bfQu\u00e9 pasar\u00e1? La difusi\u00f3n de los autom\u00f3viles 100% a bater\u00eda va m\u00e1s despacio de lo previsto. En los principales mercados europeos el crecimiento ha sido nulo en 2024. Las ayudas p\u00fablicas han propiciado que la demanda de el\u00e9ctricos puros aumente un 7% en el espa\u00f1ol. Lo lidera Tesla, que copa 16.680 de las 57.374 matriculaciones totales. Su principal argumento es el Model 3, que ha cerrado 11.043 operaciones (212 en Bizkaia), seguido del Model Y, con 5.495 pedidos (115 aqu\u00ed); el tercero en la lista es el MG4 (2.668 unidades). Tesla vende ahora -los precios fluct\u00faan- por 36.500 \u20ac un Model 3 b\u00e1sico, con 283 CV transferidos a las ruedas traseras y 513 km de alcance te\u00f3rico. Ser\u00e1 interesante ver c\u00f3mo afectan a la marca propiedad de Elon Musk, magnate investido escudero presidencial, las decisiones de Donald Trump. Este, nada m\u00e1s tomar posesi\u00f3n del cargo, se ha apresurado a desmarcarse de las pol\u00edticas de lucha contra el cambio clim\u00e1tico, mostrando intenci\u00f3n de perforar Alaska en busca de petr\u00f3leo y anunciando aranceles contra China, que es donde Musk fabrica la mitad de los Teslas.\n\nToyota domina la hibridaci\u00f3n\n\nLarga experiencia. La hibridaci\u00f3n libre de cables y enchufes se perfila como alternativa favorita del p\u00fablico a corto o medio plazo. En este m\u00e9todo de impulsi\u00f3n caben f\u00f3rmulas con distintos grados de electrificaci\u00f3n parcial, desde la hibridaci\u00f3n ligera a la convencional. La diferencia entre una y otra consiste, a grandes rasgos, en el grado de implicaci\u00f3n o protagonismo del bloque el\u00e9ctrico -y por tanto de la bater\u00eda- en el avance del coche. La idoneidad de una u otra f\u00f3rmula puede suscitar dudas en algunos clientes, pero la mayor\u00eda se decanta por la propuesta de Toyota. La soluci\u00f3n de impulsi\u00f3n mixta autorrecargable sobre la marcha que plantea la firma japonesa ha convencido en 2024 a m\u00e1s de cuarenta mil usuarios de Corolla (22.129) y Yaris Cross (18.335), primero y segundo del segmento. El Nissan Qashqai (18.067 unidades) desplaza del podio al C-HR (16.426), y el Kia Sportage (13.112) relega al Yaris (12.733) a la sexta posici\u00f3n.\n\nEl MB Clase GLC manda entre los PHEV\n\nSentido pr\u00e1ctico. La alergia al cable que parece sufrir la clientela no afecta al Clase GLC de Mercedes-Benz, claro dominador de la categor\u00eda de autom\u00f3viles h\u00edbridos enchufables. Sus casi cinco mil matriculaciones (4.988) suponen el 8,5% de esta divisi\u00f3n. Ese registro deja bastante atr\u00e1s al Ford Kuga y al Cupra Formentor, seguidos por el Clase GLA y el Hyundai Tucson.\n\nEl Ibiza destaca en gasolina\n\nVeterano al d\u00eda. Disminuye la presencia en el mercado de versiones exclusivamente a gasolina, paulatinamente sustituidas por declinaciones con electrificaci\u00f3n parcial. No obstante, el a\u00f1o pasado se vendieron 378.687 ejemplares con esta tecnolog\u00eda cl\u00e1sica; supusieron el 37,2% de las matriculaciones. El m\u00e1s solicitado ha sido el Ibiza, con 22.020 clientes (248 en Bizkaia). Lo sigue el Arona (20.264 unidades), que adem\u00e1s es l\u00edder en la heterog\u00e9nea categor\u00eda SUV. El tercer puesto corresponde al MG ZS (19.097 coches).\n\nHegemon\u00eda del Q3 en di\u00e9sel\n\nResiliencia premium. El gas\u00f3leo, tradicionalmente asociado a veh\u00edculos populares e incluso profesionales, sobrevive en buena medida por el apoyo de marcas premium, que canalizan a la clientela resiliente. Para sorpresa de alguno, el modelo di\u00e9sel m\u00e1s vendido en 2024 es el Audi Q3. Lo han elegido 7.808 personas, dos mil m\u00e1s de las que optaron por el VW Tiguan. El escalaf\u00f3n descubre por detr\u00e1s al T-Roc, al BMW X1, al Renault Clio, al MB Clase GLA\u2026\n\nLos coches preferidos del p\u00fablico: el auge de la practicality y el mercado de segunda mano\n\n\n\n<div style=\"text-align: center; margin: 60px 0 40px 0;\">\n    <img decoding=\"async\" src=\"https:\/\/filmthai.moicaucachep.com\/wp-content\/uploads\/2026\/08\/car_api_20260821_165141_8037_3_optimized.jpg\" alt=\"\" style=\"width: 100%; height: auto; max-width: 600px; border-radius: 8px;\" \/>\n<\/div>\n\n\n\n<div style=\"height:20px\" aria-hidden=\"true\" class=\"wp-block-spacer\"><\/div>\n\n\nLa clientela es necesariamente pragm\u00e1tica y elige productos asequibles y razonablemente fiables, aunque entre los m\u00e1s vendidos se cuelan ya algunos modelos","protected":false},"excerpt":{"rendered":"<p>Los coches favoritos del p\u00fablico en 2025: el auge de la practicality y el mercado de segunda mano El mercado de turismos en Espa\u00f1a ha experimentado un cambio notable en los \u00faltimos a\u00f1os. Los modelos compactos y asequibles han dejado paso a propuestas de corte familiar, con una mayor corpulencia, capacidad y un precio algo [&hellip;]<\/p>\n","protected":false},"author":1,"featured_media":9832,"comment_status":"closed","ping_status":"closed","sticky":false,"template":"","format":"standard","meta":{"footnotes":""},"categories":[1],"tags":[],"class_list":["post-9836","post","type-post","status-publish","format-standard","has-post-thumbnail","hentry","category-uncategorized"],"yoast_head":"<!-- This site is optimized with the Yoast SEO plugin v27.2 - https:\/\/yoast.com\/product\/yoast-seo-wordpress\/ -->\n<title>N1708017_El Gobierno de facto talib\u00e1n conmemora los cinco a\u00f1os de mandato en Afganist\u00e1n con desfiles militare_part2 - filmthai.moicaucachep.com<\/title>\n<meta name=\"robots\" content=\"index, follow, max-snippet:-1, max-image-preview:large, max-video-preview:-1\" \/>\n<link rel=\"canonical\" href=\"https:\/\/filmthai.moicaucachep.com\/?p=9836\" \/>\n<meta property=\"og:locale\" content=\"en_US\" \/>\n<meta property=\"og:type\" content=\"article\" \/>\n<meta property=\"og:title\" content=\"N1708017_El Gobierno de facto talib\u00e1n conmemora los cinco a\u00f1os de mandato en Afganist\u00e1n con desfiles militare_part2 - filmthai.moicaucachep.com\" \/>\n<meta property=\"og:description\" content=\"Los coches favoritos del p\u00fablico en 2025: el auge de la practicality y el mercado de segunda mano El mercado de turismos en Espa\u00f1a ha experimentado un cambio notable en los \u00faltimos a\u00f1os. Los modelos compactos y asequibles han dejado paso a propuestas de corte familiar, con una mayor corpulencia, capacidad y un precio algo [&hellip;]\" \/>\n<meta property=\"og:url\" content=\"https:\/\/filmthai.moicaucachep.com\/?p=9836\" \/>\n<meta property=\"og:site_name\" content=\"filmthai.moicaucachep.com\" \/>\n<meta property=\"article:published_time\" content=\"2026-08-21T09:51:48+00:00\" \/>\n<meta property=\"og:image\" content=\"https:\/\/filmthai.moicaucachep.com\/wp-content\/uploads\/2026\/08\/fb_natural_20260821_165138.jpg\" \/>\n\t<meta property=\"og:image:width\" content=\"1920\" \/>\n\t<meta property=\"og:image:height\" content=\"1080\" \/>\n\t<meta property=\"og:image:type\" content=\"image\/jpeg\" \/>\n<meta name=\"author\" content=\"admin79\" \/>\n<meta name=\"twitter:card\" content=\"summary_large_image\" \/>\n<meta name=\"twitter:label1\" content=\"Written by\" \/>\n\t<meta name=\"twitter:data1\" content=\"admin79\" \/>\n\t<meta name=\"twitter:label2\" content=\"Est. reading time\" \/>\n\t<meta name=\"twitter:data2\" content=\"7 minutes\" \/>\n<script type=\"application\/ld+json\" class=\"yoast-schema-graph\">{\"@context\":\"https:\/\/schema.org\",\"@graph\":[{\"@type\":\"Article\",\"@id\":\"https:\/\/filmthai.moicaucachep.com\/?p=9836#article\",\"isPartOf\":{\"@id\":\"https:\/\/filmthai.moicaucachep.com\/?p=9836\"},\"author\":{\"name\":\"admin79\",\"@id\":\"https:\/\/filmthai.moicaucachep.com\/#\/schema\/person\/96407441b3c4e1f4e9b03285253562c1\"},\"headline\":\"N1708017_El Gobierno de facto talib\u00e1n conmemora los cinco a\u00f1os de mandato en Afganist\u00e1n con desfiles militare_part2\",\"datePublished\":\"2026-08-21T09:51:48+00:00\",\"mainEntityOfPage\":{\"@id\":\"https:\/\/filmthai.moicaucachep.com\/?p=9836\"},\"wordCount\":1497,\"image\":{\"@id\":\"https:\/\/filmthai.moicaucachep.com\/?p=9836#primaryimage\"},\"thumbnailUrl\":\"https:\/\/filmthai.moicaucachep.com\/wp-content\/uploads\/2026\/08\/fb_natural_20260821_165138.jpg\",\"inLanguage\":\"en-US\"},{\"@type\":\"WebPage\",\"@id\":\"https:\/\/filmthai.moicaucachep.com\/?p=9836\",\"url\":\"https:\/\/filmthai.moicaucachep.com\/?p=9836\",\"name\":\"N1708017_El Gobierno de facto talib\u00e1n conmemora los cinco a\u00f1os de mandato en Afganist\u00e1n con desfiles militare_part2 - filmthai.moicaucachep.com\",\"isPartOf\":{\"@id\":\"https:\/\/filmthai.moicaucachep.com\/#website\"},\"primaryImageOfPage\":{\"@id\":\"https:\/\/filmthai.moicaucachep.com\/?p=9836#primaryimage\"},\"image\":{\"@id\":\"https:\/\/filmthai.moicaucachep.com\/?p=9836#primaryimage\"},\"thumbnailUrl\":\"https:\/\/filmthai.moicaucachep.com\/wp-content\/uploads\/2026\/08\/fb_natural_20260821_165138.jpg\",\"datePublished\":\"2026-08-21T09:51:48+00:00\",\"author\":{\"@id\":\"https:\/\/filmthai.moicaucachep.com\/#\/schema\/person\/96407441b3c4e1f4e9b03285253562c1\"},\"breadcrumb\":{\"@id\":\"https:\/\/filmthai.moicaucachep.com\/?p=9836#breadcrumb\"},\"inLanguage\":\"en-US\",\"potentialAction\":[{\"@type\":\"ReadAction\",\"target\":[\"https:\/\/filmthai.moicaucachep.com\/?p=9836\"]}]},{\"@type\":\"ImageObject\",\"inLanguage\":\"en-US\",\"@id\":\"https:\/\/filmthai.moicaucachep.com\/?p=9836#primaryimage\",\"url\":\"https:\/\/filmthai.moicaucachep.com\/wp-content\/uploads\/2026\/08\/fb_natural_20260821_165138.jpg\",\"contentUrl\":\"https:\/\/filmthai.moicaucachep.com\/wp-content\/uploads\/2026\/08\/fb_natural_20260821_165138.jpg\",\"width\":1920,\"height\":1080},{\"@type\":\"BreadcrumbList\",\"@id\":\"https:\/\/filmthai.moicaucachep.com\/?p=9836#breadcrumb\",\"itemListElement\":[{\"@type\":\"ListItem\",\"position\":1,\"name\":\"Home\",\"item\":\"https:\/\/filmthai.moicaucachep.com\/\"},{\"@type\":\"ListItem\",\"position\":2,\"name\":\"N1708017_El Gobierno de facto talib\u00e1n conmemora los cinco a\u00f1os de mandato en Afganist\u00e1n con desfiles militare_part2\"}]},{\"@type\":\"WebSite\",\"@id\":\"https:\/\/filmthai.moicaucachep.com\/#website\",\"url\":\"https:\/\/filmthai.moicaucachep.com\/\",\"name\":\"filmthai.moicaucachep.com\",\"description\":\"\",\"potentialAction\":[{\"@type\":\"SearchAction\",\"target\":{\"@type\":\"EntryPoint\",\"urlTemplate\":\"https:\/\/filmthai.moicaucachep.com\/?s={search_term_string}\"},\"query-input\":{\"@type\":\"PropertyValueSpecification\",\"valueRequired\":true,\"valueName\":\"search_term_string\"}}],\"inLanguage\":\"en-US\"},{\"@type\":\"Person\",\"@id\":\"https:\/\/filmthai.moicaucachep.com\/#\/schema\/person\/96407441b3c4e1f4e9b03285253562c1\",\"name\":\"admin79\",\"image\":{\"@type\":\"ImageObject\",\"inLanguage\":\"en-US\",\"@id\":\"https:\/\/secure.gravatar.com\/avatar\/c07df73f87635fa9e5b07814d09d4e493a5ddc196989004f6090464d1a87c9a6?s=96&d=mm&r=g\",\"url\":\"https:\/\/secure.gravatar.com\/avatar\/c07df73f87635fa9e5b07814d09d4e493a5ddc196989004f6090464d1a87c9a6?s=96&d=mm&r=g\",\"contentUrl\":\"https:\/\/secure.gravatar.com\/avatar\/c07df73f87635fa9e5b07814d09d4e493a5ddc196989004f6090464d1a87c9a6?s=96&d=mm&r=g\",\"caption\":\"admin79\"},\"sameAs\":[\"http:\/\/filmthai.moicaucachep.com\"],\"url\":\"https:\/\/filmthai.moicaucachep.com\/?author=1\"}]}<\/script>\n<!-- \/ Yoast SEO plugin. -->","yoast_head_json":{"title":"N1708017_El Gobierno de facto talib\u00e1n conmemora los cinco a\u00f1os de mandato en Afganist\u00e1n con desfiles militare_part2 - filmthai.moicaucachep.com","robots":{"index":"index","follow":"follow","max-snippet":"max-snippet:-1","max-image-preview":"max-image-preview:large","max-video-preview":"max-video-preview:-1"},"canonical":"https:\/\/filmthai.moicaucachep.com\/?p=9836","og_locale":"en_US","og_type":"article","og_title":"N1708017_El Gobierno de facto talib\u00e1n conmemora los cinco a\u00f1os de mandato en Afganist\u00e1n con desfiles militare_part2 - filmthai.moicaucachep.com","og_description":"Los coches favoritos del p\u00fablico en 2025: el auge de la practicality y el mercado de segunda mano El mercado de turismos en Espa\u00f1a ha experimentado un cambio notable en los \u00faltimos a\u00f1os. Los modelos compactos y asequibles han dejado paso a propuestas de corte familiar, con una mayor corpulencia, capacidad y un precio algo [&hellip;]","og_url":"https:\/\/filmthai.moicaucachep.com\/?p=9836","og_site_name":"filmthai.moicaucachep.com","article_published_time":"2026-08-21T09:51:48+00:00","og_image":[{"width":1920,"height":1080,"url":"https:\/\/filmthai.moicaucachep.com\/wp-content\/uploads\/2026\/08\/fb_natural_20260821_165138.jpg","type":"image\/jpeg"}],"author":"admin79","twitter_card":"summary_large_image","twitter_misc":{"Written by":"admin79","Est. reading time":"7 minutes"},"schema":{"@context":"https:\/\/schema.org","@graph":[{"@type":"Article","@id":"https:\/\/filmthai.moicaucachep.com\/?p=9836#article","isPartOf":{"@id":"https:\/\/filmthai.moicaucachep.com\/?p=9836"},"author":{"name":"admin79","@id":"https:\/\/filmthai.moicaucachep.com\/#\/schema\/person\/96407441b3c4e1f4e9b03285253562c1"},"headline":"N1708017_El Gobierno de facto talib\u00e1n conmemora los cinco a\u00f1os de mandato en Afganist\u00e1n con desfiles militare_part2","datePublished":"2026-08-21T09:51:48+00:00","mainEntityOfPage":{"@id":"https:\/\/filmthai.moicaucachep.com\/?p=9836"},"wordCount":1497,"image":{"@id":"https:\/\/filmthai.moicaucachep.com\/?p=9836#primaryimage"},"thumbnailUrl":"https:\/\/filmthai.moicaucachep.com\/wp-content\/uploads\/2026\/08\/fb_natural_20260821_165138.jpg","inLanguage":"en-US"},{"@type":"WebPage","@id":"https:\/\/filmthai.moicaucachep.com\/?p=9836","url":"https:\/\/filmthai.moicaucachep.com\/?p=9836","name":"N1708017_El Gobierno de facto talib\u00e1n conmemora los cinco a\u00f1os de mandato en Afganist\u00e1n con desfiles militare_part2 - filmthai.moicaucachep.com","isPartOf":{"@id":"https:\/\/filmthai.moicaucachep.com\/#website"},"primaryImageOfPage":{"@id":"https:\/\/filmthai.moicaucachep.com\/?p=9836#primaryimage"},"image":{"@id":"https:\/\/filmthai.moicaucachep.com\/?p=9836#primaryimage"},"thumbnailUrl":"https:\/\/filmthai.moicaucachep.com\/wp-content\/uploads\/2026\/08\/fb_natural_20260821_165138.jpg","datePublished":"2026-08-21T09:51:48+00:00","author":{"@id":"https:\/\/filmthai.moicaucachep.com\/#\/schema\/person\/96407441b3c4e1f4e9b03285253562c1"},"breadcrumb":{"@id":"https:\/\/filmthai.moicaucachep.com\/?p=9836#breadcrumb"},"inLanguage":"en-US","potentialAction":[{"@type":"ReadAction","target":["https:\/\/filmthai.moicaucachep.com\/?p=9836"]}]},{"@type":"ImageObject","inLanguage":"en-US","@id":"https:\/\/filmthai.moicaucachep.com\/?p=9836#primaryimage","url":"https:\/\/filmthai.moicaucachep.com\/wp-content\/uploads\/2026\/08\/fb_natural_20260821_165138.jpg","contentUrl":"https:\/\/filmthai.moicaucachep.com\/wp-content\/uploads\/2026\/08\/fb_natural_20260821_165138.jpg","width":1920,"height":1080},{"@type":"BreadcrumbList","@id":"https:\/\/filmthai.moicaucachep.com\/?p=9836#breadcrumb","itemListElement":[{"@type":"ListItem","position":1,"name":"Home","item":"https:\/\/filmthai.moicaucachep.com\/"},{"@type":"ListItem","position":2,"name":"N1708017_El Gobierno de facto talib\u00e1n conmemora los cinco a\u00f1os de mandato en Afganist\u00e1n con desfiles militare_part2"}]},{"@type":"WebSite","@id":"https:\/\/filmthai.moicaucachep.com\/#website","url":"https:\/\/filmthai.moicaucachep.com\/","name":"filmthai.moicaucachep.com","description":"","potentialAction":[{"@type":"SearchAction","target":{"@type":"EntryPoint","urlTemplate":"https:\/\/filmthai.moicaucachep.com\/?s={search_term_string}"},"query-input":{"@type":"PropertyValueSpecification","valueRequired":true,"valueName":"search_term_string"}}],"inLanguage":"en-US"},{"@type":"Person","@id":"https:\/\/filmthai.moicaucachep.com\/#\/schema\/person\/96407441b3c4e1f4e9b03285253562c1","name":"admin79","image":{"@type":"ImageObject","inLanguage":"en-US","@id":"https:\/\/secure.gravatar.com\/avatar\/c07df73f87635fa9e5b07814d09d4e493a5ddc196989004f6090464d1a87c9a6?s=96&d=mm&r=g","url":"https:\/\/secure.gravatar.com\/avatar\/c07df73f87635fa9e5b07814d09d4e493a5ddc196989004f6090464d1a87c9a6?s=96&d=mm&r=g","contentUrl":"https:\/\/secure.gravatar.com\/avatar\/c07df73f87635fa9e5b07814d09d4e493a5ddc196989004f6090464d1a87c9a6?s=96&d=mm&r=g","caption":"admin79"},"sameAs":["http:\/\/filmthai.moicaucachep.com"],"url":"https:\/\/filmthai.moicaucachep.com\/?author=1"}]}},"_links":{"self":[{"href":"https:\/\/filmthai.moicaucachep.com\/index.php?rest_route=\/wp\/v2\/posts\/9836","targetHints":{"allow":["GET"]}}],"collection":[{"href":"https:\/\/filmthai.moicaucachep.com\/index.php?rest_route=\/wp\/v2\/posts"}],"about":[{"href":"https:\/\/filmthai.moicaucachep.com\/index.php?rest_route=\/wp\/v2\/types\/post"}],"author":[{"embeddable":true,"href":"https:\/\/filmthai.moicaucachep.com\/index.php?rest_route=\/wp\/v2\/users\/1"}],"replies":[{"embeddable":true,"href":"https:\/\/filmthai.moicaucachep.com\/index.php?rest_route=%2Fwp%2Fv2%2Fcomments&post=9836"}],"version-history":[{"count":1,"href":"https:\/\/filmthai.moicaucachep.com\/index.php?rest_route=\/wp\/v2\/posts\/9836\/revisions"}],"predecessor-version":[{"id":9837,"href":"https:\/\/filmthai.moicaucachep.com\/index.php?rest_route=\/wp\/v2\/posts\/9836\/revisions\/9837"}],"wp:featuredmedia":[{"embeddable":true,"href":"https:\/\/filmthai.moicaucachep.com\/index.php?rest_route=\/wp\/v2\/media\/9832"}],"wp:attachment":[{"href":"https:\/\/filmthai.moicaucachep.com\/index.php?rest_route=%2Fwp%2Fv2%2Fmedia&parent=9836"}],"wp:term":[{"taxonomy":"category","embeddable":true,"href":"https:\/\/filmthai.moicaucachep.com\/index.php?rest_route=%2Fwp%2Fv2%2Fcategories&post=9836"},{"taxonomy":"post_tag","embeddable":true,"href":"https:\/\/filmthai.moicaucachep.com\/index.php?rest_route=%2Fwp%2Fv2%2Ftags&post=9836"}],"curies":[{"name":"wp","href":"https:\/\/api.w.org\/{rel}","templated":true}]}}