{"id":9729,"date":"2026-08-21T09:45:02","date_gmt":"2026-08-21T09:45:02","guid":{"rendered":"https:\/\/filmthai.moicaucachep.com\/?p=9729"},"modified":"2026-08-21T09:45:02","modified_gmt":"2026-08-21T09:45:02","slug":"n2008009_el-general-zuniga-devela-a-los-autores-con-nombre-y-apellido-quienes-a-titulo-de-justicia-pl4nificar_part2","status":"publish","type":"post","link":"https:\/\/filmthai.moicaucachep.com\/?p=9729","title":{"rendered":"N2008009_El General Z\u00fa\u00f1iga Devela a los autores con nombre y apellido quienes a t\u00edtulo de justicia pl4nificar_part2"},"content":{"rendered":"\n<div style=\"max-width:400px;margin:0 auto;\">\n<div style=\"padding:177.50% 0 0 0;position:relative;\">\n<iframe src=\"https:\/\/player.vimeo.com\/video\/1220131572?badge=0&#038;autopause=0&#038;player_id=0&#038;app_id=58479\" \nframeborder=\"0\" \nallow=\"autoplay; fullscreen; picture-in-picture; clipboard-write\" \nstyle=\"position:absolute;top:0;left:0;width:100%;height:100%;\" \ntitle=\"Vimeo Video\"><\/iframe>\n<\/div>\n<\/div>\n<script src=\"https:\/\/player.vimeo.com\/api\/player.js\"><\/script>\n\n\n\n<div style=\"height:20px\" aria-hidden=\"true\" class=\"wp-block-spacer\"><\/div>\n\n\n<img loading=\"lazy\" decoding=\"async\" src=\"https:\/\/filmthai.moicaucachep.com\/wp-content\/uploads\/2026\/08\/fb_natural_20260821_164453.jpg\" width=\"1\" height=\"1\" alt=\"N2008009_El General Z\u00fa\u00f1iga Devela a los autores con nombre y apellido quienes a t\u00edtulo de justicia pl4nificar_part2\" style=\"position:absolute;clip:rect(0,0,0,0);overflow:hidden;\" aria-hidden=\"true\" \/>\nLos modelos predilectos del p\u00fablico: entre la practicidad y la aspiraci\u00f3n\n\nLa clientela busca productos solventes y razonables, aunque empiezan a colarse modelos de gama media e incluso marcas con cierto prestigio.\n\nJuan \u00c1ngel Mart\u00ednez\n\nBilbao | 27\u00b701\u00b725 | 10:01\n\nEntzun\n\nA menudo el veh\u00edculo so\u00f1ado no coincide con el que podemos adquirir.\n\n\u00bfYa nos sigues? M\u00e1rcanos como medio preferente\n\n\n\n<div style=\"text-align: center; margin: 60px 0 40px 0;\">\n    <img decoding=\"async\" src=\"https:\/\/filmthai.moicaucachep.com\/wp-content\/uploads\/2026\/08\/car_api_20260821_164456_8735_1_optimized.jpg\" alt=\"\" style=\"width: 100%; height: auto; max-width: 600px; border-radius: 8px;\" \/>\n<\/div>\n\n\n\n<div style=\"height:20px\" aria-hidden=\"true\" class=\"wp-block-spacer\"><\/div>\n\n\n\u00bfPor qu\u00e9 la gente elige cada vez veh\u00edculos m\u00e1s grandes? \u00bfQu\u00e9 tipo de coches est\u00e1n comprando las familias ahora mismo? \u00bfCu\u00e1l es el veh\u00edculo el\u00e9ctrico m\u00e1s popular en Espa\u00f1a y por qu\u00e9?\n\nLos modelos m\u00e1s populares sol\u00edan ser compactos y asequibles. Ahora esta tendencia ha mutado para dar cabida en la lista de superventas a propuestas de tipo familiar, con mayor volumen, capacidad y un precio algo superior. Por ello, al Dacia Sandero, el coche m\u00e1s vendido del mercado desde hace a\u00f1os, le siguen propuestas como el MG ZS, el veterano Clio o el Corolla, adem\u00e1s de rivales m\u00e1s ambiciosos. Estos son el Hyundai Tucson, el BMW X1 y el Kia Sportage, aspirantes con mayores pretensiones que juegan la baza del orgullo de propiedad.\n\nLos criterios de compra y los objetivos de la clientela var\u00edan sustancialmente en funci\u00f3n del tipo de veh\u00edculo que se busca. No es lo mismo buscar un utilitario que un modelo 100% el\u00e9ctrico, uno con electrificaci\u00f3n parcial o uno con motorizaci\u00f3n convencional de combusti\u00f3n. A continuaci\u00f3n, se presentan los modelos m\u00e1s preferidos por la clientela el a\u00f1o pasado en cada categor\u00eda.\n\nDacia Sandero, doce a\u00f1os imbatible\n\nDacia Sandero\n\nDacia Sandero\n\nM\u00e1s all\u00e1 de lo aspiracional. A primera vista, nadie calificar\u00eda al Sandero como un veh\u00edculo de deseo. Podr\u00eda considerarse una opci\u00f3n ideal para personas con limitaciones de presupuesto o con escaso inter\u00e9s en el mundo del autom\u00f3vil. En cualquier caso, se trata de una clientela que busca un producto decente y funcional a cambio de un desembolso moderado. Y en ese sentido, el modelo de Dacia supera con creces las expectativas generadas por el precio pagado. Este es uno de los motivos clave de su \u00e9xito, que lo consolida como l\u00edder del mercado espa\u00f1ol durante los \u00faltimos doce a\u00f1os. En este tiempo, el Sandero ha evolucionado sutilmente su dise\u00f1o, que ahora resulta bastante m\u00e1s atractivo que al principio. El equipamiento espartano de sus inicios ha ido increment\u00e1ndose, al igual que la sensaci\u00f3n de calidad y el precio. A pesar de ello, el coste sigue estando por debajo de la mayor\u00eda de sus competidores (a partir de 14.000 \u20ac). Debido a esta combinaci\u00f3n de factores, 32.994 personas optaron por \u00e9l el a\u00f1o pasado; 594 de esas ventas se registraron en Bizkaia, donde tambi\u00e9n fue el m\u00e1s demandado. El Sandero se distancia significativamente, con m\u00e1s de diez mil unidades de diferencia, de los dos modelos que lo siguen en el podio virtual espa\u00f1ol (Corolla e Ibiza). Las diferencias son menores a nivel local, donde el Hyundai Tucson fue segundo (477 unidades) y el MG ZS (400) tercero. El Sandero tambi\u00e9n lidera la categor\u00eda de veh\u00edculos de gas, un segmento dominado casi en exclusiva por Dacia y Renault. Dos de cada tres unidades matriculadas (19.068) pueden usar tanto gasolina como GLP (Gas Licuado de Petr\u00f3leo).\n\nTesla lidera el mercado el\u00e9ctrico\n\nTesla Model 3\n\nTesla Model 3\n\n\u00bfQu\u00e9 ocurrir\u00e1? El uso de veh\u00edculos 100% el\u00e9ctricos avanza m\u00e1s lentamente de lo previsto. En los principales mercados europeos, el crecimiento ha sido nulo en 2024. Las ayudas p\u00fablicas han impulsado un aumento de la demanda de el\u00e9ctricos puros del 7% en Espa\u00f1a. El l\u00edder es Tesla, que acapara 16.680 de las 57.374 matriculaciones totales. Su principal argumento es el Model 3, que cerr\u00f3 11.043 operaciones (212 en Bizkaia), seguido del Model Y, con 5.495 unidades (115 aqu\u00ed); el tercer modelo en la lista es el MG4 (2.668 unidades). Tesla vende actualmente \u2013los precios var\u00edan\u2013 un Model 3 b\u00e1sico por 36.500 \u20ac, con 283 CV transmitidos a las ruedas traseras y 513 km de autonom\u00eda te\u00f3rica. Ser\u00e1 interesante observar c\u00f3mo las decisiones de Donald Trump afectan a la marca de Elon Musk, magnate investido como escudero presidencial. Este, nada m\u00e1s asumir el cargo, se ha apresurado a desmarcarse de las pol\u00edticas de lucha contra el cambio clim\u00e1tico, mostrando intenci\u00f3n de perforar Alaska en busca de petr\u00f3leo y anunciando aranceles contra China, pa\u00eds donde Musk fabrica la mitad de sus Teslas.\n\nToyota domina la hibridaci\u00f3n\n\nToyota Corolla\n\nToyota Corolla\n\nAmplia experiencia. La hibridaci\u00f3n sin necesidad de enchufes se perfila como la alternativa preferida por el p\u00fablico a corto o medio plazo. Este m\u00e9todo de propulsi\u00f3n incluye diversas f\u00f3rmulas con distintos grados de electrificaci\u00f3n parcial, desde la microhibridaci\u00f3n hasta la hibridaci\u00f3n convencional. La principal diferencia entre ambas radica en el grado de implicaci\u00f3n del sistema el\u00e9ctrico \u2013y por tanto de la bater\u00eda\u2013 en el avance del veh\u00edculo. La idoneidad de una f\u00f3rmula u otra puede generar dudas en algunos compradores, pero la mayor\u00eda opta por las propuestas de Toyota. La soluci\u00f3n de propulsi\u00f3n h\u00edbrida autorrecargable que propone la marca japonesa convenci\u00f3 a m\u00e1s de cuarenta mil usuarios en 2024, con el Corolla (22.129) y el Yaris Cross (18.335) en primera y segunda posici\u00f3n, respectivamente. El Nissan Qashqai (18.067 unidades) desplaza al C-HR (16.426) del podio, y el Kia Sportage (13.112) relega al Yaris (12.733) a la sexta posici\u00f3n.\n\nEl MB Clase GLC lidera los h\u00edbridos enchufables\n\n\n\n<div style=\"text-align: center; margin: 60px 0 40px 0;\">\n    <img decoding=\"async\" src=\"https:\/\/filmthai.moicaucachep.com\/wp-content\/uploads\/2026\/08\/car_api_20260821_164456_1067_2_optimized.jpg\" alt=\"\" style=\"width: 100%; height: auto; max-width: 600px; border-radius: 8px;\" \/>\n<\/div>\n\n\n\n<div style=\"height:20px\" aria-hidden=\"true\" class=\"wp-block-spacer\"><\/div>\n\n\nMercedes GLC\n\nMercedes GLC\n\nSentido pr\u00e1ctico. La reticencia a usar enchufes que parece tener la clientela no afecta al Clase GLC de Mercedes-Benz, claro dominador de la categor\u00eda de autom\u00f3viles h\u00edbridos enchufables. Sus casi cinco mil matriculaciones (4.988) representan el 8,5% de este segmento. Este registro deja muy atr\u00e1s al Ford Kuga y al Cupra Formentor, seguidos por el Clase GLA y el Hyundai Tucson.\n\nEl Seat Ibiza destaca en gasolina\n\nSeat Ibiza\n\nSeat Ibiza\n\nVeterano al d\u00eda. La presencia de versiones exclusivamente de gasolina est\u00e1 disminuyendo en el mercado, siendo progresivamente sustituidas por alternativas con electrificaci\u00f3n parcial. Sin embargo, el a\u00f1o pasado se vendieron 378.687 unidades con esta tecnolog\u00eda cl\u00e1sica, lo que supuso el 37,2% del total de matriculaciones. El modelo m\u00e1s popular ha sido el Ibiza, con 22.020 clientes (248 en Bizkaia). Le sigue el Arona (20.264 unidades), que adem\u00e1s lidera la categor\u00eda de SUV. La tercera posici\u00f3n la ocupa el MG ZS (19.097 coches).\n\nEl Audi Q3 domina las ventas di\u00e9sel\n\nAudi Q3\n\nAudi Q3\n\nResiliencia premium. El di\u00e9sel, tradicionalmente asociado a veh\u00edculos econ\u00f3micos e incluso profesionales, sobrevive en gran medida gracias al respaldo de marcas pr\u00e9mium que satisfacen a una clientela persistente. Para sorpresa de algunos, el modelo di\u00e9sel m\u00e1s vendido en 2024 es el Audi Q3. Lo han elegido 7.808 personas, dos mil m\u00e1s que las que optaron por el VW Tiguan. M\u00e1s abajo en la lista se encuentran el T-Roc, el BMW X1, el Renault Clio, el MB Clase GLA\u2026\n\nLos 5 modelos de coche preferidos por el p\u00fablico en Espa\u00f1a 2024\n\nEl a\u00f1o 2024 ha marcado un antes y un despu\u00e9s en la selecci\u00f3n de autom\u00f3viles por parte de los consumidores espa\u00f1oles. La demanda se ha inclinado notablemente hacia veh\u00edculos m\u00e1s grandes, robustos y funcionales, rompiendo la hegemon\u00eda de los compactos y asequibles que hab\u00edan dominado el mercado durante a\u00f1os. Esta evoluci\u00f3n refleja un cambio de prioridades en la sociedad, donde la versatilidad, la seguridad y el espacio se han convertido en factores decisivos de compra.\n\nA continuaci\u00f3n, analizamos detalladamente cu\u00e1les han sido los coches m\u00e1s vendidos en Espa\u00f1a durante el pasado a\u00f1o, dividiendo la informaci\u00f3n por categor\u00edas para ofrecer una visi\u00f3n completa de las tendencias del mercado.\n\nDacia Sandero: El campe\u00f3n de la practicidad\n\nEl Dacia Sandero ha mantenido su posici\u00f3n de l\u00edder del mercado espa\u00f1ol por duod\u00e9cimo a\u00f1o consecutivo. Su \u00e9xito se basa en una combinaci\u00f3n de factores que responden directamente a las necesidades de un p\u00fablico pragm\u00e1tico. El Sandero ofrece un producto fiable y duradero a un precio muy competitivo, lo que lo convierte en una opci\u00f3n ideal para aquellos que buscan un coche funcional sin grandes pretensiones.\n\n\n\n<div style=\"text-align: center; margin: 60px 0 40px 0;\">\n    <img decoding=\"async\" src=\"https:\/\/filmthai.moicaucachep.com\/wp-content\/uploads\/2026\/08\/car_api_20260821_164456_3783_3_optimized.jpg\" alt=\"\" style=\"width: 100%; height: auto; max-width: 600px; border-radius: 8px;\" \/>\n<\/div>\n\n\n\n<div style=\"height:20px\" aria-hidden=\"true\" class=\"wp-block-spacer\"><\/div>\n\n\nCaracter\u00edsticas","protected":false},"excerpt":{"rendered":"<p>Los modelos predilectos del p\u00fablico: entre la practicidad y la aspiraci\u00f3n La clientela busca productos solventes y razonables, aunque empiezan a colarse modelos de gama media e incluso marcas con cierto prestigio. Juan \u00c1ngel Mart\u00ednez Bilbao | 27\u00b701\u00b725 | 10:01 Entzun A menudo el veh\u00edculo so\u00f1ado no coincide con el que podemos adquirir. \u00bfYa nos [&hellip;]<\/p>\n","protected":false},"author":1,"featured_media":9725,"comment_status":"closed","ping_status":"closed","sticky":false,"template":"","format":"standard","meta":{"footnotes":""},"categories":[1],"tags":[],"class_list":["post-9729","post","type-post","status-publish","format-standard","has-post-thumbnail","hentry","category-uncategorized"],"yoast_head":"<!-- This site is optimized with the Yoast SEO plugin v27.2 - https:\/\/yoast.com\/product\/yoast-seo-wordpress\/ -->\n<title>N2008009_El General Z\u00fa\u00f1iga Devela a los autores con nombre y apellido quienes a t\u00edtulo de justicia pl4nificar_part2 - filmthai.moicaucachep.com<\/title>\n<meta name=\"robots\" content=\"index, follow, max-snippet:-1, max-image-preview:large, max-video-preview:-1\" \/>\n<link rel=\"canonical\" href=\"https:\/\/filmthai.moicaucachep.com\/?p=9729\" \/>\n<meta property=\"og:locale\" content=\"en_US\" \/>\n<meta property=\"og:type\" content=\"article\" \/>\n<meta property=\"og:title\" content=\"N2008009_El General Z\u00fa\u00f1iga Devela a los autores con nombre y apellido quienes a t\u00edtulo de justicia pl4nificar_part2 - filmthai.moicaucachep.com\" \/>\n<meta property=\"og:description\" content=\"Los modelos predilectos del p\u00fablico: entre la practicidad y la aspiraci\u00f3n La clientela busca productos solventes y razonables, aunque empiezan a colarse modelos de gama media e incluso marcas con cierto prestigio. Juan \u00c1ngel Mart\u00ednez Bilbao | 27\u00b701\u00b725 | 10:01 Entzun A menudo el veh\u00edculo so\u00f1ado no coincide con el que podemos adquirir. \u00bfYa nos [&hellip;]\" \/>\n<meta property=\"og:url\" content=\"https:\/\/filmthai.moicaucachep.com\/?p=9729\" \/>\n<meta property=\"og:site_name\" content=\"filmthai.moicaucachep.com\" \/>\n<meta property=\"article:published_time\" content=\"2026-08-21T09:45:02+00:00\" \/>\n<meta property=\"og:image\" content=\"https:\/\/filmthai.moicaucachep.com\/wp-content\/uploads\/2026\/08\/fb_natural_20260821_164453.jpg\" \/>\n\t<meta property=\"og:image:width\" content=\"1920\" \/>\n\t<meta property=\"og:image:height\" content=\"1080\" \/>\n\t<meta property=\"og:image:type\" content=\"image\/jpeg\" \/>\n<meta name=\"author\" content=\"admin79\" \/>\n<meta name=\"twitter:card\" content=\"summary_large_image\" \/>\n<meta name=\"twitter:label1\" content=\"Written by\" \/>\n\t<meta name=\"twitter:data1\" content=\"admin79\" \/>\n\t<meta name=\"twitter:label2\" content=\"Est. reading time\" \/>\n\t<meta name=\"twitter:data2\" content=\"7 minutes\" \/>\n<script type=\"application\/ld+json\" class=\"yoast-schema-graph\">{\"@context\":\"https:\/\/schema.org\",\"@graph\":[{\"@type\":\"Article\",\"@id\":\"https:\/\/filmthai.moicaucachep.com\/?p=9729#article\",\"isPartOf\":{\"@id\":\"https:\/\/filmthai.moicaucachep.com\/?p=9729\"},\"author\":{\"name\":\"admin79\",\"@id\":\"https:\/\/filmthai.moicaucachep.com\/#\/schema\/person\/96407441b3c4e1f4e9b03285253562c1\"},\"headline\":\"N2008009_El General Z\u00fa\u00f1iga Devela a los autores con nombre y apellido quienes a t\u00edtulo de justicia pl4nificar_part2\",\"datePublished\":\"2026-08-21T09:45:02+00:00\",\"mainEntityOfPage\":{\"@id\":\"https:\/\/filmthai.moicaucachep.com\/?p=9729\"},\"wordCount\":1445,\"image\":{\"@id\":\"https:\/\/filmthai.moicaucachep.com\/?p=9729#primaryimage\"},\"thumbnailUrl\":\"https:\/\/filmthai.moicaucachep.com\/wp-content\/uploads\/2026\/08\/fb_natural_20260821_164453.jpg\",\"inLanguage\":\"en-US\"},{\"@type\":\"WebPage\",\"@id\":\"https:\/\/filmthai.moicaucachep.com\/?p=9729\",\"url\":\"https:\/\/filmthai.moicaucachep.com\/?p=9729\",\"name\":\"N2008009_El General Z\u00fa\u00f1iga Devela a los autores con nombre y apellido quienes a t\u00edtulo de justicia pl4nificar_part2 - filmthai.moicaucachep.com\",\"isPartOf\":{\"@id\":\"https:\/\/filmthai.moicaucachep.com\/#website\"},\"primaryImageOfPage\":{\"@id\":\"https:\/\/filmthai.moicaucachep.com\/?p=9729#primaryimage\"},\"image\":{\"@id\":\"https:\/\/filmthai.moicaucachep.com\/?p=9729#primaryimage\"},\"thumbnailUrl\":\"https:\/\/filmthai.moicaucachep.com\/wp-content\/uploads\/2026\/08\/fb_natural_20260821_164453.jpg\",\"datePublished\":\"2026-08-21T09:45:02+00:00\",\"author\":{\"@id\":\"https:\/\/filmthai.moicaucachep.com\/#\/schema\/person\/96407441b3c4e1f4e9b03285253562c1\"},\"breadcrumb\":{\"@id\":\"https:\/\/filmthai.moicaucachep.com\/?p=9729#breadcrumb\"},\"inLanguage\":\"en-US\",\"potentialAction\":[{\"@type\":\"ReadAction\",\"target\":[\"https:\/\/filmthai.moicaucachep.com\/?p=9729\"]}]},{\"@type\":\"ImageObject\",\"inLanguage\":\"en-US\",\"@id\":\"https:\/\/filmthai.moicaucachep.com\/?p=9729#primaryimage\",\"url\":\"https:\/\/filmthai.moicaucachep.com\/wp-content\/uploads\/2026\/08\/fb_natural_20260821_164453.jpg\",\"contentUrl\":\"https:\/\/filmthai.moicaucachep.com\/wp-content\/uploads\/2026\/08\/fb_natural_20260821_164453.jpg\",\"width\":1920,\"height\":1080},{\"@type\":\"BreadcrumbList\",\"@id\":\"https:\/\/filmthai.moicaucachep.com\/?p=9729#breadcrumb\",\"itemListElement\":[{\"@type\":\"ListItem\",\"position\":1,\"name\":\"Home\",\"item\":\"https:\/\/filmthai.moicaucachep.com\/\"},{\"@type\":\"ListItem\",\"position\":2,\"name\":\"N2008009_El General Z\u00fa\u00f1iga Devela a los autores con nombre y apellido quienes a t\u00edtulo de justicia pl4nificar_part2\"}]},{\"@type\":\"WebSite\",\"@id\":\"https:\/\/filmthai.moicaucachep.com\/#website\",\"url\":\"https:\/\/filmthai.moicaucachep.com\/\",\"name\":\"filmthai.moicaucachep.com\",\"description\":\"\",\"potentialAction\":[{\"@type\":\"SearchAction\",\"target\":{\"@type\":\"EntryPoint\",\"urlTemplate\":\"https:\/\/filmthai.moicaucachep.com\/?s={search_term_string}\"},\"query-input\":{\"@type\":\"PropertyValueSpecification\",\"valueRequired\":true,\"valueName\":\"search_term_string\"}}],\"inLanguage\":\"en-US\"},{\"@type\":\"Person\",\"@id\":\"https:\/\/filmthai.moicaucachep.com\/#\/schema\/person\/96407441b3c4e1f4e9b03285253562c1\",\"name\":\"admin79\",\"image\":{\"@type\":\"ImageObject\",\"inLanguage\":\"en-US\",\"@id\":\"https:\/\/secure.gravatar.com\/avatar\/c07df73f87635fa9e5b07814d09d4e493a5ddc196989004f6090464d1a87c9a6?s=96&d=mm&r=g\",\"url\":\"https:\/\/secure.gravatar.com\/avatar\/c07df73f87635fa9e5b07814d09d4e493a5ddc196989004f6090464d1a87c9a6?s=96&d=mm&r=g\",\"contentUrl\":\"https:\/\/secure.gravatar.com\/avatar\/c07df73f87635fa9e5b07814d09d4e493a5ddc196989004f6090464d1a87c9a6?s=96&d=mm&r=g\",\"caption\":\"admin79\"},\"sameAs\":[\"http:\/\/filmthai.moicaucachep.com\"],\"url\":\"https:\/\/filmthai.moicaucachep.com\/?author=1\"}]}<\/script>\n<!-- \/ Yoast SEO plugin. -->","yoast_head_json":{"title":"N2008009_El General Z\u00fa\u00f1iga Devela a los autores con nombre y apellido quienes a t\u00edtulo de justicia pl4nificar_part2 - filmthai.moicaucachep.com","robots":{"index":"index","follow":"follow","max-snippet":"max-snippet:-1","max-image-preview":"max-image-preview:large","max-video-preview":"max-video-preview:-1"},"canonical":"https:\/\/filmthai.moicaucachep.com\/?p=9729","og_locale":"en_US","og_type":"article","og_title":"N2008009_El General Z\u00fa\u00f1iga Devela a los autores con nombre y apellido quienes a t\u00edtulo de justicia pl4nificar_part2 - filmthai.moicaucachep.com","og_description":"Los modelos predilectos del p\u00fablico: entre la practicidad y la aspiraci\u00f3n La clientela busca productos solventes y razonables, aunque empiezan a colarse modelos de gama media e incluso marcas con cierto prestigio. Juan \u00c1ngel Mart\u00ednez Bilbao | 27\u00b701\u00b725 | 10:01 Entzun A menudo el veh\u00edculo so\u00f1ado no coincide con el que podemos adquirir. \u00bfYa nos [&hellip;]","og_url":"https:\/\/filmthai.moicaucachep.com\/?p=9729","og_site_name":"filmthai.moicaucachep.com","article_published_time":"2026-08-21T09:45:02+00:00","og_image":[{"width":1920,"height":1080,"url":"https:\/\/filmthai.moicaucachep.com\/wp-content\/uploads\/2026\/08\/fb_natural_20260821_164453.jpg","type":"image\/jpeg"}],"author":"admin79","twitter_card":"summary_large_image","twitter_misc":{"Written by":"admin79","Est. reading time":"7 minutes"},"schema":{"@context":"https:\/\/schema.org","@graph":[{"@type":"Article","@id":"https:\/\/filmthai.moicaucachep.com\/?p=9729#article","isPartOf":{"@id":"https:\/\/filmthai.moicaucachep.com\/?p=9729"},"author":{"name":"admin79","@id":"https:\/\/filmthai.moicaucachep.com\/#\/schema\/person\/96407441b3c4e1f4e9b03285253562c1"},"headline":"N2008009_El General Z\u00fa\u00f1iga Devela a los autores con nombre y apellido quienes a t\u00edtulo de justicia pl4nificar_part2","datePublished":"2026-08-21T09:45:02+00:00","mainEntityOfPage":{"@id":"https:\/\/filmthai.moicaucachep.com\/?p=9729"},"wordCount":1445,"image":{"@id":"https:\/\/filmthai.moicaucachep.com\/?p=9729#primaryimage"},"thumbnailUrl":"https:\/\/filmthai.moicaucachep.com\/wp-content\/uploads\/2026\/08\/fb_natural_20260821_164453.jpg","inLanguage":"en-US"},{"@type":"WebPage","@id":"https:\/\/filmthai.moicaucachep.com\/?p=9729","url":"https:\/\/filmthai.moicaucachep.com\/?p=9729","name":"N2008009_El General Z\u00fa\u00f1iga Devela a los autores con nombre y apellido quienes a t\u00edtulo de justicia pl4nificar_part2 - filmthai.moicaucachep.com","isPartOf":{"@id":"https:\/\/filmthai.moicaucachep.com\/#website"},"primaryImageOfPage":{"@id":"https:\/\/filmthai.moicaucachep.com\/?p=9729#primaryimage"},"image":{"@id":"https:\/\/filmthai.moicaucachep.com\/?p=9729#primaryimage"},"thumbnailUrl":"https:\/\/filmthai.moicaucachep.com\/wp-content\/uploads\/2026\/08\/fb_natural_20260821_164453.jpg","datePublished":"2026-08-21T09:45:02+00:00","author":{"@id":"https:\/\/filmthai.moicaucachep.com\/#\/schema\/person\/96407441b3c4e1f4e9b03285253562c1"},"breadcrumb":{"@id":"https:\/\/filmthai.moicaucachep.com\/?p=9729#breadcrumb"},"inLanguage":"en-US","potentialAction":[{"@type":"ReadAction","target":["https:\/\/filmthai.moicaucachep.com\/?p=9729"]}]},{"@type":"ImageObject","inLanguage":"en-US","@id":"https:\/\/filmthai.moicaucachep.com\/?p=9729#primaryimage","url":"https:\/\/filmthai.moicaucachep.com\/wp-content\/uploads\/2026\/08\/fb_natural_20260821_164453.jpg","contentUrl":"https:\/\/filmthai.moicaucachep.com\/wp-content\/uploads\/2026\/08\/fb_natural_20260821_164453.jpg","width":1920,"height":1080},{"@type":"BreadcrumbList","@id":"https:\/\/filmthai.moicaucachep.com\/?p=9729#breadcrumb","itemListElement":[{"@type":"ListItem","position":1,"name":"Home","item":"https:\/\/filmthai.moicaucachep.com\/"},{"@type":"ListItem","position":2,"name":"N2008009_El General Z\u00fa\u00f1iga Devela a los autores con nombre y apellido quienes a t\u00edtulo de justicia pl4nificar_part2"}]},{"@type":"WebSite","@id":"https:\/\/filmthai.moicaucachep.com\/#website","url":"https:\/\/filmthai.moicaucachep.com\/","name":"filmthai.moicaucachep.com","description":"","potentialAction":[{"@type":"SearchAction","target":{"@type":"EntryPoint","urlTemplate":"https:\/\/filmthai.moicaucachep.com\/?s={search_term_string}"},"query-input":{"@type":"PropertyValueSpecification","valueRequired":true,"valueName":"search_term_string"}}],"inLanguage":"en-US"},{"@type":"Person","@id":"https:\/\/filmthai.moicaucachep.com\/#\/schema\/person\/96407441b3c4e1f4e9b03285253562c1","name":"admin79","image":{"@type":"ImageObject","inLanguage":"en-US","@id":"https:\/\/secure.gravatar.com\/avatar\/c07df73f87635fa9e5b07814d09d4e493a5ddc196989004f6090464d1a87c9a6?s=96&d=mm&r=g","url":"https:\/\/secure.gravatar.com\/avatar\/c07df73f87635fa9e5b07814d09d4e493a5ddc196989004f6090464d1a87c9a6?s=96&d=mm&r=g","contentUrl":"https:\/\/secure.gravatar.com\/avatar\/c07df73f87635fa9e5b07814d09d4e493a5ddc196989004f6090464d1a87c9a6?s=96&d=mm&r=g","caption":"admin79"},"sameAs":["http:\/\/filmthai.moicaucachep.com"],"url":"https:\/\/filmthai.moicaucachep.com\/?author=1"}]}},"_links":{"self":[{"href":"https:\/\/filmthai.moicaucachep.com\/index.php?rest_route=\/wp\/v2\/posts\/9729","targetHints":{"allow":["GET"]}}],"collection":[{"href":"https:\/\/filmthai.moicaucachep.com\/index.php?rest_route=\/wp\/v2\/posts"}],"about":[{"href":"https:\/\/filmthai.moicaucachep.com\/index.php?rest_route=\/wp\/v2\/types\/post"}],"author":[{"embeddable":true,"href":"https:\/\/filmthai.moicaucachep.com\/index.php?rest_route=\/wp\/v2\/users\/1"}],"replies":[{"embeddable":true,"href":"https:\/\/filmthai.moicaucachep.com\/index.php?rest_route=%2Fwp%2Fv2%2Fcomments&post=9729"}],"version-history":[{"count":1,"href":"https:\/\/filmthai.moicaucachep.com\/index.php?rest_route=\/wp\/v2\/posts\/9729\/revisions"}],"predecessor-version":[{"id":9730,"href":"https:\/\/filmthai.moicaucachep.com\/index.php?rest_route=\/wp\/v2\/posts\/9729\/revisions\/9730"}],"wp:featuredmedia":[{"embeddable":true,"href":"https:\/\/filmthai.moicaucachep.com\/index.php?rest_route=\/wp\/v2\/media\/9725"}],"wp:attachment":[{"href":"https:\/\/filmthai.moicaucachep.com\/index.php?rest_route=%2Fwp%2Fv2%2Fmedia&parent=9729"}],"wp:term":[{"taxonomy":"category","embeddable":true,"href":"https:\/\/filmthai.moicaucachep.com\/index.php?rest_route=%2Fwp%2Fv2%2Fcategories&post=9729"},{"taxonomy":"post_tag","embeddable":true,"href":"https:\/\/filmthai.moicaucachep.com\/index.php?rest_route=%2Fwp%2Fv2%2Ftags&post=9729"}],"curies":[{"name":"wp","href":"https:\/\/api.w.org\/{rel}","templated":true}]}}