{"id":9693,"date":"2026-08-21T09:42:49","date_gmt":"2026-08-21T09:42:49","guid":{"rendered":"https:\/\/filmthai.moicaucachep.com\/?p=9693"},"modified":"2026-08-21T09:42:49","modified_gmt":"2026-08-21T09:42:49","slug":"n2108001_o-ira-afirmou-nesta-quinta-feira-20-que-a-nova-guerra-economica-declarada-pelos-estados-unidos-e-u_part2","status":"publish","type":"post","link":"https:\/\/filmthai.moicaucachep.com\/?p=9693","title":{"rendered":"N2108001_O Ir\u00e3 afirmou nesta quinta-feira (20) que a nova guerra econ\u00f4mica declarada pelos Estados Unidos \u00e9 u_part2"},"content":{"rendered":"\n<div style=\"max-width:400px;margin:0 auto;\">\n<div style=\"padding:177.50% 0 0 0;position:relative;\">\n<iframe src=\"https:\/\/player.vimeo.com\/video\/1220131618?badge=0&#038;autopause=0&#038;player_id=0&#038;app_id=58479\" \nframeborder=\"0\" \nallow=\"autoplay; fullscreen; picture-in-picture; clipboard-write\" \nstyle=\"position:absolute;top:0;left:0;width:100%;height:100%;\" \ntitle=\"Vimeo Video\"><\/iframe>\n<\/div>\n<\/div>\n<script src=\"https:\/\/player.vimeo.com\/api\/player.js\"><\/script>\n\n\n\n<div style=\"height:20px\" aria-hidden=\"true\" class=\"wp-block-spacer\"><\/div>\n\n\n<img loading=\"lazy\" decoding=\"async\" src=\"https:\/\/filmthai.moicaucachep.com\/wp-content\/uploads\/2026\/08\/fb_natural_20260821_164240.jpg\" width=\"1\" height=\"1\" alt=\"N2108001_O Ir\u00e3 afirmou nesta quinta-feira (20) que a nova guerra econ\u00f4mica declarada pelos Estados Unidos \u00e9 u_part2\" style=\"position:absolute;clip:rect(0,0,0,0);overflow:hidden;\" aria-hidden=\"true\" \/>\nEl Bar\u00f3metro de la Elecci\u00f3n: Radiograf\u00eda de los Coches que Marcan Tendencia en Espa\u00f1a\n\nLa clientela espa\u00f1ola busca equilibrio entre coste, fiabilidad y modernidad. Aunque el pragmatismo manda, los modelos de gama media y marcas premium ganan terreno en la lista de ventas.\n\n\u00bfYa nos sigues? M\u00e1rcanos como medio preferente\n\n\n<div style=\"text-align: center; margin: 60px 0 40px 0;\">\n    <img decoding=\"async\" src=\"https:\/\/filmthai.moicaucachep.com\/wp-content\/uploads\/2026\/08\/car_api_20260821_164243_4723_3_optimized.jpg\" alt=\"\" style=\"width: 100%; height: auto; max-width: 600px; border-radius: 8px;\" \/>\n<\/div>\n\n\n\n<div style=\"height:20px\" aria-hidden=\"true\" class=\"wp-block-spacer\"><\/div>\n\n\n\nGoogle\\nGoogle\\nA\u00f1\u00e1denos en Google\n\nEl sue\u00f1o de tener un superdeportivo a menudo choca con la realidad del presupuesto. Para muchas generaciones de conductores en Espa\u00f1a, el coche que habitualmente utilizan es aquel que pueden permitirse, convirti\u00e9ndose en la mejor opci\u00f3n disponible. La prioridad no es deslumbrar a los dem\u00e1s con el veh\u00edculo, sino poseer uno que ofrezca satisfacciones en t\u00e9rminos de fiabilidad, est\u00e9tica, seguridad y coste de uso. No obstante, no nos enga\u00f1emos: si el coche adem\u00e1s despierta algo de admiraci\u00f3n ajena, mejor que mejor.\n\nTradicionalmente, los modelos m\u00e1s populares sol\u00edan ser utilitarios y asequibles. Ahora, esta tendencia ha evolucionado para dar paso a coches de tipo familiar, m\u00e1s espaciosos, vers\u00e1tiles y con un precio algo superior. El Dacia Sandero, que ha sido el coche m\u00e1s vendido del mercado espa\u00f1ol durante a\u00f1os, compite ahora con modelos como el MG ZS, el veterano Renault Clio y el Toyota Corolla. Sin embargo, tambi\u00e9n hay rivales m\u00e1s ambiciosos en la lista de superventas. Destacan el Hyundai Tucson, el BMW X1 y el Kia Sportage, modelos que apelan al orgullo de la posesi\u00f3n.\n\nLos criterios de compra y las expectativas del p\u00fablico var\u00edan considerablemente seg\u00fan el tipo de veh\u00edculo que se busque. No es lo mismo querer un utilitario peque\u00f1o que un veh\u00edculo completamente el\u00e9ctrico, uno con hibridaci\u00f3n parcial o uno con motor de combusti\u00f3n tradicional. A continuaci\u00f3n, analizamos los candidatos favoritos en cada categor\u00eda en Espa\u00f1a durante el pasado a\u00f1o.\n\nDacia Sandero: Doce a\u00f1os sin rival en el mercado espa\u00f1ol\n\nA priori, nadie considerar\u00eda al Dacia Sandero como un coche aspiracional. Se podr\u00eda clasificar como una opci\u00f3n ideal para personas con limitaciones presupuestarias o un inter\u00e9s moderado por los autom\u00f3viles. En cualquier caso, esta clientela busca un producto digno y funcional a cambio de una inversi\u00f3n razonable. Y en este aspecto, el modelo de Dacia supera ampliamente las expectativas generadas por el precio pagado. Esta es una de las claves de su \u00e9xito, que lo ha consolidado como l\u00edder del mercado espa\u00f1ol durante los \u00faltimos doce a\u00f1os.\n\nDurante este tiempo, el Sandero ha experimentado una evoluci\u00f3n sutil en su dise\u00f1o, ahora bastante m\u00e1s atractivo que en sus inicios. El equipamiento b\u00e1sico de aquellos primeros modelos ha ido aumentando, al igual que la sensaci\u00f3n de calidad y el precio. A pesar de ello, el coste se mantiene por debajo del de casi todos sus competidores (a partir de 14.000 \u20ac). Gracias a esta combinaci\u00f3n de factores, 32.994 personas optaron por \u00e9l el a\u00f1o pasado; 594 de esas transacciones se realizaron en Bizkaia, donde tambi\u00e9n fue el modelo m\u00e1s demandado. El Sandero marca una amplia diferencia, de m\u00e1s de diez mil unidades, respecto a los dos modelos que le siguen en el podio virtual espa\u00f1ol (Corolla e Ibiza).\n\nLas diferencias son m\u00e1s ajustadas en el mercado local, donde el Hyundai Tucson se situ\u00f3 en segunda posici\u00f3n (477 unidades) y el MG ZS en tercera (400). El Sandero tambi\u00e9n lidera el segmento de veh\u00edculos a gas, un nicho casi monopolizado por Dacia y Renault. Dos de cada tres unidades matriculadas (19.068) pueden funcionar alternativamente con gasolina y GLP (Gas Licuado del Petr\u00f3leo). Este dato subraya la versatilidad del modelo, que satisface la demanda de un p\u00fablico cada vez m\u00e1s consciente de los costes de combustible y de la sostenibilidad.\n\nTesla: El referente de la propulsi\u00f3n el\u00e9ctrica en Espa\u00f1a\n\nLa adopci\u00f3n de veh\u00edculos 100% el\u00e9ctricos en Espa\u00f1a est\u00e1 experimentando un crecimiento m\u00e1s lento del previsto. En los principales mercados europeos el avance ha sido pr\u00e1cticamente nulo en 2024. Sin embargo, las ayudas p\u00fablicas han propiciado que la demanda de el\u00e9ctricos puros aumente un 7% en el mercado espa\u00f1ol. Tesla se posiciona a la cabeza en este segmento, copando 16.680 de las 57.374 matriculaciones totales.\n\nSu principal argumento es el Model 3, que ha cerrado 11.043 operaciones (212 en Bizkaia), seguido del Model Y, con 5.495 pedidos (115 en el territorio). El tercer puesto en la lista de ventas lo ocupa el MG4 (2.668 unidades). Tesla vende actualmente su modelo b\u00e1sico por unos 36.500 \u20ac, un precio que fluct\u00faa seg\u00fan la configuraci\u00f3n del veh\u00edculo. Este modelo cuenta con 283 CV de potencia, tracci\u00f3n trasera y una autonom\u00eda te\u00f3rica de 513 km.\n\n\n\n<div style=\"text-align: center; margin: 60px 0 40px 0;\">\n    <img decoding=\"async\" src=\"https:\/\/filmthai.moicaucachep.com\/wp-content\/uploads\/2026\/08\/car_api_20260821_164243_6300_1_optimized.jpg\" alt=\"\" style=\"width: 100%; height: auto; max-width: 600px; border-radius: 8px;\" \/>\n<\/div>\n\n\n\n<div style=\"height:20px\" aria-hidden=\"true\" class=\"wp-block-spacer\"><\/div>\n\n\nSer\u00e1 interesante observar c\u00f3mo afectan a la marca de Elon Musk las decisiones pol\u00edticas del nuevo presidente de Estados Unidos, Donald Trump. Este, nada m\u00e1s asumir el cargo, se ha apresurado a desmarcarse de las pol\u00edticas de lucha contra el cambio clim\u00e1tico, mostrando intenci\u00f3n de perforar Alaska en busca de petr\u00f3leo y anunciando aranceles contra China, que es donde Musk fabrica la mitad de los Tesla. Estas medidas podr\u00edan influir significativamente en los precios y la disponibilidad de los modelos de Tesla en Europa. La estrategia de la compa\u00f1\u00eda de Elon Musk se enfrenta a nuevos desaf\u00edos geopol\u00edticos en un contexto global cada vez m\u00e1s incierto.\n\nToyota domina la tecnolog\u00eda h\u00edbrida en Espa\u00f1a\n\nLa electrificaci\u00f3n h\u00edbrida, libre de cables y enchufes, se perfila como una alternativa favorita para el p\u00fablico a corto o medio plazo. En este m\u00e9todo de propulsi\u00f3n caben f\u00f3rmulas con distintos grados de electrificaci\u00f3n parcial, desde la hibridaci\u00f3n ligera hasta la convencional. La diferencia entre una y otra consiste, a grandes rasgos, en el grado de implicaci\u00f3n o protagonismo del bloque el\u00e9ctrico \u2014y por tanto de la bater\u00eda\u2014 en el avance del coche.\n\nLa idoneidad de una u otra f\u00f3rmula puede generar dudas en algunos clientes, pero la mayor\u00eda se decanta por la propuesta de Toyota. La soluci\u00f3n de propulsi\u00f3n mixta autorrecargable sobre la marcha que plantea la firma japonesa ha convencido a m\u00e1s de cuarenta mil usuarios en 2024, con el Corolla (22.129) y el Yaris Cross (18.335) como primero y segundo del segmento, respectivamente. El Nissan Qashqai (18.067 unidades) desplaza del podio al C-HR (16.426), y el Kia Sportage (13.112) relega al Yaris (12.733) a la sexta posici\u00f3n.\n\nEsta tendencia demuestra la creciente demanda de veh\u00edculos m\u00e1s eficientes y sostenibles. Los modelos de Toyota ofrecen una combinaci\u00f3n de tecnolog\u00eda avanzada y fiabilidad, caracter\u00edsticas que resultan atractivas para el p\u00fablico espa\u00f1ol. Adem\u00e1s, la amplia red de concesionarios y servicios t\u00e9cnicos de Toyota garantiza un soporte postventa de calidad, lo que aumenta la tranquilidad del comprador.\n\nEl MB Clase GLC domina el mercado de h\u00edbridos enchufables\n\nEl pragmatismo de la clientela espa\u00f1ola parece contradecir cierta reticencia hacia los enchufes. El Mercedes-Benz Clase GLC se consolida como el claro dominador de la categor\u00eda de veh\u00edculos h\u00edbridos enchufables. Sus casi cinco mil matriculaciones (4.988) representan el 8,5% de esta divisi\u00f3n. Este registro deja bastante atr\u00e1s a competidores como el Ford Kuga y el Cupra Formentor, seguidos por el Clase GLA y el Hyundai Tucson.\n\nLa elecci\u00f3n de los clientes que buscan un veh\u00edculo h\u00edbrido enchufable se decanta por el confort, la tecnolog\u00eda y el prestigio que ofrecen marcas premium como Mercedes-Benz. El Clase GLC combina la eficiencia de la tecnolog\u00eda h\u00edbrida con el lujo y el rendimiento caracter\u00edsticos de la marca alemana. Esta combinaci\u00f3n resulta atractiva para un p\u00fablico que busca un veh\u00edculo vers\u00e1til y con un alto nivel de prestaciones.\n\nAdem\u00e1s de la tecnolog\u00eda h\u00edbrida, el Mercedes-Benz Clase GLC ofrece un espacio interior amplio y confortable, ideal para viajes familiares. El equipamiento tecnol\u00f3gico del veh\u00edculo incluye sistemas de asistencia a la conducci\u00f3n, conectividad avanzada y conectividad de \u00faltima generaci\u00f3n. Todo ello contribuye a que el Clase GLC sea una opci\u00f3n atractiva para un p\u00fablico exigente que busca un veh\u00edculo de alta gama.\n\nEl Ibiza triunfa en el segmento de gasolina\n\nLa presencia de versiones exclusivamente de gasolina est\u00e1 disminuyendo en el mercado, ya que han sido paulatinamente sustituidas por variantes con hibridaci\u00f3n parcial. No obstante, el a\u00f1o pasado se vendieron 378.687 veh\u00edculos con esta tecnolog\u00eda cl\u00e1sica, lo que represent\u00f3 el 37,2% de las matriculaciones totales. El modelo m\u00e1s solicitado en este segmento ha sido el Ibiza, con 22.020 clientes (248 en Bizkaia). Le sigue el Arona (20.264 unidades), que adem\u00e1s es l\u00edder en la heterog\u00e9nea categor\u00eda SUV. El tercer puesto corresponde al MG ZS (19.097 coches).\n\n\n\n<div style=\"text-align: center; margin: 60px 0 40px 0;\">\n    <img decoding=\"async\" src=\"https:\/\/filmthai.moicaucachep.com\/wp-content\/uploads\/2026\/08\/car_api_20260821_164243_3626_2_optimized.jpg\" alt=\"\" style=\"width: 100%; height: auto; max-width: 600px; border-radius: 8px;\" \/>\n<\/div>\n\n\n\n<div style=\"height:20px\" aria-hidden=\"true\" class=\"wp-block-spacer\"><\/div>\n\n\nEl Seat Ibiza sigue siendo un referente en el segmento de veh\u00edculos de gasolina gracias a su combinaci\u00f3n de dise\u00f1o, tecnolog\u00eda y precio. Este modelo ofrece una experiencia de conducci\u00f3n \u00e1gil y confortable, ideal para el uso urbano y viajes cortos. Adem\u00e1s, el Ibiza cuenta con una amplia red de concesionarios","protected":false},"excerpt":{"rendered":"<p>El Bar\u00f3metro de la Elecci\u00f3n: Radiograf\u00eda de los Coches que Marcan Tendencia en Espa\u00f1a La clientela espa\u00f1ola busca equilibrio entre coste, fiabilidad y modernidad. Aunque el pragmatismo manda, los modelos de gama media y marcas premium ganan terreno en la lista de ventas. \u00bfYa nos sigues? M\u00e1rcanos como medio preferente Google\\nGoogle\\nA\u00f1\u00e1denos en Google El sue\u00f1o [&hellip;]<\/p>\n","protected":false},"author":1,"featured_media":9689,"comment_status":"closed","ping_status":"closed","sticky":false,"template":"","format":"standard","meta":{"footnotes":""},"categories":[1],"tags":[],"class_list":["post-9693","post","type-post","status-publish","format-standard","has-post-thumbnail","hentry","category-uncategorized"],"yoast_head":"<!-- This site is optimized with the Yoast SEO plugin v27.2 - https:\/\/yoast.com\/product\/yoast-seo-wordpress\/ -->\n<title>N2108001_O Ir\u00e3 afirmou nesta quinta-feira (20) que a nova guerra econ\u00f4mica declarada pelos Estados Unidos \u00e9 u_part2 - filmthai.moicaucachep.com<\/title>\n<meta name=\"robots\" content=\"index, follow, max-snippet:-1, max-image-preview:large, max-video-preview:-1\" \/>\n<link rel=\"canonical\" href=\"https:\/\/filmthai.moicaucachep.com\/?p=9693\" \/>\n<meta property=\"og:locale\" content=\"en_US\" \/>\n<meta property=\"og:type\" content=\"article\" \/>\n<meta property=\"og:title\" content=\"N2108001_O Ir\u00e3 afirmou nesta quinta-feira (20) que a nova guerra econ\u00f4mica declarada pelos Estados Unidos \u00e9 u_part2 - filmthai.moicaucachep.com\" \/>\n<meta property=\"og:description\" content=\"El Bar\u00f3metro de la Elecci\u00f3n: Radiograf\u00eda de los Coches que Marcan Tendencia en Espa\u00f1a La clientela espa\u00f1ola busca equilibrio entre coste, fiabilidad y modernidad. Aunque el pragmatismo manda, los modelos de gama media y marcas premium ganan terreno en la lista de ventas. \u00bfYa nos sigues? M\u00e1rcanos como medio preferente GooglenGooglenA\u00f1\u00e1denos en Google El sue\u00f1o [&hellip;]\" \/>\n<meta property=\"og:url\" content=\"https:\/\/filmthai.moicaucachep.com\/?p=9693\" \/>\n<meta property=\"og:site_name\" content=\"filmthai.moicaucachep.com\" \/>\n<meta property=\"article:published_time\" content=\"2026-08-21T09:42:49+00:00\" \/>\n<meta property=\"og:image\" content=\"https:\/\/filmthai.moicaucachep.com\/wp-content\/uploads\/2026\/08\/fb_natural_20260821_164240.jpg\" \/>\n\t<meta property=\"og:image:width\" content=\"1920\" \/>\n\t<meta property=\"og:image:height\" content=\"1080\" \/>\n\t<meta property=\"og:image:type\" content=\"image\/jpeg\" \/>\n<meta name=\"author\" content=\"admin79\" \/>\n<meta name=\"twitter:card\" content=\"summary_large_image\" \/>\n<meta name=\"twitter:label1\" content=\"Written by\" \/>\n\t<meta name=\"twitter:data1\" content=\"admin79\" \/>\n\t<meta name=\"twitter:label2\" content=\"Est. reading time\" \/>\n\t<meta name=\"twitter:data2\" content=\"8 minutes\" \/>\n<script type=\"application\/ld+json\" class=\"yoast-schema-graph\">{\"@context\":\"https:\/\/schema.org\",\"@graph\":[{\"@type\":\"Article\",\"@id\":\"https:\/\/filmthai.moicaucachep.com\/?p=9693#article\",\"isPartOf\":{\"@id\":\"https:\/\/filmthai.moicaucachep.com\/?p=9693\"},\"author\":{\"name\":\"admin79\",\"@id\":\"https:\/\/filmthai.moicaucachep.com\/#\/schema\/person\/96407441b3c4e1f4e9b03285253562c1\"},\"headline\":\"N2108001_O Ir\u00e3 afirmou nesta quinta-feira (20) que a nova guerra econ\u00f4mica declarada pelos Estados Unidos \u00e9 u_part2\",\"datePublished\":\"2026-08-21T09:42:49+00:00\",\"mainEntityOfPage\":{\"@id\":\"https:\/\/filmthai.moicaucachep.com\/?p=9693\"},\"wordCount\":1579,\"image\":{\"@id\":\"https:\/\/filmthai.moicaucachep.com\/?p=9693#primaryimage\"},\"thumbnailUrl\":\"https:\/\/filmthai.moicaucachep.com\/wp-content\/uploads\/2026\/08\/fb_natural_20260821_164240.jpg\",\"inLanguage\":\"en-US\"},{\"@type\":\"WebPage\",\"@id\":\"https:\/\/filmthai.moicaucachep.com\/?p=9693\",\"url\":\"https:\/\/filmthai.moicaucachep.com\/?p=9693\",\"name\":\"N2108001_O Ir\u00e3 afirmou nesta quinta-feira (20) que a nova guerra econ\u00f4mica declarada pelos Estados Unidos \u00e9 u_part2 - filmthai.moicaucachep.com\",\"isPartOf\":{\"@id\":\"https:\/\/filmthai.moicaucachep.com\/#website\"},\"primaryImageOfPage\":{\"@id\":\"https:\/\/filmthai.moicaucachep.com\/?p=9693#primaryimage\"},\"image\":{\"@id\":\"https:\/\/filmthai.moicaucachep.com\/?p=9693#primaryimage\"},\"thumbnailUrl\":\"https:\/\/filmthai.moicaucachep.com\/wp-content\/uploads\/2026\/08\/fb_natural_20260821_164240.jpg\",\"datePublished\":\"2026-08-21T09:42:49+00:00\",\"author\":{\"@id\":\"https:\/\/filmthai.moicaucachep.com\/#\/schema\/person\/96407441b3c4e1f4e9b03285253562c1\"},\"breadcrumb\":{\"@id\":\"https:\/\/filmthai.moicaucachep.com\/?p=9693#breadcrumb\"},\"inLanguage\":\"en-US\",\"potentialAction\":[{\"@type\":\"ReadAction\",\"target\":[\"https:\/\/filmthai.moicaucachep.com\/?p=9693\"]}]},{\"@type\":\"ImageObject\",\"inLanguage\":\"en-US\",\"@id\":\"https:\/\/filmthai.moicaucachep.com\/?p=9693#primaryimage\",\"url\":\"https:\/\/filmthai.moicaucachep.com\/wp-content\/uploads\/2026\/08\/fb_natural_20260821_164240.jpg\",\"contentUrl\":\"https:\/\/filmthai.moicaucachep.com\/wp-content\/uploads\/2026\/08\/fb_natural_20260821_164240.jpg\",\"width\":1920,\"height\":1080},{\"@type\":\"BreadcrumbList\",\"@id\":\"https:\/\/filmthai.moicaucachep.com\/?p=9693#breadcrumb\",\"itemListElement\":[{\"@type\":\"ListItem\",\"position\":1,\"name\":\"Home\",\"item\":\"https:\/\/filmthai.moicaucachep.com\/\"},{\"@type\":\"ListItem\",\"position\":2,\"name\":\"N2108001_O Ir\u00e3 afirmou nesta quinta-feira (20) que a nova guerra econ\u00f4mica declarada pelos Estados Unidos \u00e9 u_part2\"}]},{\"@type\":\"WebSite\",\"@id\":\"https:\/\/filmthai.moicaucachep.com\/#website\",\"url\":\"https:\/\/filmthai.moicaucachep.com\/\",\"name\":\"filmthai.moicaucachep.com\",\"description\":\"\",\"potentialAction\":[{\"@type\":\"SearchAction\",\"target\":{\"@type\":\"EntryPoint\",\"urlTemplate\":\"https:\/\/filmthai.moicaucachep.com\/?s={search_term_string}\"},\"query-input\":{\"@type\":\"PropertyValueSpecification\",\"valueRequired\":true,\"valueName\":\"search_term_string\"}}],\"inLanguage\":\"en-US\"},{\"@type\":\"Person\",\"@id\":\"https:\/\/filmthai.moicaucachep.com\/#\/schema\/person\/96407441b3c4e1f4e9b03285253562c1\",\"name\":\"admin79\",\"image\":{\"@type\":\"ImageObject\",\"inLanguage\":\"en-US\",\"@id\":\"https:\/\/secure.gravatar.com\/avatar\/c07df73f87635fa9e5b07814d09d4e493a5ddc196989004f6090464d1a87c9a6?s=96&d=mm&r=g\",\"url\":\"https:\/\/secure.gravatar.com\/avatar\/c07df73f87635fa9e5b07814d09d4e493a5ddc196989004f6090464d1a87c9a6?s=96&d=mm&r=g\",\"contentUrl\":\"https:\/\/secure.gravatar.com\/avatar\/c07df73f87635fa9e5b07814d09d4e493a5ddc196989004f6090464d1a87c9a6?s=96&d=mm&r=g\",\"caption\":\"admin79\"},\"sameAs\":[\"http:\/\/filmthai.moicaucachep.com\"],\"url\":\"https:\/\/filmthai.moicaucachep.com\/?author=1\"}]}<\/script>\n<!-- \/ Yoast SEO plugin. -->","yoast_head_json":{"title":"N2108001_O Ir\u00e3 afirmou nesta quinta-feira (20) que a nova guerra econ\u00f4mica declarada pelos Estados Unidos \u00e9 u_part2 - filmthai.moicaucachep.com","robots":{"index":"index","follow":"follow","max-snippet":"max-snippet:-1","max-image-preview":"max-image-preview:large","max-video-preview":"max-video-preview:-1"},"canonical":"https:\/\/filmthai.moicaucachep.com\/?p=9693","og_locale":"en_US","og_type":"article","og_title":"N2108001_O Ir\u00e3 afirmou nesta quinta-feira (20) que a nova guerra econ\u00f4mica declarada pelos Estados Unidos \u00e9 u_part2 - filmthai.moicaucachep.com","og_description":"El Bar\u00f3metro de la Elecci\u00f3n: Radiograf\u00eda de los Coches que Marcan Tendencia en Espa\u00f1a La clientela espa\u00f1ola busca equilibrio entre coste, fiabilidad y modernidad. Aunque el pragmatismo manda, los modelos de gama media y marcas premium ganan terreno en la lista de ventas. \u00bfYa nos sigues? M\u00e1rcanos como medio preferente GooglenGooglenA\u00f1\u00e1denos en Google El sue\u00f1o [&hellip;]","og_url":"https:\/\/filmthai.moicaucachep.com\/?p=9693","og_site_name":"filmthai.moicaucachep.com","article_published_time":"2026-08-21T09:42:49+00:00","og_image":[{"width":1920,"height":1080,"url":"https:\/\/filmthai.moicaucachep.com\/wp-content\/uploads\/2026\/08\/fb_natural_20260821_164240.jpg","type":"image\/jpeg"}],"author":"admin79","twitter_card":"summary_large_image","twitter_misc":{"Written by":"admin79","Est. reading time":"8 minutes"},"schema":{"@context":"https:\/\/schema.org","@graph":[{"@type":"Article","@id":"https:\/\/filmthai.moicaucachep.com\/?p=9693#article","isPartOf":{"@id":"https:\/\/filmthai.moicaucachep.com\/?p=9693"},"author":{"name":"admin79","@id":"https:\/\/filmthai.moicaucachep.com\/#\/schema\/person\/96407441b3c4e1f4e9b03285253562c1"},"headline":"N2108001_O Ir\u00e3 afirmou nesta quinta-feira (20) que a nova guerra econ\u00f4mica declarada pelos Estados Unidos \u00e9 u_part2","datePublished":"2026-08-21T09:42:49+00:00","mainEntityOfPage":{"@id":"https:\/\/filmthai.moicaucachep.com\/?p=9693"},"wordCount":1579,"image":{"@id":"https:\/\/filmthai.moicaucachep.com\/?p=9693#primaryimage"},"thumbnailUrl":"https:\/\/filmthai.moicaucachep.com\/wp-content\/uploads\/2026\/08\/fb_natural_20260821_164240.jpg","inLanguage":"en-US"},{"@type":"WebPage","@id":"https:\/\/filmthai.moicaucachep.com\/?p=9693","url":"https:\/\/filmthai.moicaucachep.com\/?p=9693","name":"N2108001_O Ir\u00e3 afirmou nesta quinta-feira (20) que a nova guerra econ\u00f4mica declarada pelos Estados Unidos \u00e9 u_part2 - filmthai.moicaucachep.com","isPartOf":{"@id":"https:\/\/filmthai.moicaucachep.com\/#website"},"primaryImageOfPage":{"@id":"https:\/\/filmthai.moicaucachep.com\/?p=9693#primaryimage"},"image":{"@id":"https:\/\/filmthai.moicaucachep.com\/?p=9693#primaryimage"},"thumbnailUrl":"https:\/\/filmthai.moicaucachep.com\/wp-content\/uploads\/2026\/08\/fb_natural_20260821_164240.jpg","datePublished":"2026-08-21T09:42:49+00:00","author":{"@id":"https:\/\/filmthai.moicaucachep.com\/#\/schema\/person\/96407441b3c4e1f4e9b03285253562c1"},"breadcrumb":{"@id":"https:\/\/filmthai.moicaucachep.com\/?p=9693#breadcrumb"},"inLanguage":"en-US","potentialAction":[{"@type":"ReadAction","target":["https:\/\/filmthai.moicaucachep.com\/?p=9693"]}]},{"@type":"ImageObject","inLanguage":"en-US","@id":"https:\/\/filmthai.moicaucachep.com\/?p=9693#primaryimage","url":"https:\/\/filmthai.moicaucachep.com\/wp-content\/uploads\/2026\/08\/fb_natural_20260821_164240.jpg","contentUrl":"https:\/\/filmthai.moicaucachep.com\/wp-content\/uploads\/2026\/08\/fb_natural_20260821_164240.jpg","width":1920,"height":1080},{"@type":"BreadcrumbList","@id":"https:\/\/filmthai.moicaucachep.com\/?p=9693#breadcrumb","itemListElement":[{"@type":"ListItem","position":1,"name":"Home","item":"https:\/\/filmthai.moicaucachep.com\/"},{"@type":"ListItem","position":2,"name":"N2108001_O Ir\u00e3 afirmou nesta quinta-feira (20) que a nova guerra econ\u00f4mica declarada pelos Estados Unidos \u00e9 u_part2"}]},{"@type":"WebSite","@id":"https:\/\/filmthai.moicaucachep.com\/#website","url":"https:\/\/filmthai.moicaucachep.com\/","name":"filmthai.moicaucachep.com","description":"","potentialAction":[{"@type":"SearchAction","target":{"@type":"EntryPoint","urlTemplate":"https:\/\/filmthai.moicaucachep.com\/?s={search_term_string}"},"query-input":{"@type":"PropertyValueSpecification","valueRequired":true,"valueName":"search_term_string"}}],"inLanguage":"en-US"},{"@type":"Person","@id":"https:\/\/filmthai.moicaucachep.com\/#\/schema\/person\/96407441b3c4e1f4e9b03285253562c1","name":"admin79","image":{"@type":"ImageObject","inLanguage":"en-US","@id":"https:\/\/secure.gravatar.com\/avatar\/c07df73f87635fa9e5b07814d09d4e493a5ddc196989004f6090464d1a87c9a6?s=96&d=mm&r=g","url":"https:\/\/secure.gravatar.com\/avatar\/c07df73f87635fa9e5b07814d09d4e493a5ddc196989004f6090464d1a87c9a6?s=96&d=mm&r=g","contentUrl":"https:\/\/secure.gravatar.com\/avatar\/c07df73f87635fa9e5b07814d09d4e493a5ddc196989004f6090464d1a87c9a6?s=96&d=mm&r=g","caption":"admin79"},"sameAs":["http:\/\/filmthai.moicaucachep.com"],"url":"https:\/\/filmthai.moicaucachep.com\/?author=1"}]}},"_links":{"self":[{"href":"https:\/\/filmthai.moicaucachep.com\/index.php?rest_route=\/wp\/v2\/posts\/9693","targetHints":{"allow":["GET"]}}],"collection":[{"href":"https:\/\/filmthai.moicaucachep.com\/index.php?rest_route=\/wp\/v2\/posts"}],"about":[{"href":"https:\/\/filmthai.moicaucachep.com\/index.php?rest_route=\/wp\/v2\/types\/post"}],"author":[{"embeddable":true,"href":"https:\/\/filmthai.moicaucachep.com\/index.php?rest_route=\/wp\/v2\/users\/1"}],"replies":[{"embeddable":true,"href":"https:\/\/filmthai.moicaucachep.com\/index.php?rest_route=%2Fwp%2Fv2%2Fcomments&post=9693"}],"version-history":[{"count":1,"href":"https:\/\/filmthai.moicaucachep.com\/index.php?rest_route=\/wp\/v2\/posts\/9693\/revisions"}],"predecessor-version":[{"id":9694,"href":"https:\/\/filmthai.moicaucachep.com\/index.php?rest_route=\/wp\/v2\/posts\/9693\/revisions\/9694"}],"wp:featuredmedia":[{"embeddable":true,"href":"https:\/\/filmthai.moicaucachep.com\/index.php?rest_route=\/wp\/v2\/media\/9689"}],"wp:attachment":[{"href":"https:\/\/filmthai.moicaucachep.com\/index.php?rest_route=%2Fwp%2Fv2%2Fmedia&parent=9693"}],"wp:term":[{"taxonomy":"category","embeddable":true,"href":"https:\/\/filmthai.moicaucachep.com\/index.php?rest_route=%2Fwp%2Fv2%2Fcategories&post=9693"},{"taxonomy":"post_tag","embeddable":true,"href":"https:\/\/filmthai.moicaucachep.com\/index.php?rest_route=%2Fwp%2Fv2%2Ftags&post=9693"}],"curies":[{"name":"wp","href":"https:\/\/api.w.org\/{rel}","templated":true}]}}