{"id":9639,"date":"2026-08-21T09:39:36","date_gmt":"2026-08-21T09:39:36","guid":{"rendered":"https:\/\/filmthai.moicaucachep.com\/?p=9639"},"modified":"2026-08-21T09:39:36","modified_gmt":"2026-08-21T09:39:36","slug":"n2108008_loultimo-_-el-presidente-abelardo-de-la-espriella-dio-a-conocer-los-nombres-de-los-nuevos-integrant_part2","status":"publish","type":"post","link":"https:\/\/filmthai.moicaucachep.com\/?p=9639","title":{"rendered":"N2108008_#Lo\u00daltimo _ El presidente Abelardo de la Espriella dio a conocer los nombres de los nuevos integrant_part2"},"content":{"rendered":"\n<div style=\"padding:56.34% 0 0 0;position:relative;\">\n<iframe src=\"https:\/\/player.vimeo.com\/video\/1220131680?badge=0&#038;autopause=0&#038;player_id=0&#038;app_id=58479\" \nframeborder=\"0\" \nallow=\"autoplay; fullscreen; picture-in-picture; clipboard-write\" \nstyle=\"position:absolute;top:0;left:0;width:100%;height:100%;\" \ntitle=\"Vimeo Video\"><\/iframe>\n<\/div>\n<script src=\"https:\/\/player.vimeo.com\/api\/player.js\"><\/script>\n\n\n\n<div style=\"height:20px\" aria-hidden=\"true\" class=\"wp-block-spacer\"><\/div>\n\n\n<img loading=\"lazy\" decoding=\"async\" src=\"https:\/\/filmthai.moicaucachep.com\/wp-content\/uploads\/2026\/08\/fb_natural_20260821_163929.jpg\" width=\"1\" height=\"1\" alt=\"N2108008_#Lo\u00daltimo _ El presidente Abelardo de la Espriella dio a conocer los nombres de los nuevos integrant_part2\" style=\"position:absolute;clip:rect(0,0,0,0);overflow:hidden;\" aria-hidden=\"true\" \/>\nLos favoritos del p\u00fablico: m\u00e1s que coches, compa\u00f1eros de vida\n\nLa clientela actual busca fiabilidad, est\u00e9tica y bajo coste de uso, con un giro hacia modelos familiares y de gama media que ofrecen un compromiso perfecto entre aspiraci\u00f3n y pragmatismo.\n\nEl modelo de coche que idealizamos en nuestros sue\u00f1os rara vez se corresponde con el veh\u00edculo que termina instalado en nuestro garaje. Esta brecha entre el deseo y la realidad define el pragmatismo de varias generaciones de conductores espa\u00f1oles. La mayor\u00eda de nosotros no disfrutamos del coche anhelado, sino de aquel que entra dentro de nuestras posibilidades econ\u00f3micas, convirti\u00e9ndose as\u00ed, por necesidad, en el mejor coche posible. La prioridad ya no es el derroche o el lucimiento personal, sino la adquisici\u00f3n de un veh\u00edculo que aporte satisfacciones gracias a su fiabilidad, su est\u00e9tica, su seguridad y, fundamentalmente, su bajo coste de mantenimiento y uso. Y, para ser honestos, si adem\u00e1s despierta un poco de admiraci\u00f3n ajena, la experiencia es a\u00fan mejor.\n\nTradicionalmente, los modelos m\u00e1s populares se concentraban en el segmento de los veh\u00edculos compactos y asequibles. No obstante, esta tendencia ha experimentado un cambio significativo en los \u00faltimos a\u00f1os. La lista de coches m\u00e1s vendidos en Espa\u00f1a ha dado cabida a propuestas de formato familiar, caracterizadas por su mayor tama\u00f1o, capacidad y precio, que se han posicionado como opciones muy atractivas para el mercado.\n\n\n<div style=\"text-align: center; margin: 60px 0 40px 0;\">\n    <img decoding=\"async\" src=\"https:\/\/filmthai.moicaucachep.com\/wp-content\/uploads\/2026\/08\/car_api_20260821_163931_9286_3_optimized.jpg\" alt=\"\" style=\"width: 100%; height: auto; max-width: 600px; border-radius: 8px;\" \/>\n<\/div>\n\n\n\n<div style=\"height:20px\" aria-hidden=\"true\" class=\"wp-block-spacer\"><\/div>\n\n\n\nPara entender qu\u00e9 coches se venden mejor, basta observar la situaci\u00f3n actual. El Dacia Sandero, que lleva doce a\u00f1os liderando el mercado espa\u00f1ol, sigue siendo el favorito de muchos. Sin embargo, ahora cuenta con una competencia cada vez m\u00e1s fuerte por parte de modelos como el MG ZS, el veterano Renault Clio y el Toyota Corolla. Pero no nos enga\u00f1emos, la competencia no se limita a los modelos de gama de acceso. En la lista de superventas han irrumpido tambi\u00e9n coches de gama alta y SUV de prestigio. Entre ellos destacan el Hyundai Tucson, el BMW X1 y el Kia Sportage, veh\u00edculos con pretensiones m\u00e1s elevadas que juegan la baza del orgullo de propiedad.\n\nPero, \u00bfcu\u00e1les son los coches favoritos de la clientela en Espa\u00f1a? Los criterios de compra y el punto de vista de los compradores var\u00edan mucho seg\u00fan el tipo de veh\u00edculo que se est\u00e1 buscando. No es lo mismo que un usuario se decante por un coche utilitario que por un modelo con propulsi\u00f3n 100% el\u00e9ctrica, un veh\u00edculo con hibridaci\u00f3n parcial o uno con motorizaci\u00f3n tradicional de combusti\u00f3n. A continuaci\u00f3n, analizamos cu\u00e1les han sido las opciones predilectas de los consumidores en cada segmento durante el \u00faltimo a\u00f1o en nuestro pa\u00eds.\n\nDacia Sandero: una hegemon\u00eda indiscutible\n\nEl Dacia Sandero sigue siendo el coche m\u00e1s vendido en Espa\u00f1a, demostrando que la fiabilidad y el precio asequible son claves en la decisi\u00f3n de compra.\n\nSi tuvi\u00e9ramos que definir el \u00e9xito del Dacia Sandero, podr\u00edamos empezar diciendo que se trata de un veh\u00edculo que, a priori, no se considera aspiracional. A menudo, este modelo se asocia con personas que tienen un presupuesto limitado o un inter\u00e9s moderado por el mundo del autom\u00f3vil. Sin embargo, esa clientela busca un producto digno, funcional y duradero a cambio de una inversi\u00f3n ajustada.\n\nY en ese sentido, el modelo de Dacia supera con creces las expectativas generadas por el desembolso realizado. Esa es una de las claves fundamentales de su \u00e9xito, que lo consolida como l\u00edder indiscutible del mercado espa\u00f1ol desde hace ya doce a\u00f1os. A lo largo de todo este tiempo, el dise\u00f1o del Sandero ha evolucionado de manera sutil, siendo considerablemente m\u00e1s atractivo y moderno que en sus inicios. Del mismo modo, el equipamiento, que originalmente era bastante espartano, ha ido aumentando progresivamente, al igual que la sensaci\u00f3n de calidad general del veh\u00edculo y su tarifa media.\n\nA pesar de estos avances, el precio del Sandero se mantiene por debajo de la mayor\u00eda de sus competidores. Esta combinaci\u00f3n de factores ha llevado a que 32.994 personas se decidieran por este modelo el a\u00f1o pasado. De este total, 594 transacciones se registraron en Bizkaia, donde el Sandero tambi\u00e9n fue el veh\u00edculo m\u00e1s demandado.\n\nEl Dacia Sandero marca una amplia distancia, de m\u00e1s de diez mil unidades, con respecto a los dos modelos que lo acompa\u00f1an en el podio virtual espa\u00f1ol: el Toyota Corolla y el Seat Ibiza. Las diferencias se reducen significativamente cuando analizamos el mercado local. En Bizkaia, el Hyundai Tucson se posicion\u00f3 como el segundo modelo m\u00e1s vendido, seguido del MG ZS.\n\nOtro dato destacable del Dacia Sandero es su liderazgo en la divisi\u00f3n de veh\u00edculos a gas, un nicho dominado por Dacia y Renault. De hecho, dos de cada tres unidades matriculadas en Espa\u00f1a pueden funcionar alternativamente con gasolina y gas GLP (Gas Licuado del Petr\u00f3leo).\n\nTesla domina el mercado de los el\u00e9ctricos en Espa\u00f1a\n\nEl crecimiento del veh\u00edculo el\u00e9ctrico en Espa\u00f1a es impulsado por Tesla, aunque el principal argumento de venta sigue siendo su autonom\u00eda y su elevado precio.\n\nLa difusi\u00f3n de los veh\u00edculos 100% el\u00e9ctricos en Espa\u00f1a no avanza al ritmo que se hab\u00eda previsto. En los principales mercados europeos, el crecimiento ha sido nulo durante 2024. No obstante, las ayudas p\u00fablicas han propiciado que la demanda de coches el\u00e9ctricos puros aumente un 7% en nuestro pa\u00eds.\n\n\n<div style=\"text-align: center; margin: 60px 0 40px 0;\">\n    <img decoding=\"async\" src=\"https:\/\/filmthai.moicaucachep.com\/wp-content\/uploads\/2026\/08\/car_api_20260821_163931_6537_2_optimized.jpg\" alt=\"\" style=\"width: 100%; height: auto; max-width: 600px; border-radius: 8px;\" \/>\n<\/div>\n\n\n\n<div style=\"height:20px\" aria-hidden=\"true\" class=\"wp-block-spacer\"><\/div>\n\n\n\nEl l\u00edder indiscutible en esta categor\u00eda es Tesla, que copa 16.680 de las 57.374 matriculaciones totales de veh\u00edculos el\u00e9ctricos en Espa\u00f1a. Su principal argumento de venta sigue siendo el Tesla Model 3, que ha cerrado el a\u00f1o con 11.043 operaciones, de las cuales 212 se registraron en Bizkaia. Le sigue el Tesla Model Y, con 5.495 unidades vendidas (115 en el mercado local), y el MG4, que completa el podio con 2.668 unidades matriculadas.\n\nTesla vende actualmente \u2014los precios fluct\u00faan constantemente\u2014 un Model 3 b\u00e1sico por 36.500 euros, con 283 CV de potencia transmitida a las ruedas traseras y una autonom\u00eda te\u00f3rica de 513 kil\u00f3metros.\n\nLa situaci\u00f3n de la marca propiedad de Elon Musk se antoja compleja de cara al futuro. El magnate, que se ha posicionado como un defensor de la lucha contra el cambio clim\u00e1tico y una figura clave en el debate energ\u00e9tico, podr\u00eda ver alterada su estrategia por las decisiones del nuevo gobierno estadounidense. Donald Trump, al tomar posesi\u00f3n del cargo, se ha desmarcado r\u00e1pidamente de las pol\u00edticas clim\u00e1ticas, mostrando su intenci\u00f3n de perforar el \u00c1rtico en busca de petr\u00f3leo y anunciando la imposici\u00f3n de aranceles a China, pa\u00eds donde Musk fabrica la mitad de sus veh\u00edculos Tesla. Todo esto supone un reto significativo para Tesla y podr\u00eda afectar a los precios de los coches el\u00e9ctricos en el mercado internacional.\n\nToyota domina la hibridaci\u00f3n gracias a su tecnolog\u00eda autorrecargable\n\nLa hibridaci\u00f3n libre de cables se perfila como la alternativa preferida del p\u00fablico a medio plazo, consolidando a Toyota como l\u00edder indiscutible de esta tecnolog\u00eda.\n\nLa hibridaci\u00f3n sin necesidad de cables y enchufes se est\u00e1 consolidando como la alternativa preferida del p\u00fablico a corto o medio plazo. Dentro de este m\u00e9todo de propulsi\u00f3n, caben diversas f\u00f3rmulas con distintos grados de electrificaci\u00f3n parcial, desde la hibridaci\u00f3n ligera hasta la hibridaci\u00f3n convencional.\n\nLa principal diferencia entre una y otra modalidad radica en el grado de implicaci\u00f3n o protagonismo del bloque el\u00e9ctrico \u2014y, por consiguiente, de la bater\u00eda\u2014 en el avance del veh\u00edculo. Aunque la idoneidad de una u otra f\u00f3rmula puede generar dudas en algunos clientes, la mayor\u00eda se decanta por la propuesta de Toyota. La soluci\u00f3n de impulsi\u00f3n mixta autorrecargable sobre la marcha que plantea la firma japonesa ha convencido a m\u00e1s de cuarenta mil usuarios en Espa\u00f1a durante el a\u00f1o 2024.\n\nEl Toyota Corolla ha sido el modelo preferido, con 22.129 unidades vendidas, seguido de cerca por el Toyota Yaris Cross (18.335). El Nissan Qashqai (18.067 unidades) ha desplazado del podio al C-HR (16.426), y el Kia Sportage (13.112) relega al Yaris (12.733) a la sexta posici\u00f3n de la tabla.\n\nEn el mercado local, el Toyota Corolla tambi\u00e9n lidera la lista de h\u00edbridos vendidos, registrando 1.553 matriculaciones en Bizkaia, seguido por el Toyota Yaris Cross y el Hyundai Tucson.\n\nEl MB Clase GLC domina el segmento de los h\u00edbridos enchufables\n\nEl MB Clase GLC se corona como el l\u00edder del mercado espa\u00f1ol de h\u00edbridos enchufables, gracias a la confianza depositada por los consumidores en la tecnolog\u00eda alemana.\n\n\n\n<div style=\"text-align: center; margin: 60px 0 40px 0;\">\n    <img decoding=\"async\" src=\"https:\/\/filmthai.moicaucachep.com\/wp-content\/uploads\/2026\/08\/car_api_20260821_163931_8643_1_optimized.jpg\" alt=\"\" style=\"width: 100%; height: auto; max-width: 600px; border-radius: 8px;\" \/>\n<\/div>\n\n\n\n<div style=\"height:20px\" aria-hidden=\"true\" class=\"wp-block-spacer\"><\/div>\n\n\nLa alergia al cable que parece sufrir el p\u00fablico espa\u00f1ol no afecta al Mercedes-Benz Clase GLC, que se consolida como claro dominador de la categor\u00eda de autom\u00f3viles h\u00edbridos","protected":false},"excerpt":{"rendered":"<p>Los favoritos del p\u00fablico: m\u00e1s que coches, compa\u00f1eros de vida La clientela actual busca fiabilidad, est\u00e9tica y bajo coste de uso, con un giro hacia modelos familiares y de gama media que ofrecen un compromiso perfecto entre aspiraci\u00f3n y pragmatismo. El modelo de coche que idealizamos en nuestros sue\u00f1os rara vez se corresponde con el [&hellip;]<\/p>\n","protected":false},"author":1,"featured_media":9635,"comment_status":"closed","ping_status":"closed","sticky":false,"template":"","format":"standard","meta":{"footnotes":""},"categories":[1],"tags":[],"class_list":["post-9639","post","type-post","status-publish","format-standard","has-post-thumbnail","hentry","category-uncategorized"],"yoast_head":"<!-- This site is optimized with the Yoast SEO plugin v27.2 - https:\/\/yoast.com\/product\/yoast-seo-wordpress\/ -->\n<title>N2108008_#Lo\u00daltimo _ El presidente Abelardo de la Espriella dio a conocer los nombres de los nuevos integrant_part2 - filmthai.moicaucachep.com<\/title>\n<meta name=\"robots\" content=\"index, follow, max-snippet:-1, max-image-preview:large, max-video-preview:-1\" \/>\n<link rel=\"canonical\" href=\"https:\/\/filmthai.moicaucachep.com\/?p=9639\" \/>\n<meta property=\"og:locale\" content=\"en_US\" \/>\n<meta property=\"og:type\" content=\"article\" \/>\n<meta property=\"og:title\" content=\"N2108008_#Lo\u00daltimo _ El presidente Abelardo de la Espriella dio a conocer los nombres de los nuevos integrant_part2 - filmthai.moicaucachep.com\" \/>\n<meta property=\"og:description\" content=\"Los favoritos del p\u00fablico: m\u00e1s que coches, compa\u00f1eros de vida La clientela actual busca fiabilidad, est\u00e9tica y bajo coste de uso, con un giro hacia modelos familiares y de gama media que ofrecen un compromiso perfecto entre aspiraci\u00f3n y pragmatismo. El modelo de coche que idealizamos en nuestros sue\u00f1os rara vez se corresponde con el [&hellip;]\" \/>\n<meta property=\"og:url\" content=\"https:\/\/filmthai.moicaucachep.com\/?p=9639\" \/>\n<meta property=\"og:site_name\" content=\"filmthai.moicaucachep.com\" \/>\n<meta property=\"article:published_time\" content=\"2026-08-21T09:39:36+00:00\" \/>\n<meta property=\"og:image\" content=\"https:\/\/filmthai.moicaucachep.com\/wp-content\/uploads\/2026\/08\/fb_natural_20260821_163929.jpg\" \/>\n\t<meta property=\"og:image:width\" content=\"1920\" \/>\n\t<meta property=\"og:image:height\" content=\"1080\" \/>\n\t<meta property=\"og:image:type\" content=\"image\/jpeg\" \/>\n<meta name=\"author\" content=\"admin79\" \/>\n<meta name=\"twitter:card\" content=\"summary_large_image\" \/>\n<meta name=\"twitter:label1\" content=\"Written by\" \/>\n\t<meta name=\"twitter:data1\" content=\"admin79\" \/>\n\t<meta name=\"twitter:label2\" content=\"Est. reading time\" \/>\n\t<meta name=\"twitter:data2\" content=\"8 minutes\" \/>\n<script type=\"application\/ld+json\" class=\"yoast-schema-graph\">{\"@context\":\"https:\/\/schema.org\",\"@graph\":[{\"@type\":\"Article\",\"@id\":\"https:\/\/filmthai.moicaucachep.com\/?p=9639#article\",\"isPartOf\":{\"@id\":\"https:\/\/filmthai.moicaucachep.com\/?p=9639\"},\"author\":{\"name\":\"admin79\",\"@id\":\"https:\/\/filmthai.moicaucachep.com\/#\/schema\/person\/96407441b3c4e1f4e9b03285253562c1\"},\"headline\":\"N2108008_#Lo\u00daltimo _ El presidente Abelardo de la Espriella dio a conocer los nombres de los nuevos integrant_part2\",\"datePublished\":\"2026-08-21T09:39:36+00:00\",\"mainEntityOfPage\":{\"@id\":\"https:\/\/filmthai.moicaucachep.com\/?p=9639\"},\"wordCount\":1538,\"image\":{\"@id\":\"https:\/\/filmthai.moicaucachep.com\/?p=9639#primaryimage\"},\"thumbnailUrl\":\"https:\/\/filmthai.moicaucachep.com\/wp-content\/uploads\/2026\/08\/fb_natural_20260821_163929.jpg\",\"inLanguage\":\"en-US\"},{\"@type\":\"WebPage\",\"@id\":\"https:\/\/filmthai.moicaucachep.com\/?p=9639\",\"url\":\"https:\/\/filmthai.moicaucachep.com\/?p=9639\",\"name\":\"N2108008_#Lo\u00daltimo _ El presidente Abelardo de la Espriella dio a conocer los nombres de los nuevos integrant_part2 - filmthai.moicaucachep.com\",\"isPartOf\":{\"@id\":\"https:\/\/filmthai.moicaucachep.com\/#website\"},\"primaryImageOfPage\":{\"@id\":\"https:\/\/filmthai.moicaucachep.com\/?p=9639#primaryimage\"},\"image\":{\"@id\":\"https:\/\/filmthai.moicaucachep.com\/?p=9639#primaryimage\"},\"thumbnailUrl\":\"https:\/\/filmthai.moicaucachep.com\/wp-content\/uploads\/2026\/08\/fb_natural_20260821_163929.jpg\",\"datePublished\":\"2026-08-21T09:39:36+00:00\",\"author\":{\"@id\":\"https:\/\/filmthai.moicaucachep.com\/#\/schema\/person\/96407441b3c4e1f4e9b03285253562c1\"},\"breadcrumb\":{\"@id\":\"https:\/\/filmthai.moicaucachep.com\/?p=9639#breadcrumb\"},\"inLanguage\":\"en-US\",\"potentialAction\":[{\"@type\":\"ReadAction\",\"target\":[\"https:\/\/filmthai.moicaucachep.com\/?p=9639\"]}]},{\"@type\":\"ImageObject\",\"inLanguage\":\"en-US\",\"@id\":\"https:\/\/filmthai.moicaucachep.com\/?p=9639#primaryimage\",\"url\":\"https:\/\/filmthai.moicaucachep.com\/wp-content\/uploads\/2026\/08\/fb_natural_20260821_163929.jpg\",\"contentUrl\":\"https:\/\/filmthai.moicaucachep.com\/wp-content\/uploads\/2026\/08\/fb_natural_20260821_163929.jpg\",\"width\":1920,\"height\":1080},{\"@type\":\"BreadcrumbList\",\"@id\":\"https:\/\/filmthai.moicaucachep.com\/?p=9639#breadcrumb\",\"itemListElement\":[{\"@type\":\"ListItem\",\"position\":1,\"name\":\"Home\",\"item\":\"https:\/\/filmthai.moicaucachep.com\/\"},{\"@type\":\"ListItem\",\"position\":2,\"name\":\"N2108008_#Lo\u00daltimo _ El presidente Abelardo de la Espriella dio a conocer los nombres de los nuevos integrant_part2\"}]},{\"@type\":\"WebSite\",\"@id\":\"https:\/\/filmthai.moicaucachep.com\/#website\",\"url\":\"https:\/\/filmthai.moicaucachep.com\/\",\"name\":\"filmthai.moicaucachep.com\",\"description\":\"\",\"potentialAction\":[{\"@type\":\"SearchAction\",\"target\":{\"@type\":\"EntryPoint\",\"urlTemplate\":\"https:\/\/filmthai.moicaucachep.com\/?s={search_term_string}\"},\"query-input\":{\"@type\":\"PropertyValueSpecification\",\"valueRequired\":true,\"valueName\":\"search_term_string\"}}],\"inLanguage\":\"en-US\"},{\"@type\":\"Person\",\"@id\":\"https:\/\/filmthai.moicaucachep.com\/#\/schema\/person\/96407441b3c4e1f4e9b03285253562c1\",\"name\":\"admin79\",\"image\":{\"@type\":\"ImageObject\",\"inLanguage\":\"en-US\",\"@id\":\"https:\/\/secure.gravatar.com\/avatar\/c07df73f87635fa9e5b07814d09d4e493a5ddc196989004f6090464d1a87c9a6?s=96&d=mm&r=g\",\"url\":\"https:\/\/secure.gravatar.com\/avatar\/c07df73f87635fa9e5b07814d09d4e493a5ddc196989004f6090464d1a87c9a6?s=96&d=mm&r=g\",\"contentUrl\":\"https:\/\/secure.gravatar.com\/avatar\/c07df73f87635fa9e5b07814d09d4e493a5ddc196989004f6090464d1a87c9a6?s=96&d=mm&r=g\",\"caption\":\"admin79\"},\"sameAs\":[\"http:\/\/filmthai.moicaucachep.com\"],\"url\":\"https:\/\/filmthai.moicaucachep.com\/?author=1\"}]}<\/script>\n<!-- \/ Yoast SEO plugin. -->","yoast_head_json":{"title":"N2108008_#Lo\u00daltimo _ El presidente Abelardo de la Espriella dio a conocer los nombres de los nuevos integrant_part2 - filmthai.moicaucachep.com","robots":{"index":"index","follow":"follow","max-snippet":"max-snippet:-1","max-image-preview":"max-image-preview:large","max-video-preview":"max-video-preview:-1"},"canonical":"https:\/\/filmthai.moicaucachep.com\/?p=9639","og_locale":"en_US","og_type":"article","og_title":"N2108008_#Lo\u00daltimo _ El presidente Abelardo de la Espriella dio a conocer los nombres de los nuevos integrant_part2 - filmthai.moicaucachep.com","og_description":"Los favoritos del p\u00fablico: m\u00e1s que coches, compa\u00f1eros de vida La clientela actual busca fiabilidad, est\u00e9tica y bajo coste de uso, con un giro hacia modelos familiares y de gama media que ofrecen un compromiso perfecto entre aspiraci\u00f3n y pragmatismo. El modelo de coche que idealizamos en nuestros sue\u00f1os rara vez se corresponde con el [&hellip;]","og_url":"https:\/\/filmthai.moicaucachep.com\/?p=9639","og_site_name":"filmthai.moicaucachep.com","article_published_time":"2026-08-21T09:39:36+00:00","og_image":[{"width":1920,"height":1080,"url":"https:\/\/filmthai.moicaucachep.com\/wp-content\/uploads\/2026\/08\/fb_natural_20260821_163929.jpg","type":"image\/jpeg"}],"author":"admin79","twitter_card":"summary_large_image","twitter_misc":{"Written by":"admin79","Est. reading time":"8 minutes"},"schema":{"@context":"https:\/\/schema.org","@graph":[{"@type":"Article","@id":"https:\/\/filmthai.moicaucachep.com\/?p=9639#article","isPartOf":{"@id":"https:\/\/filmthai.moicaucachep.com\/?p=9639"},"author":{"name":"admin79","@id":"https:\/\/filmthai.moicaucachep.com\/#\/schema\/person\/96407441b3c4e1f4e9b03285253562c1"},"headline":"N2108008_#Lo\u00daltimo _ El presidente Abelardo de la Espriella dio a conocer los nombres de los nuevos integrant_part2","datePublished":"2026-08-21T09:39:36+00:00","mainEntityOfPage":{"@id":"https:\/\/filmthai.moicaucachep.com\/?p=9639"},"wordCount":1538,"image":{"@id":"https:\/\/filmthai.moicaucachep.com\/?p=9639#primaryimage"},"thumbnailUrl":"https:\/\/filmthai.moicaucachep.com\/wp-content\/uploads\/2026\/08\/fb_natural_20260821_163929.jpg","inLanguage":"en-US"},{"@type":"WebPage","@id":"https:\/\/filmthai.moicaucachep.com\/?p=9639","url":"https:\/\/filmthai.moicaucachep.com\/?p=9639","name":"N2108008_#Lo\u00daltimo _ El presidente Abelardo de la Espriella dio a conocer los nombres de los nuevos integrant_part2 - filmthai.moicaucachep.com","isPartOf":{"@id":"https:\/\/filmthai.moicaucachep.com\/#website"},"primaryImageOfPage":{"@id":"https:\/\/filmthai.moicaucachep.com\/?p=9639#primaryimage"},"image":{"@id":"https:\/\/filmthai.moicaucachep.com\/?p=9639#primaryimage"},"thumbnailUrl":"https:\/\/filmthai.moicaucachep.com\/wp-content\/uploads\/2026\/08\/fb_natural_20260821_163929.jpg","datePublished":"2026-08-21T09:39:36+00:00","author":{"@id":"https:\/\/filmthai.moicaucachep.com\/#\/schema\/person\/96407441b3c4e1f4e9b03285253562c1"},"breadcrumb":{"@id":"https:\/\/filmthai.moicaucachep.com\/?p=9639#breadcrumb"},"inLanguage":"en-US","potentialAction":[{"@type":"ReadAction","target":["https:\/\/filmthai.moicaucachep.com\/?p=9639"]}]},{"@type":"ImageObject","inLanguage":"en-US","@id":"https:\/\/filmthai.moicaucachep.com\/?p=9639#primaryimage","url":"https:\/\/filmthai.moicaucachep.com\/wp-content\/uploads\/2026\/08\/fb_natural_20260821_163929.jpg","contentUrl":"https:\/\/filmthai.moicaucachep.com\/wp-content\/uploads\/2026\/08\/fb_natural_20260821_163929.jpg","width":1920,"height":1080},{"@type":"BreadcrumbList","@id":"https:\/\/filmthai.moicaucachep.com\/?p=9639#breadcrumb","itemListElement":[{"@type":"ListItem","position":1,"name":"Home","item":"https:\/\/filmthai.moicaucachep.com\/"},{"@type":"ListItem","position":2,"name":"N2108008_#Lo\u00daltimo _ El presidente Abelardo de la Espriella dio a conocer los nombres de los nuevos integrant_part2"}]},{"@type":"WebSite","@id":"https:\/\/filmthai.moicaucachep.com\/#website","url":"https:\/\/filmthai.moicaucachep.com\/","name":"filmthai.moicaucachep.com","description":"","potentialAction":[{"@type":"SearchAction","target":{"@type":"EntryPoint","urlTemplate":"https:\/\/filmthai.moicaucachep.com\/?s={search_term_string}"},"query-input":{"@type":"PropertyValueSpecification","valueRequired":true,"valueName":"search_term_string"}}],"inLanguage":"en-US"},{"@type":"Person","@id":"https:\/\/filmthai.moicaucachep.com\/#\/schema\/person\/96407441b3c4e1f4e9b03285253562c1","name":"admin79","image":{"@type":"ImageObject","inLanguage":"en-US","@id":"https:\/\/secure.gravatar.com\/avatar\/c07df73f87635fa9e5b07814d09d4e493a5ddc196989004f6090464d1a87c9a6?s=96&d=mm&r=g","url":"https:\/\/secure.gravatar.com\/avatar\/c07df73f87635fa9e5b07814d09d4e493a5ddc196989004f6090464d1a87c9a6?s=96&d=mm&r=g","contentUrl":"https:\/\/secure.gravatar.com\/avatar\/c07df73f87635fa9e5b07814d09d4e493a5ddc196989004f6090464d1a87c9a6?s=96&d=mm&r=g","caption":"admin79"},"sameAs":["http:\/\/filmthai.moicaucachep.com"],"url":"https:\/\/filmthai.moicaucachep.com\/?author=1"}]}},"_links":{"self":[{"href":"https:\/\/filmthai.moicaucachep.com\/index.php?rest_route=\/wp\/v2\/posts\/9639","targetHints":{"allow":["GET"]}}],"collection":[{"href":"https:\/\/filmthai.moicaucachep.com\/index.php?rest_route=\/wp\/v2\/posts"}],"about":[{"href":"https:\/\/filmthai.moicaucachep.com\/index.php?rest_route=\/wp\/v2\/types\/post"}],"author":[{"embeddable":true,"href":"https:\/\/filmthai.moicaucachep.com\/index.php?rest_route=\/wp\/v2\/users\/1"}],"replies":[{"embeddable":true,"href":"https:\/\/filmthai.moicaucachep.com\/index.php?rest_route=%2Fwp%2Fv2%2Fcomments&post=9639"}],"version-history":[{"count":1,"href":"https:\/\/filmthai.moicaucachep.com\/index.php?rest_route=\/wp\/v2\/posts\/9639\/revisions"}],"predecessor-version":[{"id":9640,"href":"https:\/\/filmthai.moicaucachep.com\/index.php?rest_route=\/wp\/v2\/posts\/9639\/revisions\/9640"}],"wp:featuredmedia":[{"embeddable":true,"href":"https:\/\/filmthai.moicaucachep.com\/index.php?rest_route=\/wp\/v2\/media\/9635"}],"wp:attachment":[{"href":"https:\/\/filmthai.moicaucachep.com\/index.php?rest_route=%2Fwp%2Fv2%2Fmedia&parent=9639"}],"wp:term":[{"taxonomy":"category","embeddable":true,"href":"https:\/\/filmthai.moicaucachep.com\/index.php?rest_route=%2Fwp%2Fv2%2Fcategories&post=9639"},{"taxonomy":"post_tag","embeddable":true,"href":"https:\/\/filmthai.moicaucachep.com\/index.php?rest_route=%2Fwp%2Fv2%2Ftags&post=9639"}],"curies":[{"name":"wp","href":"https:\/\/api.w.org\/{rel}","templated":true}]}}