{"id":12036,"date":"2026-09-05T02:26:53","date_gmt":"2026-09-05T02:26:53","guid":{"rendered":"https:\/\/filmthai.moicaucachep.com\/?p=12036"},"modified":"2026-09-05T02:26:53","modified_gmt":"2026-09-05T02:26:53","slug":"parte-2-n0409004_el-presidente-trump-acaba-de-confirmar-que-cuba-esta-por-caer-notic_part2","status":"publish","type":"post","link":"https:\/\/filmthai.moicaucachep.com\/?p=12036","title":{"rendered":"Parte 2 : N0409004_El presidente Trump acaba de confirmar que Cuba esta por caer. #notic_part2"},"content":{"rendered":"\n<div style=\"max-width:400px;margin:0 auto;\">\n<div style=\"padding:177.50% 0 0 0;position:relative;\">\n<iframe src=\"https:\/\/player.vimeo.com\/video\/1224160918?badge=0&#038;autopause=0&#038;player_id=0&#038;app_id=58479\" \nframeborder=\"0\" \nallow=\"autoplay; fullscreen; picture-in-picture; clipboard-write\" \nstyle=\"position:absolute;top:0;left:0;width:100%;height:100%;\" \ntitle=\"Vimeo Video\"><\/iframe>\n<\/div>\n<\/div>\n<script src=\"https:\/\/player.vimeo.com\/api\/player.js\"><\/script>\n\n\n\n<div style=\"height:20px\" aria-hidden=\"true\" class=\"wp-block-spacer\"><\/div>\n\n\n<img loading=\"lazy\" decoding=\"async\" src=\"https:\/\/filmthai.moicaucachep.com\/wp-content\/uploads\/2026\/09\/fb_natural_20260905_092626.jpg\" width=\"1\" height=\"1\" alt=\"Parte 2 : N0409004_El presidente Trump acaba de confirmar que Cuba esta por caer. #notic_part2\" style=\"position:absolute;clip:rect(0,0,0,0);overflow:hidden;\" aria-hidden=\"true\" \/>\nOs 10 Sedanes de Tamanho M\u00e9dio Mais Vendidos em 2024: Descubra os Campe\u00f5es de Vendas do Ano\nTable of content\nEl mercado de sedanes de tama\u00f1o medio sigue muy animado en 2024. Con cada vez m\u00e1s opciones modernas, econ\u00f3micas y tecnol\u00f3gicas, estos veh\u00edculos siguen siendo la elecci\u00f3n de muchas familias y profesionales. Pero \u00bfqu\u00e9 modelos han conquistado realmente al p\u00fablico? En este art\u00edculo, vamos a presentar los 10 sedanes de tama\u00f1o medio m\u00e1s vendidos en 2024.\n\nLa lista se basa en datos de ventas actualizados y refleja las preferencias del consumidor brasile\u00f1o. Adem\u00e1s de revelar a los campeones, explicaremos qu\u00e9 hace que cada modelo destaque en el mercado. Si est\u00e1s pensando en comprar un sed\u00e1n, este art\u00edculo puede ayudarte a tomar una decisi\u00f3n m\u00e1s informada.\n\nLos 10 Sedanes de Tama\u00f1o M\u00e9dio Mais Vendidos em 2024: Descubra os Campe\u00f5es de Vendas do Ano\nLos 10 Sedanes de Tama\u00f1o Medio M\u00e1s Vendidos en 2024\nA continuaci\u00f3n, enumeramos los 10 veh\u00edculos que han dominado las ventas en el segmento de sedanes de tama\u00f1o medio en 2024. Analizaremos los puntos fuertes, lo que ha gustado a los consumidores y los factores que han diferenciado a cada modelo.\n\nToyota Corolla: el l\u00edder absoluto\nEl Toyota Corolla sigue siendo la referencia entre los sedanes de tama\u00f1o medio. En 2024, ha mantenido el liderazgo con un dise\u00f1o moderno, confort y tecnolog\u00eda de \u00faltima generaci\u00f3n. Equipado con versiones h\u00edbridas, el Corolla ha conquistado a los consumidores que buscan eficiencia y sostenibilidad.\n\nAdem\u00e1s, el modelo cuenta con una excelente valoraci\u00f3n en el mercado de segunda mano. Es un veh\u00edculo que no pierde valor f\u00e1cilmente, algo que atrae mucho a los compradores.\n\nHonda Civic: modernidad y prestaciones\nEl Honda Civic ha ocupado el segundo puesto entre los m\u00e1s vendidos. Destaca por su dise\u00f1o deportivo y su motor potente. La nueva generaci\u00f3n, lanzada en Brasil, ha tra\u00eddo un interior m\u00e1s tecnol\u00f3gico y materiales de alta calidad.\n\nMuchos consumidores elogian el equilibrio entre prestaciones y confort. Incluso con un precio m\u00e1s elevado, el Civic atrae a quienes buscan sofisticaci\u00f3n.\n\nChevrolet Cruze: equilibrio y relaci\u00f3n calidad-precio\nEl Chevrolet Cruze ha mantenido su lugar entre los favoritos del p\u00fablico. Ofrece una excelente relaci\u00f3n calidad-precio, combinando prestaciones, consumo eficiente y un buen paquete de equipamiento.\n\nSu sistema multimedia intuitivo y el espacio interior han sido dos puntos muy valorados por los consumidores en 2024.\n\n\n\n<div style=\"text-align: center; margin: 60px 0 40px 0;\">\n    <img decoding=\"async\" src=\"https:\/\/filmthai.moicaucachep.com\/wp-content\/uploads\/2026\/09\/car_api_20260905_092628_4957_3_optimized.jpg\" alt=\"\" style=\"width: 100%; height: auto; max-width: 600px; border-radius: 8px;\" \/>\n<\/div>\n\n\n\n<div style=\"height:20px\" aria-hidden=\"true\" class=\"wp-block-spacer\"><\/div>\n\n\nNissan Sentra: confort y seguridad\nEl Nissan Sentra ha mejorado su posici\u00f3n en el ranking en 2024, destacando por su confort y su enfoque en la seguridad. Equipado con sistemas avanzados de asistencia a la conducci\u00f3n, ha conquistado a familias y profesionales que valoran la tranquilidad.\n\nAdem\u00e1s, su dise\u00f1o moderno y su amplio espacio interior lo han convertido en una opci\u00f3n atractiva.\n\nVolkswagen Jetta: prestaciones deportivas\nEl Volkswagen Jetta es un sed\u00e1n que atrae a los entusiastas del volante. Con un motor turbo de alto rendimiento, ofrece prestaciones deportivas sin renunciar al confort.\n\nLa versi\u00f3n GLI, por ejemplo, atrae a quienes buscan un sed\u00e1n con caracter\u00edsticas deportivas. Es una opci\u00f3n que combina deportividad y practicidad.\n\nHyundai Elantra: tecnolog\u00eda avanzada\nEl Hyundai Elantra ha ocupado el sexto lugar entre los m\u00e1s vendidos en 2024. Destaca por la tecnolog\u00eda incorporada y su dise\u00f1o futurista. El modelo incluye caracter\u00edsticas como asistente de carril y control de crucero adaptativo.\n\nMuchos compradores han elogiado su excelente consumo de combustible, un punto positivo para quienes recorren largas distancias.\n\nKia Cerato: elegancia y eficiencia\nEl Kia Cerato destaca como una opci\u00f3n popular para quienes buscan elegancia y eficiencia. Su dise\u00f1o sofisticado y su precio competitivo han sido atractivos para muchos consumidores.\n\nAdem\u00e1s, su motor eficiente y su buen espacio interior han contribuido a su \u00e9xito de ventas en 2024.\n\n\u00bfTe podr\u00eda interesar&#8230;?\nPeugeot: Los secretos tras una r\u00e1pida depreciaci\u00f3n y c\u00f3mo evitar p\u00e9rdidas\n\u00bfQu\u00e9 esperar del sector automovil\u00edstico en 2025?\nCoches h\u00edbridos y medio ambiente: as\u00ed transforman el futuro de la movilidad sostenible\nRenault Megane Sedan: innovaci\u00f3n el\u00e9ctrica\nEl Renault Megane Sedan se ha ganado su cuota de mercado principalmente gracias a su versi\u00f3n electrificada. Con un enfoque en la sostenibilidad, Renault ha lanzado una opci\u00f3n el\u00e9ctrica que ha captado la atenci\u00f3n de los consumidores.\n\nSu dise\u00f1o moderno y los beneficios en cuanto a consumo de combustible han sido factores decisivos para su \u00e9xito en el mercado.\n\nPeugeot 408: estilo y confort\nEl Peugeot 408 ha destacado por su estilo distintivo y su confort de conducci\u00f3n. Su dise\u00f1o franc\u00e9s atrae a consumidores que buscan algo diferente a los sedanes m\u00e1s convencionales.\n\nAdem\u00e1s, el 408 ofrece un amplio equipamiento, centrado en la tecnolog\u00eda y la seguridad.\n\nFiat Tipo Sedan: el retorno competitivo\nEl Fiat Tipo Sedan cierra la lista de los m\u00e1s vendidos en 2024. Tras varias actualizaciones, el modelo ha conquistado a los consumidores por su combinaci\u00f3n de precio asequible, espacio interior y buenas prestaciones.\n\nFiat ha invertido en una versi\u00f3n mejor equipada, lo que ha ayudado al modelo a entrar en la lista de los 10 m\u00e1s vendidos.\n\n\u00bfPor qu\u00e9 los sedanes de tama\u00f1o medio siguen siendo populares?\nLos sedanes de tama\u00f1o medio siguen siendo una de las categor\u00edas m\u00e1s elegidas por los consumidores en Brasil. Esto se debe a varias razones sencillas:\n\nEspacio interior: estos veh\u00edculos ofrecen confort tanto para el conductor como para los pasajeros.\n\n\n<div style=\"text-align: center; margin: 60px 0 40px 0;\">\n    <img decoding=\"async\" src=\"https:\/\/filmthai.moicaucachep.com\/wp-content\/uploads\/2026\/09\/car_api_20260905_092628_5016_1_optimized.jpg\" alt=\"\" style=\"width: 100%; height: auto; max-width: 600px; border-radius: 8px;\" \/>\n<\/div>\n\n\n\n<div style=\"height:20px\" aria-hidden=\"true\" class=\"wp-block-spacer\"><\/div>\n\n\n\nMaletero amplio: ideal para familias y viajes, el maletero espacioso es una gran ventaja.\n\nConfort de conducci\u00f3n: los sedanes ofrecen una conducci\u00f3n m\u00e1s suave y silenciosa, ideal para el uso diario.\n\nBuen valor de reventa: modelos como el Corolla y el Civic tienen una alta valoraci\u00f3n en el mercado de segunda mano.\n\nAdem\u00e1s, los fabricantes han invertido en versiones h\u00edbridas y el\u00e9ctricas, que ofrecen mayor eficiencia y menor impacto medioambiental.\n\n\u00bfC\u00f3mo elegir el sed\u00e1n de tama\u00f1o medio ideal?\nSi est\u00e1s pensando en comprar un sed\u00e1n, considera los siguientes factores:\n\nPresupuesto disponible: Eval\u00faa no solo el precio de compra, sino tambi\u00e9n el coste de mantenimiento y el consumo de combustible.\n\nUso diario: Si recorres largas distancias, prioriza modelos con buen consumo de combustible o versiones h\u00edbridas.\n\nConfort y espacio: Prueba el coche para comprobar si satisface tus necesidades de espacio y confort, especialmente si lo vas a utilizar en viajes.\n\nTecnolog\u00eda y seguridad: Aseg\u00farate de que el modelo ofrece caracter\u00edsticas como asistentes de conducci\u00f3n, control de estabilidad y conectividad.\n\nConclusi\u00f3n\nLos 10 sedanes de tama\u00f1o medio m\u00e1s vendidos en 2024 reflejan las principales preferencias de los consumidores. Modelos como el Toyota Corolla y el Honda Civic siguen en la cima, pero opciones como el Nissan Sentra y el Renault Megane Sedan han ganado protagonismo con sus innovaciones.\n\nYa sea por sus prestaciones, confort o tecnolog\u00eda, los sedanes de tama\u00f1o medio siguen siendo una excelente opci\u00f3n para familias y profesionales en Brasil. Al considerar tus prioridades, resulta m\u00e1s f\u00e1cil elegir el modelo que mejor se adapta a ti.\n\nPreguntas Frecuentes (FAQs)\n\u00bfCu\u00e1l es el sed\u00e1n de tama\u00f1o medio m\u00e1s vendido en 2024?\nEl Toyota Corolla ha sido el sed\u00e1n de tama\u00f1o medio m\u00e1s vendido en 2024. Destac\u00f3 por su combinaci\u00f3n de tecnolog\u00eda h\u00edbrida, confort y excelente valoraci\u00f3n en el mercado de segunda mano.\n\u00bfQu\u00e9 sed\u00e1n de tama\u00f1o medio ofrece la mejor relaci\u00f3n calidad-precio?\nEl Chevrolet Cruze es una excelente opci\u00f3n para quienes buscan una buena relaci\u00f3n calidad-precio. Ofrece un buen paquete de equipamiento, prestaciones equilibradas y consumo eficiente.\n\u00bfExisten opciones h\u00edbridas o el\u00e9ctricas entre los sedanes de tama\u00f1o medio m\u00e1s vendidos?\nS\u00ed, el Toyota Corolla cuenta con versiones h\u00edbridas que son muy populares, y el Renault Megane Sedan ha introducido una opci\u00f3n electrificada, centrada en la sostenibilidad.\n\u00bfQu\u00e9 sed\u00e1n de tama\u00f1o medio ofrece el mejor espacio interior?\nEl Nissan Sentra ha sido elogiado por su amplio espacio interior y confort, siendo una excelente opci\u00f3n para familias o viajes largos.\n\u00bfQu\u00e9 sed\u00e1n de tama\u00f1o medio es ideal para quienes buscan prestaciones deportivas?\nEl Volkswagen Jetta, especialmente la versi\u00f3n GLI, es perfecto para quienes buscan prestaciones deportivas sin renunciar al confort.\n\u00bfQu\u00e9 sed\u00e1n de tama\u00f1o medio tiene el mejor maletero?\nEl Honda Civic y el Toyota Corolla ofrecen maleteros amplios, ideales para viajes y para quienes necesitan m\u00e1s espacio en el d\u00eda a d\u00eda.\n\u00bfQu\u00e9 debo considerar al elegir un sed\u00e1n de tama\u00f1o medio?\nConsidera tu presupuesto, el consumo de combustible, el confort, el espacio interior y las caracter\u00edsticas de tecnolog\u00eda y seguridad que ofrece el modelo.\n\u00bfTienen los sedanes de tama\u00f1o medio una buena valoraci\u00f3n de reventa?\nS\u00ed, modelos como el Toyota Corolla y el Honda Civic son conocidos por su alta valoraci\u00f3n en el mercado de segunda mano, lo que garantiza una buena reventa.\n\u00bfCu\u00e1l es el sed\u00e1n de tama\u00f1o medio m\u00e1s eficiente en consumo de combustible?\n\n\n<div style=\"text-align: center; margin: 60px 0 40px 0;\">\n    <img decoding=\"async\" src=\"https:\/\/filmthai.moicaucachep.com\/wp-content\/uploads\/2026\/09\/car_api_20260905_092628_6590_2_optimized.jpg\" alt=\"\" style=\"width: 100%; height: auto; max-width: 600px; border-radius: 8px;\" \/>\n<\/div>\n\n\n\n<div style=\"height:20px\" aria-hidden=\"true\" class=\"wp-block-spacer\"><\/div>\n\n\nLos sedanes h\u00edbridos, como el Toyota Corolla Hybrid, ofrecen un mayor","protected":false},"excerpt":{"rendered":"<p>Os 10 Sedanes de Tamanho M\u00e9dio Mais Vendidos em 2024: Descubra os Campe\u00f5es de Vendas do Ano Table of content El mercado de sedanes de tama\u00f1o medio sigue muy animado en 2024. Con cada vez m\u00e1s opciones modernas, econ\u00f3micas y tecnol\u00f3gicas, estos veh\u00edculos siguen siendo la elecci\u00f3n de muchas familias y profesionales. Pero \u00bfqu\u00e9 modelos [&hellip;]<\/p>\n","protected":false},"author":1,"featured_media":12032,"comment_status":"closed","ping_status":"closed","sticky":false,"template":"","format":"standard","meta":{"footnotes":""},"categories":[1],"tags":[],"class_list":["post-12036","post","type-post","status-publish","format-standard","has-post-thumbnail","hentry","category-uncategorized"],"yoast_head":"<!-- This site is optimized with the Yoast SEO plugin v27.2 - https:\/\/yoast.com\/product\/yoast-seo-wordpress\/ -->\n<title>Parte 2 : N0409004_El presidente Trump acaba de confirmar que Cuba esta por caer. #notic_part2 - filmthai.moicaucachep.com<\/title>\n<meta name=\"robots\" content=\"index, follow, max-snippet:-1, max-image-preview:large, max-video-preview:-1\" \/>\n<link rel=\"canonical\" href=\"https:\/\/filmthai.moicaucachep.com\/?p=12036\" \/>\n<meta property=\"og:locale\" content=\"en_US\" \/>\n<meta property=\"og:type\" content=\"article\" \/>\n<meta property=\"og:title\" content=\"Parte 2 : N0409004_El presidente Trump acaba de confirmar que Cuba esta por caer. #notic_part2 - filmthai.moicaucachep.com\" \/>\n<meta property=\"og:description\" content=\"Os 10 Sedanes de Tamanho M\u00e9dio Mais Vendidos em 2024: Descubra os Campe\u00f5es de Vendas do Ano Table of content El mercado de sedanes de tama\u00f1o medio sigue muy animado en 2024. Con cada vez m\u00e1s opciones modernas, econ\u00f3micas y tecnol\u00f3gicas, estos veh\u00edculos siguen siendo la elecci\u00f3n de muchas familias y profesionales. Pero \u00bfqu\u00e9 modelos [&hellip;]\" \/>\n<meta property=\"og:url\" content=\"https:\/\/filmthai.moicaucachep.com\/?p=12036\" \/>\n<meta property=\"og:site_name\" content=\"filmthai.moicaucachep.com\" \/>\n<meta property=\"article:published_time\" content=\"2026-09-05T02:26:53+00:00\" \/>\n<meta property=\"og:image\" content=\"https:\/\/filmthai.moicaucachep.com\/wp-content\/uploads\/2026\/09\/fb_natural_20260905_092626.jpg\" \/>\n\t<meta property=\"og:image:width\" content=\"1920\" \/>\n\t<meta property=\"og:image:height\" content=\"1080\" \/>\n\t<meta property=\"og:image:type\" content=\"image\/jpeg\" \/>\n<meta name=\"author\" content=\"admin79\" \/>\n<meta name=\"twitter:card\" content=\"summary_large_image\" \/>\n<meta name=\"twitter:label1\" content=\"Written by\" \/>\n\t<meta name=\"twitter:data1\" content=\"admin79\" \/>\n\t<meta name=\"twitter:label2\" content=\"Est. reading time\" \/>\n\t<meta name=\"twitter:data2\" content=\"8 minutes\" \/>\n<script type=\"application\/ld+json\" class=\"yoast-schema-graph\">{\"@context\":\"https:\/\/schema.org\",\"@graph\":[{\"@type\":\"Article\",\"@id\":\"https:\/\/filmthai.moicaucachep.com\/?p=12036#article\",\"isPartOf\":{\"@id\":\"https:\/\/filmthai.moicaucachep.com\/?p=12036\"},\"author\":{\"name\":\"admin79\",\"@id\":\"https:\/\/filmthai.moicaucachep.com\/#\/schema\/person\/96407441b3c4e1f4e9b03285253562c1\"},\"headline\":\"Parte 2 : N0409004_El presidente Trump acaba de confirmar que Cuba esta por caer. #notic_part2\",\"datePublished\":\"2026-09-05T02:26:53+00:00\",\"mainEntityOfPage\":{\"@id\":\"https:\/\/filmthai.moicaucachep.com\/?p=12036\"},\"wordCount\":1592,\"image\":{\"@id\":\"https:\/\/filmthai.moicaucachep.com\/?p=12036#primaryimage\"},\"thumbnailUrl\":\"https:\/\/filmthai.moicaucachep.com\/wp-content\/uploads\/2026\/09\/fb_natural_20260905_092626.jpg\",\"inLanguage\":\"en-US\"},{\"@type\":\"WebPage\",\"@id\":\"https:\/\/filmthai.moicaucachep.com\/?p=12036\",\"url\":\"https:\/\/filmthai.moicaucachep.com\/?p=12036\",\"name\":\"Parte 2 : N0409004_El presidente Trump acaba de confirmar que Cuba esta por caer. #notic_part2 - filmthai.moicaucachep.com\",\"isPartOf\":{\"@id\":\"https:\/\/filmthai.moicaucachep.com\/#website\"},\"primaryImageOfPage\":{\"@id\":\"https:\/\/filmthai.moicaucachep.com\/?p=12036#primaryimage\"},\"image\":{\"@id\":\"https:\/\/filmthai.moicaucachep.com\/?p=12036#primaryimage\"},\"thumbnailUrl\":\"https:\/\/filmthai.moicaucachep.com\/wp-content\/uploads\/2026\/09\/fb_natural_20260905_092626.jpg\",\"datePublished\":\"2026-09-05T02:26:53+00:00\",\"author\":{\"@id\":\"https:\/\/filmthai.moicaucachep.com\/#\/schema\/person\/96407441b3c4e1f4e9b03285253562c1\"},\"breadcrumb\":{\"@id\":\"https:\/\/filmthai.moicaucachep.com\/?p=12036#breadcrumb\"},\"inLanguage\":\"en-US\",\"potentialAction\":[{\"@type\":\"ReadAction\",\"target\":[\"https:\/\/filmthai.moicaucachep.com\/?p=12036\"]}]},{\"@type\":\"ImageObject\",\"inLanguage\":\"en-US\",\"@id\":\"https:\/\/filmthai.moicaucachep.com\/?p=12036#primaryimage\",\"url\":\"https:\/\/filmthai.moicaucachep.com\/wp-content\/uploads\/2026\/09\/fb_natural_20260905_092626.jpg\",\"contentUrl\":\"https:\/\/filmthai.moicaucachep.com\/wp-content\/uploads\/2026\/09\/fb_natural_20260905_092626.jpg\",\"width\":1920,\"height\":1080},{\"@type\":\"BreadcrumbList\",\"@id\":\"https:\/\/filmthai.moicaucachep.com\/?p=12036#breadcrumb\",\"itemListElement\":[{\"@type\":\"ListItem\",\"position\":1,\"name\":\"Home\",\"item\":\"https:\/\/filmthai.moicaucachep.com\/\"},{\"@type\":\"ListItem\",\"position\":2,\"name\":\"Parte 2 : N0409004_El presidente Trump acaba de confirmar que Cuba esta por caer. #notic_part2\"}]},{\"@type\":\"WebSite\",\"@id\":\"https:\/\/filmthai.moicaucachep.com\/#website\",\"url\":\"https:\/\/filmthai.moicaucachep.com\/\",\"name\":\"filmthai.moicaucachep.com\",\"description\":\"\",\"potentialAction\":[{\"@type\":\"SearchAction\",\"target\":{\"@type\":\"EntryPoint\",\"urlTemplate\":\"https:\/\/filmthai.moicaucachep.com\/?s={search_term_string}\"},\"query-input\":{\"@type\":\"PropertyValueSpecification\",\"valueRequired\":true,\"valueName\":\"search_term_string\"}}],\"inLanguage\":\"en-US\"},{\"@type\":\"Person\",\"@id\":\"https:\/\/filmthai.moicaucachep.com\/#\/schema\/person\/96407441b3c4e1f4e9b03285253562c1\",\"name\":\"admin79\",\"image\":{\"@type\":\"ImageObject\",\"inLanguage\":\"en-US\",\"@id\":\"https:\/\/secure.gravatar.com\/avatar\/c07df73f87635fa9e5b07814d09d4e493a5ddc196989004f6090464d1a87c9a6?s=96&d=mm&r=g\",\"url\":\"https:\/\/secure.gravatar.com\/avatar\/c07df73f87635fa9e5b07814d09d4e493a5ddc196989004f6090464d1a87c9a6?s=96&d=mm&r=g\",\"contentUrl\":\"https:\/\/secure.gravatar.com\/avatar\/c07df73f87635fa9e5b07814d09d4e493a5ddc196989004f6090464d1a87c9a6?s=96&d=mm&r=g\",\"caption\":\"admin79\"},\"sameAs\":[\"http:\/\/filmthai.moicaucachep.com\"],\"url\":\"https:\/\/filmthai.moicaucachep.com\/?author=1\"}]}<\/script>\n<!-- \/ Yoast SEO plugin. -->","yoast_head_json":{"title":"Parte 2 : N0409004_El presidente Trump acaba de confirmar que Cuba esta por caer. #notic_part2 - filmthai.moicaucachep.com","robots":{"index":"index","follow":"follow","max-snippet":"max-snippet:-1","max-image-preview":"max-image-preview:large","max-video-preview":"max-video-preview:-1"},"canonical":"https:\/\/filmthai.moicaucachep.com\/?p=12036","og_locale":"en_US","og_type":"article","og_title":"Parte 2 : N0409004_El presidente Trump acaba de confirmar que Cuba esta por caer. #notic_part2 - filmthai.moicaucachep.com","og_description":"Os 10 Sedanes de Tamanho M\u00e9dio Mais Vendidos em 2024: Descubra os Campe\u00f5es de Vendas do Ano Table of content El mercado de sedanes de tama\u00f1o medio sigue muy animado en 2024. Con cada vez m\u00e1s opciones modernas, econ\u00f3micas y tecnol\u00f3gicas, estos veh\u00edculos siguen siendo la elecci\u00f3n de muchas familias y profesionales. Pero \u00bfqu\u00e9 modelos [&hellip;]","og_url":"https:\/\/filmthai.moicaucachep.com\/?p=12036","og_site_name":"filmthai.moicaucachep.com","article_published_time":"2026-09-05T02:26:53+00:00","og_image":[{"width":1920,"height":1080,"url":"https:\/\/filmthai.moicaucachep.com\/wp-content\/uploads\/2026\/09\/fb_natural_20260905_092626.jpg","type":"image\/jpeg"}],"author":"admin79","twitter_card":"summary_large_image","twitter_misc":{"Written by":"admin79","Est. reading time":"8 minutes"},"schema":{"@context":"https:\/\/schema.org","@graph":[{"@type":"Article","@id":"https:\/\/filmthai.moicaucachep.com\/?p=12036#article","isPartOf":{"@id":"https:\/\/filmthai.moicaucachep.com\/?p=12036"},"author":{"name":"admin79","@id":"https:\/\/filmthai.moicaucachep.com\/#\/schema\/person\/96407441b3c4e1f4e9b03285253562c1"},"headline":"Parte 2 : N0409004_El presidente Trump acaba de confirmar que Cuba esta por caer. #notic_part2","datePublished":"2026-09-05T02:26:53+00:00","mainEntityOfPage":{"@id":"https:\/\/filmthai.moicaucachep.com\/?p=12036"},"wordCount":1592,"image":{"@id":"https:\/\/filmthai.moicaucachep.com\/?p=12036#primaryimage"},"thumbnailUrl":"https:\/\/filmthai.moicaucachep.com\/wp-content\/uploads\/2026\/09\/fb_natural_20260905_092626.jpg","inLanguage":"en-US"},{"@type":"WebPage","@id":"https:\/\/filmthai.moicaucachep.com\/?p=12036","url":"https:\/\/filmthai.moicaucachep.com\/?p=12036","name":"Parte 2 : N0409004_El presidente Trump acaba de confirmar que Cuba esta por caer. #notic_part2 - filmthai.moicaucachep.com","isPartOf":{"@id":"https:\/\/filmthai.moicaucachep.com\/#website"},"primaryImageOfPage":{"@id":"https:\/\/filmthai.moicaucachep.com\/?p=12036#primaryimage"},"image":{"@id":"https:\/\/filmthai.moicaucachep.com\/?p=12036#primaryimage"},"thumbnailUrl":"https:\/\/filmthai.moicaucachep.com\/wp-content\/uploads\/2026\/09\/fb_natural_20260905_092626.jpg","datePublished":"2026-09-05T02:26:53+00:00","author":{"@id":"https:\/\/filmthai.moicaucachep.com\/#\/schema\/person\/96407441b3c4e1f4e9b03285253562c1"},"breadcrumb":{"@id":"https:\/\/filmthai.moicaucachep.com\/?p=12036#breadcrumb"},"inLanguage":"en-US","potentialAction":[{"@type":"ReadAction","target":["https:\/\/filmthai.moicaucachep.com\/?p=12036"]}]},{"@type":"ImageObject","inLanguage":"en-US","@id":"https:\/\/filmthai.moicaucachep.com\/?p=12036#primaryimage","url":"https:\/\/filmthai.moicaucachep.com\/wp-content\/uploads\/2026\/09\/fb_natural_20260905_092626.jpg","contentUrl":"https:\/\/filmthai.moicaucachep.com\/wp-content\/uploads\/2026\/09\/fb_natural_20260905_092626.jpg","width":1920,"height":1080},{"@type":"BreadcrumbList","@id":"https:\/\/filmthai.moicaucachep.com\/?p=12036#breadcrumb","itemListElement":[{"@type":"ListItem","position":1,"name":"Home","item":"https:\/\/filmthai.moicaucachep.com\/"},{"@type":"ListItem","position":2,"name":"Parte 2 : N0409004_El presidente Trump acaba de confirmar que Cuba esta por caer. #notic_part2"}]},{"@type":"WebSite","@id":"https:\/\/filmthai.moicaucachep.com\/#website","url":"https:\/\/filmthai.moicaucachep.com\/","name":"filmthai.moicaucachep.com","description":"","potentialAction":[{"@type":"SearchAction","target":{"@type":"EntryPoint","urlTemplate":"https:\/\/filmthai.moicaucachep.com\/?s={search_term_string}"},"query-input":{"@type":"PropertyValueSpecification","valueRequired":true,"valueName":"search_term_string"}}],"inLanguage":"en-US"},{"@type":"Person","@id":"https:\/\/filmthai.moicaucachep.com\/#\/schema\/person\/96407441b3c4e1f4e9b03285253562c1","name":"admin79","image":{"@type":"ImageObject","inLanguage":"en-US","@id":"https:\/\/secure.gravatar.com\/avatar\/c07df73f87635fa9e5b07814d09d4e493a5ddc196989004f6090464d1a87c9a6?s=96&d=mm&r=g","url":"https:\/\/secure.gravatar.com\/avatar\/c07df73f87635fa9e5b07814d09d4e493a5ddc196989004f6090464d1a87c9a6?s=96&d=mm&r=g","contentUrl":"https:\/\/secure.gravatar.com\/avatar\/c07df73f87635fa9e5b07814d09d4e493a5ddc196989004f6090464d1a87c9a6?s=96&d=mm&r=g","caption":"admin79"},"sameAs":["http:\/\/filmthai.moicaucachep.com"],"url":"https:\/\/filmthai.moicaucachep.com\/?author=1"}]}},"_links":{"self":[{"href":"https:\/\/filmthai.moicaucachep.com\/index.php?rest_route=\/wp\/v2\/posts\/12036","targetHints":{"allow":["GET"]}}],"collection":[{"href":"https:\/\/filmthai.moicaucachep.com\/index.php?rest_route=\/wp\/v2\/posts"}],"about":[{"href":"https:\/\/filmthai.moicaucachep.com\/index.php?rest_route=\/wp\/v2\/types\/post"}],"author":[{"embeddable":true,"href":"https:\/\/filmthai.moicaucachep.com\/index.php?rest_route=\/wp\/v2\/users\/1"}],"replies":[{"embeddable":true,"href":"https:\/\/filmthai.moicaucachep.com\/index.php?rest_route=%2Fwp%2Fv2%2Fcomments&post=12036"}],"version-history":[{"count":1,"href":"https:\/\/filmthai.moicaucachep.com\/index.php?rest_route=\/wp\/v2\/posts\/12036\/revisions"}],"predecessor-version":[{"id":12037,"href":"https:\/\/filmthai.moicaucachep.com\/index.php?rest_route=\/wp\/v2\/posts\/12036\/revisions\/12037"}],"wp:featuredmedia":[{"embeddable":true,"href":"https:\/\/filmthai.moicaucachep.com\/index.php?rest_route=\/wp\/v2\/media\/12032"}],"wp:attachment":[{"href":"https:\/\/filmthai.moicaucachep.com\/index.php?rest_route=%2Fwp%2Fv2%2Fmedia&parent=12036"}],"wp:term":[{"taxonomy":"category","embeddable":true,"href":"https:\/\/filmthai.moicaucachep.com\/index.php?rest_route=%2Fwp%2Fv2%2Fcategories&post=12036"},{"taxonomy":"post_tag","embeddable":true,"href":"https:\/\/filmthai.moicaucachep.com\/index.php?rest_route=%2Fwp%2Fv2%2Ftags&post=12036"}],"curies":[{"name":"wp","href":"https:\/\/api.w.org\/{rel}","templated":true}]}}