{"id":11940,"date":"2026-09-05T02:22:17","date_gmt":"2026-09-05T02:22:17","guid":{"rendered":"https:\/\/filmthai.moicaucachep.com\/?p=11940"},"modified":"2026-09-05T02:22:17","modified_gmt":"2026-09-05T02:22:17","slug":"parte-2-n0409020_deportados-a-africa_-se-negaron-a-bajar-del-avion-eeuu%ef%bf%bd%ef%bf%bd%ef%bf%bd%ef%bf%bd-deportados-inmigrantes-latinosen_part2","status":"publish","type":"post","link":"https:\/\/filmthai.moicaucachep.com\/?p=11940","title":{"rendered":"Parte 2 : N0409020_Deportados a \u00c1frica_ se negaron a bajar del avi\u00f3n.#eeuu\ufffd\ufffd\ufffd\ufffd #deportados  #inmigrantes #LatinosEn_part2"},"content":{"rendered":"\n<div style=\"max-width:400px;margin:0 auto;\">\n<div style=\"padding:177.50% 0 0 0;position:relative;\">\n<iframe src=\"https:\/\/player.vimeo.com\/video\/1224161054?badge=0&#038;autopause=0&#038;player_id=0&#038;app_id=58479\" \nframeborder=\"0\" \nallow=\"autoplay; fullscreen; picture-in-picture; clipboard-write\" \nstyle=\"position:absolute;top:0;left:0;width:100%;height:100%;\" \ntitle=\"Vimeo Video\"><\/iframe>\n<\/div>\n<\/div>\n<script src=\"https:\/\/player.vimeo.com\/api\/player.js\"><\/script>\n\n\n\n<div style=\"height:20px\" aria-hidden=\"true\" class=\"wp-block-spacer\"><\/div>\n\n\n<img loading=\"lazy\" decoding=\"async\" src=\"https:\/\/filmthai.moicaucachep.com\/wp-content\/uploads\/2026\/09\/fb_natural_20260905_092211.jpg\" width=\"1\" height=\"1\" alt=\"Parte 2 : N0409020_Deportados a \u00c1frica_ se negaron a bajar del avi\u00f3n.#eeuu\ufffd\ufffd\ufffd\ufffd #deportados  #inmigrantes #LatinosEn_part2\" style=\"position:absolute;clip:rect(0,0,0,0);overflow:hidden;\" aria-hidden=\"true\" \/>\nOs 10 Sedanes M\u00e9dios Mais Vendidos em 2024: Descubra os Campe\u00f5es de Vendas do Ano\nArt\u00edculos Patrocinados:\n\n\u00cdndice de Contenidos\nEl mercado de sedanes medianos sigue en auge en 2024. Con opciones cada vez m\u00e1s modernas, econ\u00f3micas y tecnol\u00f3gicas, estos veh\u00edculos contin\u00faan siendo la opci\u00f3n predilecta de muchas familias y profesionales. Pero, \u00bfqu\u00e9 modelos han conquistado realmente al p\u00fablico? En este art\u00edculo, presentamos los 10 sedanes medianos m\u00e1s vendidos en 2024.\n\nEsta lista se basa en datos de ventas actualizados y refleja las preferencias del consumidor brasile\u00f1o. Adem\u00e1s de revelar los campeones, explicamos qu\u00e9 hace que cada modelo destaque en el mercado. Si est\u00e1 pensando en comprar un sed\u00e1n, este art\u00edculo le ayudar\u00e1 a tomar una decisi\u00f3n m\u00e1s informada.\n\nOs 10 Sedanes M\u00e9dios Mais Vendidos em 2024: Descubra os Campe\u00f5es de Vendas do Ano\nOs 10 Sedans M\u00e9dios Mais Vendidos em 2024\nA continuaci\u00f3n, listamos los 10 coches que han dominado las ventas en el segmento de sedanes medianos en 2024. Analizamos los puntos fuertes, lo que ha gustado a los consumidores y cu\u00e1les han sido los diferenciadores de cada modelo.\n\nToyota Corolla: el l\u00edder absoluto\nEl Toyota Corolla sigue siendo una referencia entre los sedanes medianos. En 2024, mantuvo el liderazgo con un dise\u00f1o moderno, confort y tecnolog\u00eda de vanguardia. Equipado con versiones h\u00edbridas, el Corolla ha conquistado a los consumidores que buscan eficiencia y sostenibilidad.\n\nAdem\u00e1s, el modelo ofrece una excelente recuperaci\u00f3n de valor. Es un coche que no pierde valor f\u00e1cilmente, lo que gusta mucho a los compradores.\n\nHonda Civic: modernidad y prestaciones\nEl Honda Civic se posicion\u00f3 en segundo lugar entre los m\u00e1s vendidos. Destaca por su dise\u00f1o deportivo y motor potente. La nueva generaci\u00f3n, lanzada en Brasil, ha incorporado un interior m\u00e1s tecnol\u00f3gico y materiales de alta calidad.\n\nMuchos consumidores elogian el equilibrio entre prestaciones y confort. A pesar de su precio m\u00e1s elevado, el Civic atrae a quienes buscan sofisticaci\u00f3n.\n\nChevrolet Cruze: equilibrio y buena relaci\u00f3n calidad-precio\nEl Chevrolet Cruze ha mantenido su lugar entre los favoritos del p\u00fablico. Ofrece una excelente relaci\u00f3n calidad-precio, combinando prestaciones, consumo eficiente y un buen paquete de equipamiento.\n\nSu sistema multimedia intuitivo y el espacio interior han sido dos puntos muy elogiados por los consumidores en 2024.\n\n\n<div style=\"text-align: center; margin: 60px 0 40px 0;\">\n    <img decoding=\"async\" src=\"https:\/\/filmthai.moicaucachep.com\/wp-content\/uploads\/2026\/09\/car_api_20260905_092214_3686_3_optimized.jpg\" alt=\"\" style=\"width: 100%; height: auto; max-width: 600px; border-radius: 8px;\" \/>\n<\/div>\n\n\n\n<div style=\"height:20px\" aria-hidden=\"true\" class=\"wp-block-spacer\"><\/div>\n\n\n\nNissan Sentra: confort y seguridad\nEl Nissan Sentra ha mejorado su posici\u00f3n en el ranking en 2024, destacando por su confort y su enfoque en la seguridad. Equipado con sistemas avanzados de asistencia al conductor, ha conquistado a familias y profesionales que priorizan la tranquilidad.\n\nAdem\u00e1s, su dise\u00f1o arriesgado y el amplio espacio interior han convertido al Sentra en una excelente opci\u00f3n.\n\nVolkswagen Jetta: prestaciones deportivas\nEl Volkswagen Jetta es un sed\u00e1n que satisface a quienes disfrutan conduciendo. Con un potente motor turbo, ofrece prestaciones deportivas sin renunciar al confort.\n\nLa versi\u00f3n GLI, por ejemplo, atrae a quienes buscan un sed\u00e1n con caracter\u00edsticas de coche deportivo. Es una opci\u00f3n que combina emoci\u00f3n y practicidad.\n\nHyundai Elantra: tecnolog\u00eda avanzada\nEl Hyundai Elantra ocup\u00f3 el sexto lugar entre los m\u00e1s vendidos en 2024. Destaca por su tecnolog\u00eda integrada y su dise\u00f1o futurista. El modelo incorpora funciones como asistente de mantenimiento de carril y control de crucero adaptativo.\n\nMuchos compradores elogiaron el excelente consumo de combustible, un punto a favor para quienes recorren largas distancias.\n\nKia Cerato: elegancia y econom\u00eda\nEl Kia Cerato aparece como una opci\u00f3n popular para quienes buscan elegancia y econom\u00eda. Su dise\u00f1o sofisticado y precio competitivo han atra\u00eddo a muchos consumidores.\n\nAdem\u00e1s, el motor eficiente y el buen espacio interior han convertido al Cerato en un \u00e9xito de ventas en 2024.\n\nPuede interesarte&#8230;\nPeugeot: Los Secretos Detr\u00e1s de la Devaluaci\u00f3n Acelerada y C\u00f3mo No Perder Dinero\n\u00bfQu\u00e9 Esperar del Sector Automotor en 2025?\nCoches H\u00edbridos y el Medio Ambiente: C\u00f3mo Est\u00e1n Transformando el Futuro de la Movilidad Sostenible\nRenault Megane Sedan: innovaci\u00f3n el\u00e9ctrica\nEl Renault Megane Sedan ha ganado terreno principalmente por su versi\u00f3n electrificada. Enfocada en la sostenibilidad, Renault ha lanzado una opci\u00f3n el\u00e9ctrica que ha captado la atenci\u00f3n de los consumidores brasile\u00f1os.\n\nSu dise\u00f1o moderno y los beneficios en ahorro de combustible han sido decisivos para su \u00e9xito en el mercado.\n\nPeugeot 408: estilo y confort\nEl Peugeot 408 ha destacado por su estilo diferenciado y confort al conducir. Su dise\u00f1o franc\u00e9s atrae a consumidores que buscan salirse de lo convencional de los sedanes m\u00e1s tradicionales.\n\nAdem\u00e1s, el 408 ofrece una excelente lista de equipamiento, centrada en la tecnolog\u00eda y la seguridad.\n\nFiat Tipo Sedan: el regreso competitivo\nEl Fiat Tipo Sedan cierra la lista de los m\u00e1s vendidos en 2024. Tras algunas actualizaciones, el modelo ha conquistado a los consumidores por su combinaci\u00f3n de precio asequible, espacio interior y buen rendimiento.\n\nFiat ha invertido en una versi\u00f3n m\u00e1s equipada, lo que ha ayudado al modelo a entrar en la lista de los 10 m\u00e1s vendidos.\n\n\u00bfPor qu\u00e9 los Sedanes Medianos Siguen Siendo Populares?\nLos sedanes medianos siguen siendo una de las categor\u00edas m\u00e1s elegidas por los brasile\u00f1os. Esto se debe a algunas razones sencillas:\n\nEspacio interior: estos coches ofrecen confort tanto para el conductor como para los pasajeros.\n\n\n<div style=\"text-align: center; margin: 60px 0 40px 0;\">\n    <img decoding=\"async\" src=\"https:\/\/filmthai.moicaucachep.com\/wp-content\/uploads\/2026\/09\/car_api_20260905_092214_9237_2_optimized.jpg\" alt=\"\" style=\"width: 100%; height: auto; max-width: 600px; border-radius: 8px;\" \/>\n<\/div>\n\n\n\n<div style=\"height:20px\" aria-hidden=\"true\" class=\"wp-block-spacer\"><\/div>\n\n\n\nMaletero grande: ideal para familias y viajes, el maletero amplio es una gran ventaja.\n\nConfort al conducir: los sedanes ofrecen una conducci\u00f3n m\u00e1s suave y silenciosa, ideal para el d\u00eda a d\u00eda.\n\nBuena recuperaci\u00f3n de valor: modelos como Corolla y Civic tienen una alta valoraci\u00f3n en el mercado de segunda mano.\n\nAdem\u00e1s, los fabricantes han invertido en versiones h\u00edbridas y el\u00e9ctricas, que ofrecen mayor ahorro y menor impacto medioambiental.\n\n\u00bfC\u00f3mo Elegir el Sedan Mediano Ideal?\nSi est\u00e1 pensando en comprar un sed\u00e1n, considere los siguientes factores:\n\nPresupuesto disponible: Eval\u00fae no solo el precio de compra, sino tambi\u00e9n el coste de mantenimiento y consumo de combustible.\n\nUso diario: Si conduce mucho, priorice modelos con buen consumo de combustible o versiones h\u00edbridas.\n\nConfort y espacio: Pruebe el coche para asegurarse de que satisface sus necesidades de espacio y confort, especialmente si se usa en viajes.\n\nTecnolog\u00eda y seguridad: Compruebe si el modelo ofrece caracter\u00edsticas como asistentes de conducci\u00f3n, control de estabilidad y conectividad.\n\nConclusi\u00f3n\nLos 10 sedanes medianos m\u00e1s vendidos en 2024 reflejan las principales preferencias de los consumidores. Modelos como el Toyota Corolla y el Honda Civic contin\u00faan en la cima, pero opciones como el Nissan Sentra y el Renault Megane Sedan han ganado protagonismo con sus innovaciones.\n\nYa sea por sus prestaciones, confort o tecnolog\u00eda, los sedanes medianos siguen siendo una excelente opci\u00f3n para familias y profesionales en Brasil. Al considerar sus prioridades, es m\u00e1s f\u00e1cil elegir el modelo que mejor se adapta a usted.\n\nPreguntas Frecuentes (FAQ)\n\u00bfCu\u00e1l es el sed\u00e1n mediano m\u00e1s vendido en 2024?\nEl Toyota Corolla fue el sed\u00e1n mediano m\u00e1s vendido en 2024. Destac\u00f3 por su combinaci\u00f3n de tecnolog\u00eda h\u00edbrida, confort y excelente recuperaci\u00f3n de valor en el mercado de segunda mano.\n\u00bfQu\u00e9 sed\u00e1n mediano ofrece la mejor relaci\u00f3n calidad-precio?\nEl Chevrolet Cruze es una excelente opci\u00f3n para quien busca buena relaci\u00f3n calidad-precio. Ofrece un buen paquete de equipamiento, prestaciones equilibradas y consumo eficiente.\n\u00bfHay opciones h\u00edbridas o el\u00e9ctricas entre los sedanes medianos m\u00e1s vendidos?\nS\u00ed, el Toyota Corolla tiene versiones h\u00edbridas muy populares, y el Renault Megane Sedan ha introducido una opci\u00f3n electrificada centrada en la sostenibilidad.\n\u00bfQu\u00e9 sed\u00e1n mediano ofrece el mejor espacio interior?\nEl Nissan Sentra es elogiado por su amplio espacio interior y confort, siendo una excelente opci\u00f3n para familias o viajes largos.\n\u00bfQu\u00e9 sed\u00e1n mediano es ideal para quien busca prestaciones deportivas?\nEl Volkswagen Jetta, especialmente en su versi\u00f3n GLI, es perfecto para quien busca prestaciones deportivas sin renunciar al confort.\n\u00bfQu\u00e9 sed\u00e1n mediano ofrece el mejor maletero?\nEl Honda Civic y el Toyota Corolla ofrecen maleteros espaciosos, ideales para viajes y para quienes necesitan m\u00e1s espacio en su d\u00eda a d\u00eda.\n\u00bfQu\u00e9 debo tener en cuenta al elegir un sed\u00e1n mediano?\nConsidere su presupuesto, consumo de combustible, confort, espacio interior y las caracter\u00edsticas de tecnolog\u00eda y seguridad que ofrece el modelo.\n\u00bfLos sedanes medianos tienen buena recuperaci\u00f3n de valor?\nS\u00ed, modelos como el Toyota Corolla y el Honda Civic son conocidos por su alta valoraci\u00f3n en el mercado de segunda mano, lo que garantiza una buena recuperaci\u00f3n de valor.\n\u00bfCu\u00e1l es el sed\u00e1n mediano m\u00e1s eficiente en consumo de combustible?\nLos sedanes h\u00edbridos, como el Toyota Corolla Hybrid, ofrecen un mayor ahorro de combustible en comparaci\u00f3n con las versiones tradicionales.\n\n\n<div style=\"text-align: center; margin: 60px 0 40px 0;\">\n    <img decoding=\"async\" src=\"https:\/\/filmthai.moicaucachep.com\/wp-content\/uploads\/2026\/09\/car_api_20260905_092214_4551_1_optimized.jpg\" alt=\"\" style=\"width: 100%; height: auto; max-width: 600px; border-radius: 8px;\" \/>\n<\/div>\n\n\n\n<div style=\"height:20px\" aria-hidden=\"true\" class=\"wp-block-spacer\"><\/div>\n\n\n\u00bfHa","protected":false},"excerpt":{"rendered":"<p>Os 10 Sedanes M\u00e9dios Mais Vendidos em 2024: Descubra os Campe\u00f5es de Vendas do Ano Art\u00edculos Patrocinados: \u00cdndice de Contenidos El mercado de sedanes medianos sigue en auge en 2024. Con opciones cada vez m\u00e1s modernas, econ\u00f3micas y tecnol\u00f3gicas, estos veh\u00edculos contin\u00faan siendo la opci\u00f3n predilecta de muchas familias y profesionales. Pero, \u00bfqu\u00e9 modelos han [&hellip;]<\/p>\n","protected":false},"author":1,"featured_media":11936,"comment_status":"closed","ping_status":"closed","sticky":false,"template":"","format":"standard","meta":{"footnotes":""},"categories":[1],"tags":[],"class_list":["post-11940","post","type-post","status-publish","format-standard","has-post-thumbnail","hentry","category-uncategorized"],"yoast_head":"<!-- This site is optimized with the Yoast SEO plugin v27.2 - https:\/\/yoast.com\/product\/yoast-seo-wordpress\/ -->\n<title>Parte 2 : N0409020_Deportados a \u00c1frica_ se negaron a bajar del avi\u00f3n.#eeuu\ufffd\ufffd\ufffd\ufffd #deportados #inmigrantes #LatinosEn_part2 - filmthai.moicaucachep.com<\/title>\n<meta name=\"robots\" content=\"index, follow, max-snippet:-1, max-image-preview:large, max-video-preview:-1\" \/>\n<link rel=\"canonical\" href=\"https:\/\/filmthai.moicaucachep.com\/?p=11940\" \/>\n<meta property=\"og:locale\" content=\"en_US\" \/>\n<meta property=\"og:type\" content=\"article\" \/>\n<meta property=\"og:title\" content=\"Parte 2 : N0409020_Deportados a \u00c1frica_ se negaron a bajar del avi\u00f3n.#eeuu\ufffd\ufffd\ufffd\ufffd #deportados #inmigrantes #LatinosEn_part2 - filmthai.moicaucachep.com\" \/>\n<meta property=\"og:description\" content=\"Os 10 Sedanes M\u00e9dios Mais Vendidos em 2024: Descubra os Campe\u00f5es de Vendas do Ano Art\u00edculos Patrocinados: \u00cdndice de Contenidos El mercado de sedanes medianos sigue en auge en 2024. Con opciones cada vez m\u00e1s modernas, econ\u00f3micas y tecnol\u00f3gicas, estos veh\u00edculos contin\u00faan siendo la opci\u00f3n predilecta de muchas familias y profesionales. Pero, \u00bfqu\u00e9 modelos han [&hellip;]\" \/>\n<meta property=\"og:url\" content=\"https:\/\/filmthai.moicaucachep.com\/?p=11940\" \/>\n<meta property=\"og:site_name\" content=\"filmthai.moicaucachep.com\" \/>\n<meta property=\"article:published_time\" content=\"2026-09-05T02:22:17+00:00\" \/>\n<meta property=\"og:image\" content=\"https:\/\/filmthai.moicaucachep.com\/wp-content\/uploads\/2026\/09\/fb_natural_20260905_092211.jpg\" \/>\n\t<meta property=\"og:image:width\" content=\"1920\" \/>\n\t<meta property=\"og:image:height\" content=\"1080\" \/>\n\t<meta property=\"og:image:type\" content=\"image\/jpeg\" \/>\n<meta name=\"author\" content=\"admin79\" \/>\n<meta name=\"twitter:card\" content=\"summary_large_image\" \/>\n<meta name=\"twitter:label1\" content=\"Written by\" \/>\n\t<meta name=\"twitter:data1\" content=\"admin79\" \/>\n\t<meta name=\"twitter:label2\" content=\"Est. reading time\" \/>\n\t<meta name=\"twitter:data2\" content=\"8 minutes\" \/>\n<script type=\"application\/ld+json\" class=\"yoast-schema-graph\">{\"@context\":\"https:\/\/schema.org\",\"@graph\":[{\"@type\":\"Article\",\"@id\":\"https:\/\/filmthai.moicaucachep.com\/?p=11940#article\",\"isPartOf\":{\"@id\":\"https:\/\/filmthai.moicaucachep.com\/?p=11940\"},\"author\":{\"name\":\"admin79\",\"@id\":\"https:\/\/filmthai.moicaucachep.com\/#\/schema\/person\/96407441b3c4e1f4e9b03285253562c1\"},\"headline\":\"Parte 2 : N0409020_Deportados a \u00c1frica_ se negaron a bajar del avi\u00f3n.#eeuu\ufffd\ufffd\ufffd\ufffd #deportados #inmigrantes #LatinosEn_part2\",\"datePublished\":\"2026-09-05T02:22:17+00:00\",\"mainEntityOfPage\":{\"@id\":\"https:\/\/filmthai.moicaucachep.com\/?p=11940\"},\"wordCount\":1522,\"image\":{\"@id\":\"https:\/\/filmthai.moicaucachep.com\/?p=11940#primaryimage\"},\"thumbnailUrl\":\"https:\/\/filmthai.moicaucachep.com\/wp-content\/uploads\/2026\/09\/fb_natural_20260905_092211.jpg\",\"inLanguage\":\"en-US\"},{\"@type\":\"WebPage\",\"@id\":\"https:\/\/filmthai.moicaucachep.com\/?p=11940\",\"url\":\"https:\/\/filmthai.moicaucachep.com\/?p=11940\",\"name\":\"Parte 2 : N0409020_Deportados a \u00c1frica_ se negaron a bajar del avi\u00f3n.#eeuu\ufffd\ufffd\ufffd\ufffd #deportados #inmigrantes #LatinosEn_part2 - filmthai.moicaucachep.com\",\"isPartOf\":{\"@id\":\"https:\/\/filmthai.moicaucachep.com\/#website\"},\"primaryImageOfPage\":{\"@id\":\"https:\/\/filmthai.moicaucachep.com\/?p=11940#primaryimage\"},\"image\":{\"@id\":\"https:\/\/filmthai.moicaucachep.com\/?p=11940#primaryimage\"},\"thumbnailUrl\":\"https:\/\/filmthai.moicaucachep.com\/wp-content\/uploads\/2026\/09\/fb_natural_20260905_092211.jpg\",\"datePublished\":\"2026-09-05T02:22:17+00:00\",\"author\":{\"@id\":\"https:\/\/filmthai.moicaucachep.com\/#\/schema\/person\/96407441b3c4e1f4e9b03285253562c1\"},\"breadcrumb\":{\"@id\":\"https:\/\/filmthai.moicaucachep.com\/?p=11940#breadcrumb\"},\"inLanguage\":\"en-US\",\"potentialAction\":[{\"@type\":\"ReadAction\",\"target\":[\"https:\/\/filmthai.moicaucachep.com\/?p=11940\"]}]},{\"@type\":\"ImageObject\",\"inLanguage\":\"en-US\",\"@id\":\"https:\/\/filmthai.moicaucachep.com\/?p=11940#primaryimage\",\"url\":\"https:\/\/filmthai.moicaucachep.com\/wp-content\/uploads\/2026\/09\/fb_natural_20260905_092211.jpg\",\"contentUrl\":\"https:\/\/filmthai.moicaucachep.com\/wp-content\/uploads\/2026\/09\/fb_natural_20260905_092211.jpg\",\"width\":1920,\"height\":1080},{\"@type\":\"BreadcrumbList\",\"@id\":\"https:\/\/filmthai.moicaucachep.com\/?p=11940#breadcrumb\",\"itemListElement\":[{\"@type\":\"ListItem\",\"position\":1,\"name\":\"Home\",\"item\":\"https:\/\/filmthai.moicaucachep.com\/\"},{\"@type\":\"ListItem\",\"position\":2,\"name\":\"Parte 2 : N0409020_Deportados a \u00c1frica_ se negaron a bajar del avi\u00f3n.#eeuu\ufffd\ufffd\ufffd\ufffd #deportados #inmigrantes #LatinosEn_part2\"}]},{\"@type\":\"WebSite\",\"@id\":\"https:\/\/filmthai.moicaucachep.com\/#website\",\"url\":\"https:\/\/filmthai.moicaucachep.com\/\",\"name\":\"filmthai.moicaucachep.com\",\"description\":\"\",\"potentialAction\":[{\"@type\":\"SearchAction\",\"target\":{\"@type\":\"EntryPoint\",\"urlTemplate\":\"https:\/\/filmthai.moicaucachep.com\/?s={search_term_string}\"},\"query-input\":{\"@type\":\"PropertyValueSpecification\",\"valueRequired\":true,\"valueName\":\"search_term_string\"}}],\"inLanguage\":\"en-US\"},{\"@type\":\"Person\",\"@id\":\"https:\/\/filmthai.moicaucachep.com\/#\/schema\/person\/96407441b3c4e1f4e9b03285253562c1\",\"name\":\"admin79\",\"image\":{\"@type\":\"ImageObject\",\"inLanguage\":\"en-US\",\"@id\":\"https:\/\/secure.gravatar.com\/avatar\/c07df73f87635fa9e5b07814d09d4e493a5ddc196989004f6090464d1a87c9a6?s=96&d=mm&r=g\",\"url\":\"https:\/\/secure.gravatar.com\/avatar\/c07df73f87635fa9e5b07814d09d4e493a5ddc196989004f6090464d1a87c9a6?s=96&d=mm&r=g\",\"contentUrl\":\"https:\/\/secure.gravatar.com\/avatar\/c07df73f87635fa9e5b07814d09d4e493a5ddc196989004f6090464d1a87c9a6?s=96&d=mm&r=g\",\"caption\":\"admin79\"},\"sameAs\":[\"http:\/\/filmthai.moicaucachep.com\"],\"url\":\"https:\/\/filmthai.moicaucachep.com\/?author=1\"}]}<\/script>\n<!-- \/ Yoast SEO plugin. -->","yoast_head_json":{"title":"Parte 2 : N0409020_Deportados a \u00c1frica_ se negaron a bajar del avi\u00f3n.#eeuu\ufffd\ufffd\ufffd\ufffd #deportados #inmigrantes #LatinosEn_part2 - filmthai.moicaucachep.com","robots":{"index":"index","follow":"follow","max-snippet":"max-snippet:-1","max-image-preview":"max-image-preview:large","max-video-preview":"max-video-preview:-1"},"canonical":"https:\/\/filmthai.moicaucachep.com\/?p=11940","og_locale":"en_US","og_type":"article","og_title":"Parte 2 : N0409020_Deportados a \u00c1frica_ se negaron a bajar del avi\u00f3n.#eeuu\ufffd\ufffd\ufffd\ufffd #deportados #inmigrantes #LatinosEn_part2 - filmthai.moicaucachep.com","og_description":"Os 10 Sedanes M\u00e9dios Mais Vendidos em 2024: Descubra os Campe\u00f5es de Vendas do Ano Art\u00edculos Patrocinados: \u00cdndice de Contenidos El mercado de sedanes medianos sigue en auge en 2024. Con opciones cada vez m\u00e1s modernas, econ\u00f3micas y tecnol\u00f3gicas, estos veh\u00edculos contin\u00faan siendo la opci\u00f3n predilecta de muchas familias y profesionales. Pero, \u00bfqu\u00e9 modelos han [&hellip;]","og_url":"https:\/\/filmthai.moicaucachep.com\/?p=11940","og_site_name":"filmthai.moicaucachep.com","article_published_time":"2026-09-05T02:22:17+00:00","og_image":[{"width":1920,"height":1080,"url":"https:\/\/filmthai.moicaucachep.com\/wp-content\/uploads\/2026\/09\/fb_natural_20260905_092211.jpg","type":"image\/jpeg"}],"author":"admin79","twitter_card":"summary_large_image","twitter_misc":{"Written by":"admin79","Est. reading time":"8 minutes"},"schema":{"@context":"https:\/\/schema.org","@graph":[{"@type":"Article","@id":"https:\/\/filmthai.moicaucachep.com\/?p=11940#article","isPartOf":{"@id":"https:\/\/filmthai.moicaucachep.com\/?p=11940"},"author":{"name":"admin79","@id":"https:\/\/filmthai.moicaucachep.com\/#\/schema\/person\/96407441b3c4e1f4e9b03285253562c1"},"headline":"Parte 2 : N0409020_Deportados a \u00c1frica_ se negaron a bajar del avi\u00f3n.#eeuu\ufffd\ufffd\ufffd\ufffd #deportados #inmigrantes #LatinosEn_part2","datePublished":"2026-09-05T02:22:17+00:00","mainEntityOfPage":{"@id":"https:\/\/filmthai.moicaucachep.com\/?p=11940"},"wordCount":1522,"image":{"@id":"https:\/\/filmthai.moicaucachep.com\/?p=11940#primaryimage"},"thumbnailUrl":"https:\/\/filmthai.moicaucachep.com\/wp-content\/uploads\/2026\/09\/fb_natural_20260905_092211.jpg","inLanguage":"en-US"},{"@type":"WebPage","@id":"https:\/\/filmthai.moicaucachep.com\/?p=11940","url":"https:\/\/filmthai.moicaucachep.com\/?p=11940","name":"Parte 2 : N0409020_Deportados a \u00c1frica_ se negaron a bajar del avi\u00f3n.#eeuu\ufffd\ufffd\ufffd\ufffd #deportados #inmigrantes #LatinosEn_part2 - filmthai.moicaucachep.com","isPartOf":{"@id":"https:\/\/filmthai.moicaucachep.com\/#website"},"primaryImageOfPage":{"@id":"https:\/\/filmthai.moicaucachep.com\/?p=11940#primaryimage"},"image":{"@id":"https:\/\/filmthai.moicaucachep.com\/?p=11940#primaryimage"},"thumbnailUrl":"https:\/\/filmthai.moicaucachep.com\/wp-content\/uploads\/2026\/09\/fb_natural_20260905_092211.jpg","datePublished":"2026-09-05T02:22:17+00:00","author":{"@id":"https:\/\/filmthai.moicaucachep.com\/#\/schema\/person\/96407441b3c4e1f4e9b03285253562c1"},"breadcrumb":{"@id":"https:\/\/filmthai.moicaucachep.com\/?p=11940#breadcrumb"},"inLanguage":"en-US","potentialAction":[{"@type":"ReadAction","target":["https:\/\/filmthai.moicaucachep.com\/?p=11940"]}]},{"@type":"ImageObject","inLanguage":"en-US","@id":"https:\/\/filmthai.moicaucachep.com\/?p=11940#primaryimage","url":"https:\/\/filmthai.moicaucachep.com\/wp-content\/uploads\/2026\/09\/fb_natural_20260905_092211.jpg","contentUrl":"https:\/\/filmthai.moicaucachep.com\/wp-content\/uploads\/2026\/09\/fb_natural_20260905_092211.jpg","width":1920,"height":1080},{"@type":"BreadcrumbList","@id":"https:\/\/filmthai.moicaucachep.com\/?p=11940#breadcrumb","itemListElement":[{"@type":"ListItem","position":1,"name":"Home","item":"https:\/\/filmthai.moicaucachep.com\/"},{"@type":"ListItem","position":2,"name":"Parte 2 : N0409020_Deportados a \u00c1frica_ se negaron a bajar del avi\u00f3n.#eeuu\ufffd\ufffd\ufffd\ufffd #deportados #inmigrantes #LatinosEn_part2"}]},{"@type":"WebSite","@id":"https:\/\/filmthai.moicaucachep.com\/#website","url":"https:\/\/filmthai.moicaucachep.com\/","name":"filmthai.moicaucachep.com","description":"","potentialAction":[{"@type":"SearchAction","target":{"@type":"EntryPoint","urlTemplate":"https:\/\/filmthai.moicaucachep.com\/?s={search_term_string}"},"query-input":{"@type":"PropertyValueSpecification","valueRequired":true,"valueName":"search_term_string"}}],"inLanguage":"en-US"},{"@type":"Person","@id":"https:\/\/filmthai.moicaucachep.com\/#\/schema\/person\/96407441b3c4e1f4e9b03285253562c1","name":"admin79","image":{"@type":"ImageObject","inLanguage":"en-US","@id":"https:\/\/secure.gravatar.com\/avatar\/c07df73f87635fa9e5b07814d09d4e493a5ddc196989004f6090464d1a87c9a6?s=96&d=mm&r=g","url":"https:\/\/secure.gravatar.com\/avatar\/c07df73f87635fa9e5b07814d09d4e493a5ddc196989004f6090464d1a87c9a6?s=96&d=mm&r=g","contentUrl":"https:\/\/secure.gravatar.com\/avatar\/c07df73f87635fa9e5b07814d09d4e493a5ddc196989004f6090464d1a87c9a6?s=96&d=mm&r=g","caption":"admin79"},"sameAs":["http:\/\/filmthai.moicaucachep.com"],"url":"https:\/\/filmthai.moicaucachep.com\/?author=1"}]}},"_links":{"self":[{"href":"https:\/\/filmthai.moicaucachep.com\/index.php?rest_route=\/wp\/v2\/posts\/11940","targetHints":{"allow":["GET"]}}],"collection":[{"href":"https:\/\/filmthai.moicaucachep.com\/index.php?rest_route=\/wp\/v2\/posts"}],"about":[{"href":"https:\/\/filmthai.moicaucachep.com\/index.php?rest_route=\/wp\/v2\/types\/post"}],"author":[{"embeddable":true,"href":"https:\/\/filmthai.moicaucachep.com\/index.php?rest_route=\/wp\/v2\/users\/1"}],"replies":[{"embeddable":true,"href":"https:\/\/filmthai.moicaucachep.com\/index.php?rest_route=%2Fwp%2Fv2%2Fcomments&post=11940"}],"version-history":[{"count":1,"href":"https:\/\/filmthai.moicaucachep.com\/index.php?rest_route=\/wp\/v2\/posts\/11940\/revisions"}],"predecessor-version":[{"id":11941,"href":"https:\/\/filmthai.moicaucachep.com\/index.php?rest_route=\/wp\/v2\/posts\/11940\/revisions\/11941"}],"wp:featuredmedia":[{"embeddable":true,"href":"https:\/\/filmthai.moicaucachep.com\/index.php?rest_route=\/wp\/v2\/media\/11936"}],"wp:attachment":[{"href":"https:\/\/filmthai.moicaucachep.com\/index.php?rest_route=%2Fwp%2Fv2%2Fmedia&parent=11940"}],"wp:term":[{"taxonomy":"category","embeddable":true,"href":"https:\/\/filmthai.moicaucachep.com\/index.php?rest_route=%2Fwp%2Fv2%2Fcategories&post=11940"},{"taxonomy":"post_tag","embeddable":true,"href":"https:\/\/filmthai.moicaucachep.com\/index.php?rest_route=%2Fwp%2Fv2%2Ftags&post=11940"}],"curies":[{"name":"wp","href":"https:\/\/api.w.org\/{rel}","templated":true}]}}