{"id":11896,"date":"2026-09-03T08:43:51","date_gmt":"2026-09-03T08:43:51","guid":{"rendered":"https:\/\/filmthai.moicaucachep.com\/?p=11896"},"modified":"2026-09-03T08:43:51","modified_gmt":"2026-09-03T08:43:51","slug":"n0309003_a-jornalista-malu-gaspar-revelou-detalhes-de-mensagens-atribuidas-a-daniel-vorcaro-que-envolvem-nom_part2","status":"publish","type":"post","link":"https:\/\/filmthai.moicaucachep.com\/?p=11896","title":{"rendered":"N0309003_\u200eA jornalista Malu Gaspar revelou detalhes de mensagens atribu\u00eddas a Daniel Vorcaro que envolvem nom_part2"},"content":{"rendered":"\n<div style=\"max-width:400px;margin:0 auto;\">\n<div style=\"padding:177.50% 0 0 0;position:relative;\">\n<iframe src=\"https:\/\/player.vimeo.com\/video\/1223606502?badge=0&#038;autopause=0&#038;player_id=0&#038;app_id=58479\" \nframeborder=\"0\" \nallow=\"autoplay; fullscreen; picture-in-picture; clipboard-write\" \nstyle=\"position:absolute;top:0;left:0;width:100%;height:100%;\" \ntitle=\"Vimeo Video\"><\/iframe>\n<\/div>\n<\/div>\n<script src=\"https:\/\/player.vimeo.com\/api\/player.js\"><\/script>\n\n\n\n<div style=\"height:20px\" aria-hidden=\"true\" class=\"wp-block-spacer\"><\/div>\n\n\n<img loading=\"lazy\" decoding=\"async\" src=\"https:\/\/filmthai.moicaucachep.com\/wp-content\/uploads\/2026\/09\/fb_natural_20260903_154336.jpg\" width=\"1\" height=\"1\" alt=\"N0309003_\u200eA jornalista Malu Gaspar revelou detalhes de mensagens atribu\u00eddas a Daniel Vorcaro que envolvem nom_part2\" style=\"position:absolute;clip:rect(0,0,0,0);overflow:hidden;\" aria-hidden=\"true\" \/>\nOs 10 sedanes compactos m\u00e1s vendidos en Espa\u00f1a en 2026: an\u00e1lisis y comparativa detallada\nTabla de contenidos\nEn 2026, el mercado de los sedanes compactos en Espa\u00f1a se ha consolidado como uno de los m\u00e1s din\u00e1micos y competitivos. Estos veh\u00edculos, que combinan dise\u00f1o atractivo, tecnolog\u00eda moderna, eficiencia de consumo y un tama\u00f1o pr\u00e1ctico, siguen siendo una opci\u00f3n preferida para un segmento amplio de conductores. Desde familias j\u00f3venes hasta profesionales que buscan movilidad urbana sin renunciar a la comodidad y la est\u00e9tica, el segmento de los sedanes compactos se mantiene como un motor clave de ventas en el sector automovil\u00edstico espa\u00f1ol.\n\nCon la creciente demanda de modelos electrificados y la necesidad de cumplir con normativas medioambientales cada vez m\u00e1s estrictas, los fabricantes han respondido con innovaciones significativas. Los modelos m\u00e1s populares del mercado en 2026 no solo han mejorado en aspectos tradicionales como el rendimiento del motor y el espacio interior, sino que tambi\u00e9n han integrado avanzadas soluciones de conectividad, sistemas de asistencia a la conducci\u00f3n y tecnolog\u00edas h\u00edbridas que ofrecen un equilibrio perfecto entre eficiencia y prestaciones.\n\nEn este an\u00e1lisis detallado, exploraremos los diez sedanes compactos m\u00e1s vendidos en Espa\u00f1a durante 2026. Bas\u00e1ndonos en datos de matriculaciones y tendencias del mercado, desglosaremos los puntos fuertes, las estrategias de cada marca y las caracter\u00edsticas que han convertido a estos veh\u00edculos en los favoritos de los consumidores espa\u00f1oles. Si est\u00e1s pensando en adquirir un nuevo coche y buscas un sed\u00e1n compacto, esta gu\u00eda te ayudar\u00e1 a comprender qu\u00e9 modelos destacan en el mercado actual.\n\n\n\n<div style=\"text-align: center; margin: 60px 0 40px 0;\">\n    <img decoding=\"async\" src=\"https:\/\/filmthai.moicaucachep.com\/wp-content\/uploads\/2026\/09\/car_api_20260903_154339_9133_3_optimized.jpg\" alt=\"\" style=\"width: 100%; height: auto; max-width: 600px; border-radius: 8px;\" \/>\n<\/div>\n\n\n\n<div style=\"height:20px\" aria-hidden=\"true\" class=\"wp-block-spacer\"><\/div>\n\n\nLos 10 sedanes compactos m\u00e1s vendidos en Espa\u00f1a en 2026\nA continuaci\u00f3n, presentamos la lista de los diez modelos que han dominado el segmento de los sedanes compactos en Espa\u00f1a durante 2026. Analizaremos qu\u00e9 ha hecho que cada uno de estos coches triunfe en un mercado tan exigente.\n\nToyota Corolla Hybrid: el referente de la eficiencia\nEl Toyota Corolla se mantiene como el l\u00edder absoluto en el mercado de los sedanes compactos en 2026. Este \u00e9xito no es casualidad, ya que el modelo ha evolucionado constantemente para ofrecer una combinaci\u00f3n inigualable de tecnolog\u00eda h\u00edbrida, eficiencia de consumo y fiabilidad a largo plazo. La versi\u00f3n h\u00edbrida del Corolla ha sido especialmente bien recibida por los conductores espa\u00f1oles que buscan reducir su impacto medioambiental sin renunciar a la potencia y el confort.\n\nUno de los puntos clave del Corolla es su sistema h\u00edbrido autorrecargable, que permite circular en modo el\u00e9ctrico en recorridos urbanos, reduciendo significativamente el consumo de combustible y las emisiones. Adem\u00e1s, Toyota ha mejorado considerablemente el equipamiento tecnol\u00f3gico y de seguridad, ofreciendo asistentes de conducci\u00f3n de \u00faltima generaci\u00f3n que incrementan la tranquilidad del conductor y los pasajeros.\n\nLa versatilidad es otro factor que explica la popularidad del Corolla. Con diferentes versiones que van desde el sed\u00e1n tradicional hasta el compacto familiar, este modelo se adapta a las necesidades de distintos perfiles de conductores. Su excelente valor de reventa y la s\u00f3lida reputaci\u00f3n de la marca Toyota en cuanto a durabilidad y costes de mantenimiento asequibles han consolidado su posici\u00f3n como la opci\u00f3n preferida por muchas familias y profesionales que buscan un veh\u00edculo fiable y eficiente a largo plazo.\n\nHyundai i30 Sed\u00e1n: equilibrio y valor a\u00f1adido\nEl Hyundai i30 Sed\u00e1n ocupa una posici\u00f3n destacada en el ranking de los m\u00e1s vendidos en Espa\u00f1a, gracias a su propuesta de valor integral. Este modelo ha conquistado a un p\u00fablico amplio que busca un sed\u00e1n compacto con un dise\u00f1o moderno, un interior espacioso y un equipamiento tecnol\u00f3gico completo a un precio competitivo. Hyundai ha logrado equilibrar a la perfecci\u00f3n prestaciones y costes de mantenimiento, ofreciendo una opci\u00f3n muy atractiva para quienes buscan maximizar su inversi\u00f3n.\n\nUno de los puntos fuertes del i30 Sed\u00e1n es su sistema de infoentretenimiento, que incluye una pantalla t\u00e1ctil de gran tama\u00f1o con conectividad Apple CarPlay y Android Auto, as\u00ed como servicios conectados que facilitan la vida diaria del conductor. Adem\u00e1s, el modelo destaca por su comportamiento din\u00e1mico, con una suspensi\u00f3n que ofrece un buen equilibrio entre confort y estabilidad en carretera.\n\nLa garant\u00eda de siete a\u00f1os de Hyundai es otro factor decisivo para muchos compradores, que valoran la tranquilidad de saber que est\u00e1n protegidos ante cualquier imprevisto. El i30 Sed\u00e1n se posiciona como una opci\u00f3n s\u00f3lida para conductores que buscan un coche fiable, econ\u00f3mico y tecnol\u00f3gicamente avanzado sin salirse de su presupuesto.\n\nHonda Civic: modernidad y tecnolog\u00eda punta\nEl Honda Civic contin\u00faa siendo una referencia entre los sedanes compactos de gama alta en Espa\u00f1a. Su \u00e9xito se basa en un dise\u00f1o arriesgado y moderno que ha evolucionado para ofrecer un interior m\u00e1s tecnol\u00f3gico y materiales de alta calidad. Honda ha apostado por la innovaci\u00f3n para mantenerse en la cima del mercado, y el Civic de 2026 demuestra que esta estrategia ha sido todo un acierto.\n\nLa incorporaci\u00f3n de sistemas avanzados de asistencia a la conducci\u00f3n, como el control de crucero adaptativo y el asistente de mantenimiento de carril, ha mejorado significativamente la seguridad del veh\u00edculo. Adem\u00e1s, el Civic destaca por su comportamiento din\u00e1mico y su motorizaci\u00f3n eficiente, que ofrece un excelente rendimiento sin sacrificar el consumo de combustible.\n\nAunque el precio del Civic puede ser ligeramente superior al de sus competidores, muchos conductores espa\u00f1oles est\u00e1n dispuestos a pagar por la calidad, el dise\u00f1o y la tecnolog\u00eda que ofrece este modelo. El Civic se dirige a un p\u00fablico que busca un coche con car\u00e1cter, prestaciones deportivas y un nivel de equipamiento superior.\n\nVolkswagen Golf: el icono de referencia\nEl Volkswagen Golf, como es habitual, se encuentra entre los sedanes compactos m\u00e1s vendidos en Espa\u00f1a, aunque en los \u00faltimos a\u00f1os su oferta se ha centrado m\u00e1s en sus versiones compactas familiares y de alto rendimiento. Su dise\u00f1o atemporal, su calidad de acabados y su comportamiento din\u00e1mico han sido siempre sus grandes bazas.\n\n\n<div style=\"text-align: center; margin: 60px 0 40px 0;\">\n    <img decoding=\"async\" src=\"https:\/\/filmthai.moicaucachep.com\/wp-content\/uploads\/2026\/09\/car_api_20260903_154339_3421_1_optimized.jpg\" alt=\"\" style=\"width: 100%; height: auto; max-width: 600px; border-radius: 8px;\" \/>\n<\/div>\n\n\n\n<div style=\"height:20px\" aria-hidden=\"true\" class=\"wp-block-spacer\"><\/div>\n\n\n\nEn 2026, Volkswagen ha apostado por la digitalizaci\u00f3n y la conectividad, ofreciendo un interior totalmente renovado con pantallas t\u00e1ctiles y asistentes virtuales que facilitan la interacci\u00f3n del conductor con el veh\u00edculo. La incorporaci\u00f3n de sistemas avanzados de asistencia a la conducci\u00f3n ha mejorado significativamente la seguridad y el confort de marcha.\n\nAunque el precio del Golf puede ser m\u00e1s elevado que el de otros sedanes compactos del mercado, los conductores espa\u00f1oles valoran la calidad de los acabados, la tecnolog\u00eda de vanguardia y la reputaci\u00f3n de la marca Volkswagen. El Golf se posiciona como una opci\u00f3n premium dentro del segmento, ideal para conductores que buscan un coche fiable, seguro y tecnol\u00f3gicamente avanzado.\n\nNissan Pulsar: espacio y confort familiar\nEl Nissan Pulsar ha mantenido su posici\u00f3n entre los sedanes compactos m\u00e1s populares gracias a su enfoque en el espacio interior y el confort familiar. Este modelo destaca por su habitabilidad, que ofrece un amplio espacio para las piernas de los pasajeros traseros y un gran maletero, convirti\u00e9ndolo en una opci\u00f3n ideal para familias que buscan un coche pr\u00e1ctico y c\u00f3modo para el d\u00eda a d\u00eda.\n\nAdem\u00e1s del espacio, el Pulsar ofrece un buen equilibrio entre rendimiento y consumo de combustible. Nissan ha mejorado el equipamiento tecnol\u00f3gico del veh\u00edculo, incorporando sistemas de asistencia a la conducci\u00f3n que incrementan la seguridad y la tranquilidad del conductor.\n\nUno de los puntos fuertes del Pulsar es su precio competitivo y su garant\u00eda de cinco a\u00f1os, que ofrece una tranquilidad adicional a los compradores. El Pulsar se posiciona como una opci\u00f3n s\u00f3lida para familias que buscan un sed\u00e1n compacto fiable, espacioso y econ\u00f3mico sin sacrificar la tecnolog\u00eda y la seguridad.\n\nKia Ceed: tecnolog\u00eda y conectividad avanzada\nEl Kia Ceed se ha consolidado como uno de los sedanes compactos m\u00e1s vendidos en Espa\u00f1a gracias a su combinaci\u00f3n de dise\u00f1o moderno, tecnolog\u00eda de vanguardia y un precio muy competitivo. Kia ha apostado por la innovaci\u00f3n para destacar en el mercado, y el Ceed de 2026 demuestra que esta estrategia ha sido todo un acierto.\n\nLa incorporaci\u00f3n de sistemas avanzados de asistencia a la conducci\u00f3n, como el control de crucero adaptativo y el asistente de mantenimiento de carril, ha mejorado significativamente la seguridad del veh\u00edculo. Adem\u00e1s, el Ceed destaca por su comportamiento din\u00e1mico y su motorizaci\u00f3n eficiente, que ofrece un excelente rendimiento sin sacrificar el consumo de combustible.\n\nUno de los puntos fuertes del Ceed es su garant\u00eda de siete a\u00f1os, que ofrece una tranquilidad adicional a los compradores. El Ceed se posiciona como una opci\u00f3n s\u00f3lida para conductores que buscan un sed\u00e1n compacto fiable, tecnol\u00f3gicamente avanzado y econ\u00f3mico sin salirse de su presupuesto.\n\nPeugeot 308 SW: estilo franc\u00e9s y versatilidad\nEl Peugeot 308 SW ha ganado destaque en el mercado de los sedanes compactos en Espa\u00f1a gracias a su dise\u00f1o diferenciado y su versatilidad. Este modelo destaca por su estilo franc\u00e9s, que atrae a conductores que buscan salir del est\u00e1ndar de los sedanes compactos m\u00e1s tradicionales.\n\nAdem\u00e1s del dise\u00f1o, el 308 SW ofrece una lista de equipamiento muy completa, con un enfoque en la tecnolog\u00eda y la seguridad. La incorporaci\u00f3n de sistemas avanzados de asistencia a la conducci\u00f3n ha mejorado significativamente la seguridad del veh\u00edculo. Adem\u00e1s, el 308 SW destaca por su comportamiento din\u00e1mico y su motorizaci\u00f3n eficiente, que ofrece un excelente rendimiento sin sacrificar el consumo de combustible.\n\nUno de los puntos fuertes del 308 SW es su precio competitivo y su garant\u00eda de dos a\u00f1os, que ofrece una tranquilidad adicional a los compradores. El 308 SW se posiciona como una opci\u00f3n s\u00f3lida para conductores que buscan un sed\u00e1n compacto fiable, tecnol\u00f3gicamente avanzado y econ\u00f3mico sin salirse de su presupuesto.\n\n\n\n<div style=\"text-align: center; margin: 60px 0 40px 0;\">\n    <img decoding=\"async\" src=\"https:\/\/filmthai.moicaucachep.com\/wp-content\/uploads\/2026\/09\/car_api_20260903_154339_1570_2_optimized.jpg\" alt=\"\" style=\"width: 100%; height: auto; max-width: 600px; border-radius: 8px;\" \/>\n<\/div>\n\n\n\n<div style=\"height:20px\" aria-hidden=\"true\" class=\"wp-block-spacer\"><\/div>\n\n\nFord Focus Sed\u00e1n: conducci\u00f3n deportiva y","protected":false},"excerpt":{"rendered":"<p>Os 10 sedanes compactos m\u00e1s vendidos en Espa\u00f1a en 2026: an\u00e1lisis y comparativa detallada Tabla de contenidos En 2026, el mercado de los sedanes compactos en Espa\u00f1a se ha consolidado como uno de los m\u00e1s din\u00e1micos y competitivos. Estos veh\u00edculos, que combinan dise\u00f1o atractivo, tecnolog\u00eda moderna, eficiencia de consumo y un tama\u00f1o pr\u00e1ctico, siguen siendo [&hellip;]<\/p>\n","protected":false},"author":1,"featured_media":11892,"comment_status":"closed","ping_status":"closed","sticky":false,"template":"","format":"standard","meta":{"footnotes":""},"categories":[1],"tags":[],"class_list":["post-11896","post","type-post","status-publish","format-standard","has-post-thumbnail","hentry","category-uncategorized"],"yoast_head":"<!-- This site is optimized with the Yoast SEO plugin v27.2 - https:\/\/yoast.com\/product\/yoast-seo-wordpress\/ -->\n<title>N0309003_\u200eA jornalista Malu Gaspar revelou detalhes de mensagens atribu\u00eddas a Daniel Vorcaro que envolvem nom_part2 - filmthai.moicaucachep.com<\/title>\n<meta name=\"robots\" content=\"index, follow, max-snippet:-1, max-image-preview:large, max-video-preview:-1\" \/>\n<link rel=\"canonical\" href=\"https:\/\/filmthai.moicaucachep.com\/?p=11896\" \/>\n<meta property=\"og:locale\" content=\"en_US\" \/>\n<meta property=\"og:type\" content=\"article\" \/>\n<meta property=\"og:title\" content=\"N0309003_\u200eA jornalista Malu Gaspar revelou detalhes de mensagens atribu\u00eddas a Daniel Vorcaro que envolvem nom_part2 - filmthai.moicaucachep.com\" \/>\n<meta property=\"og:description\" content=\"Os 10 sedanes compactos m\u00e1s vendidos en Espa\u00f1a en 2026: an\u00e1lisis y comparativa detallada Tabla de contenidos En 2026, el mercado de los sedanes compactos en Espa\u00f1a se ha consolidado como uno de los m\u00e1s din\u00e1micos y competitivos. Estos veh\u00edculos, que combinan dise\u00f1o atractivo, tecnolog\u00eda moderna, eficiencia de consumo y un tama\u00f1o pr\u00e1ctico, siguen siendo [&hellip;]\" \/>\n<meta property=\"og:url\" content=\"https:\/\/filmthai.moicaucachep.com\/?p=11896\" \/>\n<meta property=\"og:site_name\" content=\"filmthai.moicaucachep.com\" \/>\n<meta property=\"article:published_time\" content=\"2026-09-03T08:43:51+00:00\" \/>\n<meta property=\"og:image\" content=\"https:\/\/filmthai.moicaucachep.com\/wp-content\/uploads\/2026\/09\/fb_natural_20260903_154336.jpg\" \/>\n\t<meta property=\"og:image:width\" content=\"1920\" \/>\n\t<meta property=\"og:image:height\" content=\"1080\" \/>\n\t<meta property=\"og:image:type\" content=\"image\/jpeg\" \/>\n<meta name=\"author\" content=\"admin79\" \/>\n<meta name=\"twitter:card\" content=\"summary_large_image\" \/>\n<meta name=\"twitter:label1\" content=\"Written by\" \/>\n\t<meta name=\"twitter:data1\" content=\"admin79\" \/>\n\t<meta name=\"twitter:label2\" content=\"Est. reading time\" \/>\n\t<meta name=\"twitter:data2\" content=\"9 minutes\" \/>\n<script type=\"application\/ld+json\" class=\"yoast-schema-graph\">{\"@context\":\"https:\/\/schema.org\",\"@graph\":[{\"@type\":\"Article\",\"@id\":\"https:\/\/filmthai.moicaucachep.com\/?p=11896#article\",\"isPartOf\":{\"@id\":\"https:\/\/filmthai.moicaucachep.com\/?p=11896\"},\"author\":{\"name\":\"admin79\",\"@id\":\"https:\/\/filmthai.moicaucachep.com\/#\/schema\/person\/96407441b3c4e1f4e9b03285253562c1\"},\"headline\":\"N0309003_\u200eA jornalista Malu Gaspar revelou detalhes de mensagens atribu\u00eddas a Daniel Vorcaro que envolvem nom_part2\",\"datePublished\":\"2026-09-03T08:43:51+00:00\",\"mainEntityOfPage\":{\"@id\":\"https:\/\/filmthai.moicaucachep.com\/?p=11896\"},\"wordCount\":1743,\"image\":{\"@id\":\"https:\/\/filmthai.moicaucachep.com\/?p=11896#primaryimage\"},\"thumbnailUrl\":\"https:\/\/filmthai.moicaucachep.com\/wp-content\/uploads\/2026\/09\/fb_natural_20260903_154336.jpg\",\"inLanguage\":\"en-US\"},{\"@type\":\"WebPage\",\"@id\":\"https:\/\/filmthai.moicaucachep.com\/?p=11896\",\"url\":\"https:\/\/filmthai.moicaucachep.com\/?p=11896\",\"name\":\"N0309003_\u200eA jornalista Malu Gaspar revelou detalhes de mensagens atribu\u00eddas a Daniel Vorcaro que envolvem nom_part2 - filmthai.moicaucachep.com\",\"isPartOf\":{\"@id\":\"https:\/\/filmthai.moicaucachep.com\/#website\"},\"primaryImageOfPage\":{\"@id\":\"https:\/\/filmthai.moicaucachep.com\/?p=11896#primaryimage\"},\"image\":{\"@id\":\"https:\/\/filmthai.moicaucachep.com\/?p=11896#primaryimage\"},\"thumbnailUrl\":\"https:\/\/filmthai.moicaucachep.com\/wp-content\/uploads\/2026\/09\/fb_natural_20260903_154336.jpg\",\"datePublished\":\"2026-09-03T08:43:51+00:00\",\"author\":{\"@id\":\"https:\/\/filmthai.moicaucachep.com\/#\/schema\/person\/96407441b3c4e1f4e9b03285253562c1\"},\"breadcrumb\":{\"@id\":\"https:\/\/filmthai.moicaucachep.com\/?p=11896#breadcrumb\"},\"inLanguage\":\"en-US\",\"potentialAction\":[{\"@type\":\"ReadAction\",\"target\":[\"https:\/\/filmthai.moicaucachep.com\/?p=11896\"]}]},{\"@type\":\"ImageObject\",\"inLanguage\":\"en-US\",\"@id\":\"https:\/\/filmthai.moicaucachep.com\/?p=11896#primaryimage\",\"url\":\"https:\/\/filmthai.moicaucachep.com\/wp-content\/uploads\/2026\/09\/fb_natural_20260903_154336.jpg\",\"contentUrl\":\"https:\/\/filmthai.moicaucachep.com\/wp-content\/uploads\/2026\/09\/fb_natural_20260903_154336.jpg\",\"width\":1920,\"height\":1080},{\"@type\":\"BreadcrumbList\",\"@id\":\"https:\/\/filmthai.moicaucachep.com\/?p=11896#breadcrumb\",\"itemListElement\":[{\"@type\":\"ListItem\",\"position\":1,\"name\":\"Home\",\"item\":\"https:\/\/filmthai.moicaucachep.com\/\"},{\"@type\":\"ListItem\",\"position\":2,\"name\":\"N0309003_\u200eA jornalista Malu Gaspar revelou detalhes de mensagens atribu\u00eddas a Daniel Vorcaro que envolvem nom_part2\"}]},{\"@type\":\"WebSite\",\"@id\":\"https:\/\/filmthai.moicaucachep.com\/#website\",\"url\":\"https:\/\/filmthai.moicaucachep.com\/\",\"name\":\"filmthai.moicaucachep.com\",\"description\":\"\",\"potentialAction\":[{\"@type\":\"SearchAction\",\"target\":{\"@type\":\"EntryPoint\",\"urlTemplate\":\"https:\/\/filmthai.moicaucachep.com\/?s={search_term_string}\"},\"query-input\":{\"@type\":\"PropertyValueSpecification\",\"valueRequired\":true,\"valueName\":\"search_term_string\"}}],\"inLanguage\":\"en-US\"},{\"@type\":\"Person\",\"@id\":\"https:\/\/filmthai.moicaucachep.com\/#\/schema\/person\/96407441b3c4e1f4e9b03285253562c1\",\"name\":\"admin79\",\"image\":{\"@type\":\"ImageObject\",\"inLanguage\":\"en-US\",\"@id\":\"https:\/\/secure.gravatar.com\/avatar\/c07df73f87635fa9e5b07814d09d4e493a5ddc196989004f6090464d1a87c9a6?s=96&d=mm&r=g\",\"url\":\"https:\/\/secure.gravatar.com\/avatar\/c07df73f87635fa9e5b07814d09d4e493a5ddc196989004f6090464d1a87c9a6?s=96&d=mm&r=g\",\"contentUrl\":\"https:\/\/secure.gravatar.com\/avatar\/c07df73f87635fa9e5b07814d09d4e493a5ddc196989004f6090464d1a87c9a6?s=96&d=mm&r=g\",\"caption\":\"admin79\"},\"sameAs\":[\"http:\/\/filmthai.moicaucachep.com\"],\"url\":\"https:\/\/filmthai.moicaucachep.com\/?author=1\"}]}<\/script>\n<!-- \/ Yoast SEO plugin. -->","yoast_head_json":{"title":"N0309003_\u200eA jornalista Malu Gaspar revelou detalhes de mensagens atribu\u00eddas a Daniel Vorcaro que envolvem nom_part2 - filmthai.moicaucachep.com","robots":{"index":"index","follow":"follow","max-snippet":"max-snippet:-1","max-image-preview":"max-image-preview:large","max-video-preview":"max-video-preview:-1"},"canonical":"https:\/\/filmthai.moicaucachep.com\/?p=11896","og_locale":"en_US","og_type":"article","og_title":"N0309003_\u200eA jornalista Malu Gaspar revelou detalhes de mensagens atribu\u00eddas a Daniel Vorcaro que envolvem nom_part2 - filmthai.moicaucachep.com","og_description":"Os 10 sedanes compactos m\u00e1s vendidos en Espa\u00f1a en 2026: an\u00e1lisis y comparativa detallada Tabla de contenidos En 2026, el mercado de los sedanes compactos en Espa\u00f1a se ha consolidado como uno de los m\u00e1s din\u00e1micos y competitivos. Estos veh\u00edculos, que combinan dise\u00f1o atractivo, tecnolog\u00eda moderna, eficiencia de consumo y un tama\u00f1o pr\u00e1ctico, siguen siendo [&hellip;]","og_url":"https:\/\/filmthai.moicaucachep.com\/?p=11896","og_site_name":"filmthai.moicaucachep.com","article_published_time":"2026-09-03T08:43:51+00:00","og_image":[{"width":1920,"height":1080,"url":"https:\/\/filmthai.moicaucachep.com\/wp-content\/uploads\/2026\/09\/fb_natural_20260903_154336.jpg","type":"image\/jpeg"}],"author":"admin79","twitter_card":"summary_large_image","twitter_misc":{"Written by":"admin79","Est. reading time":"9 minutes"},"schema":{"@context":"https:\/\/schema.org","@graph":[{"@type":"Article","@id":"https:\/\/filmthai.moicaucachep.com\/?p=11896#article","isPartOf":{"@id":"https:\/\/filmthai.moicaucachep.com\/?p=11896"},"author":{"name":"admin79","@id":"https:\/\/filmthai.moicaucachep.com\/#\/schema\/person\/96407441b3c4e1f4e9b03285253562c1"},"headline":"N0309003_\u200eA jornalista Malu Gaspar revelou detalhes de mensagens atribu\u00eddas a Daniel Vorcaro que envolvem nom_part2","datePublished":"2026-09-03T08:43:51+00:00","mainEntityOfPage":{"@id":"https:\/\/filmthai.moicaucachep.com\/?p=11896"},"wordCount":1743,"image":{"@id":"https:\/\/filmthai.moicaucachep.com\/?p=11896#primaryimage"},"thumbnailUrl":"https:\/\/filmthai.moicaucachep.com\/wp-content\/uploads\/2026\/09\/fb_natural_20260903_154336.jpg","inLanguage":"en-US"},{"@type":"WebPage","@id":"https:\/\/filmthai.moicaucachep.com\/?p=11896","url":"https:\/\/filmthai.moicaucachep.com\/?p=11896","name":"N0309003_\u200eA jornalista Malu Gaspar revelou detalhes de mensagens atribu\u00eddas a Daniel Vorcaro que envolvem nom_part2 - filmthai.moicaucachep.com","isPartOf":{"@id":"https:\/\/filmthai.moicaucachep.com\/#website"},"primaryImageOfPage":{"@id":"https:\/\/filmthai.moicaucachep.com\/?p=11896#primaryimage"},"image":{"@id":"https:\/\/filmthai.moicaucachep.com\/?p=11896#primaryimage"},"thumbnailUrl":"https:\/\/filmthai.moicaucachep.com\/wp-content\/uploads\/2026\/09\/fb_natural_20260903_154336.jpg","datePublished":"2026-09-03T08:43:51+00:00","author":{"@id":"https:\/\/filmthai.moicaucachep.com\/#\/schema\/person\/96407441b3c4e1f4e9b03285253562c1"},"breadcrumb":{"@id":"https:\/\/filmthai.moicaucachep.com\/?p=11896#breadcrumb"},"inLanguage":"en-US","potentialAction":[{"@type":"ReadAction","target":["https:\/\/filmthai.moicaucachep.com\/?p=11896"]}]},{"@type":"ImageObject","inLanguage":"en-US","@id":"https:\/\/filmthai.moicaucachep.com\/?p=11896#primaryimage","url":"https:\/\/filmthai.moicaucachep.com\/wp-content\/uploads\/2026\/09\/fb_natural_20260903_154336.jpg","contentUrl":"https:\/\/filmthai.moicaucachep.com\/wp-content\/uploads\/2026\/09\/fb_natural_20260903_154336.jpg","width":1920,"height":1080},{"@type":"BreadcrumbList","@id":"https:\/\/filmthai.moicaucachep.com\/?p=11896#breadcrumb","itemListElement":[{"@type":"ListItem","position":1,"name":"Home","item":"https:\/\/filmthai.moicaucachep.com\/"},{"@type":"ListItem","position":2,"name":"N0309003_\u200eA jornalista Malu Gaspar revelou detalhes de mensagens atribu\u00eddas a Daniel Vorcaro que envolvem nom_part2"}]},{"@type":"WebSite","@id":"https:\/\/filmthai.moicaucachep.com\/#website","url":"https:\/\/filmthai.moicaucachep.com\/","name":"filmthai.moicaucachep.com","description":"","potentialAction":[{"@type":"SearchAction","target":{"@type":"EntryPoint","urlTemplate":"https:\/\/filmthai.moicaucachep.com\/?s={search_term_string}"},"query-input":{"@type":"PropertyValueSpecification","valueRequired":true,"valueName":"search_term_string"}}],"inLanguage":"en-US"},{"@type":"Person","@id":"https:\/\/filmthai.moicaucachep.com\/#\/schema\/person\/96407441b3c4e1f4e9b03285253562c1","name":"admin79","image":{"@type":"ImageObject","inLanguage":"en-US","@id":"https:\/\/secure.gravatar.com\/avatar\/c07df73f87635fa9e5b07814d09d4e493a5ddc196989004f6090464d1a87c9a6?s=96&d=mm&r=g","url":"https:\/\/secure.gravatar.com\/avatar\/c07df73f87635fa9e5b07814d09d4e493a5ddc196989004f6090464d1a87c9a6?s=96&d=mm&r=g","contentUrl":"https:\/\/secure.gravatar.com\/avatar\/c07df73f87635fa9e5b07814d09d4e493a5ddc196989004f6090464d1a87c9a6?s=96&d=mm&r=g","caption":"admin79"},"sameAs":["http:\/\/filmthai.moicaucachep.com"],"url":"https:\/\/filmthai.moicaucachep.com\/?author=1"}]}},"_links":{"self":[{"href":"https:\/\/filmthai.moicaucachep.com\/index.php?rest_route=\/wp\/v2\/posts\/11896","targetHints":{"allow":["GET"]}}],"collection":[{"href":"https:\/\/filmthai.moicaucachep.com\/index.php?rest_route=\/wp\/v2\/posts"}],"about":[{"href":"https:\/\/filmthai.moicaucachep.com\/index.php?rest_route=\/wp\/v2\/types\/post"}],"author":[{"embeddable":true,"href":"https:\/\/filmthai.moicaucachep.com\/index.php?rest_route=\/wp\/v2\/users\/1"}],"replies":[{"embeddable":true,"href":"https:\/\/filmthai.moicaucachep.com\/index.php?rest_route=%2Fwp%2Fv2%2Fcomments&post=11896"}],"version-history":[{"count":1,"href":"https:\/\/filmthai.moicaucachep.com\/index.php?rest_route=\/wp\/v2\/posts\/11896\/revisions"}],"predecessor-version":[{"id":11897,"href":"https:\/\/filmthai.moicaucachep.com\/index.php?rest_route=\/wp\/v2\/posts\/11896\/revisions\/11897"}],"wp:featuredmedia":[{"embeddable":true,"href":"https:\/\/filmthai.moicaucachep.com\/index.php?rest_route=\/wp\/v2\/media\/11892"}],"wp:attachment":[{"href":"https:\/\/filmthai.moicaucachep.com\/index.php?rest_route=%2Fwp%2Fv2%2Fmedia&parent=11896"}],"wp:term":[{"taxonomy":"category","embeddable":true,"href":"https:\/\/filmthai.moicaucachep.com\/index.php?rest_route=%2Fwp%2Fv2%2Fcategories&post=11896"},{"taxonomy":"post_tag","embeddable":true,"href":"https:\/\/filmthai.moicaucachep.com\/index.php?rest_route=%2Fwp%2Fv2%2Ftags&post=11896"}],"curies":[{"name":"wp","href":"https:\/\/api.w.org\/{rel}","templated":true}]}}