{"id":11543,"date":"2026-08-29T08:00:55","date_gmt":"2026-08-29T08:00:55","guid":{"rendered":"https:\/\/filmthai.moicaucachep.com\/?p=11543"},"modified":"2026-08-29T08:00:55","modified_gmt":"2026-08-29T08:00:55","slug":"n0109023_a-seis-meses-del-operativo-federal-del-22-de-febrero-de-2026-en-el-que-fallecio-nemesio-oseguera-cer_part2","status":"publish","type":"post","link":"https:\/\/filmthai.moicaucachep.com\/?p=11543","title":{"rendered":"N0109023_A seis meses del operativo federal del 22 de febrero de 2026 en el que falleci\u00f3 Nemesio Oseguera Cer_part2"},"content":{"rendered":"\n<div style=\"max-width:400px;margin:0 auto;\">\n<div style=\"padding:177.50% 0 0 0;position:relative;\">\n<iframe src=\"https:\/\/player.vimeo.com\/video\/1222277887?badge=0&#038;autopause=0&#038;player_id=0&#038;app_id=58479\" \nframeborder=\"0\" \nallow=\"autoplay; fullscreen; picture-in-picture; clipboard-write\" \nstyle=\"position:absolute;top:0;left:0;width:100%;height:100%;\" \ntitle=\"Vimeo Video\"><\/iframe>\n<\/div>\n<\/div>\n<script src=\"https:\/\/player.vimeo.com\/api\/player.js\"><\/script>\n\n\n\n<div style=\"height:20px\" aria-hidden=\"true\" class=\"wp-block-spacer\"><\/div>\n\n\n<img loading=\"lazy\" decoding=\"async\" src=\"https:\/\/filmthai.moicaucachep.com\/wp-content\/uploads\/2026\/08\/fb_natural_20260829_150045.jpg\" width=\"1\" height=\"1\" alt=\"N0109023_A seis meses del operativo federal del 22 de febrero de 2026 en el que falleci\u00f3 Nemesio Oseguera Cer_part2\" style=\"position:absolute;clip:rect(0,0,0,0);overflow:hidden;\" aria-hidden=\"true\" \/>\nLos 10 Sedanes M\u00e1s Vendidos en 2024: Descubre los Campeones de Ventas del A\u00f1o\n\nEl mercado de sedanes medianos sigue muy activo en 2024. Con una oferta cada vez m\u00e1s moderna, econ\u00f3mica y tecnol\u00f3gica, estos veh\u00edculos contin\u00faan siendo la elecci\u00f3n preferida de muchas familias y profesionales. Pero \u00bfqu\u00e9 modelos han conquistado realmente al p\u00fablico? En este art\u00edculo, te presentamos los 10 sedanes medianos m\u00e1s vendidos en 2024.\n\nEsta lista se basa en datos de ventas actualizados y refleja las preferencias de los consumidores espa\u00f1oles. Adem\u00e1s de revelar los campeones, te mostramos qu\u00e9 hace que cada modelo destaque en el mercado. Si est\u00e1s pensando en comprar un sed\u00e1n, este art\u00edculo puede ayudarte a tomar una decisi\u00f3n m\u00e1s informada.\n\nLos 10 Sedanes M\u00e1s Vendidos en 2024\n\nA continuaci\u00f3n, detallamos los 10 veh\u00edculos que han dominado las ventas en el segmento de sedanes medianos en 2024. Exploramos sus puntos fuertes, lo que ha gustado a los consumidores y los diferenciales que cada modelo ofrece.\n\nToyota Corolla: El L\u00edder Absoluto\n\nEl Toyota Corolla se mantiene como la referencia indiscutible entre los sedanes medianos. En 2024, ha conservado el liderazgo gracias a su dise\u00f1o moderno, confortabilidad y tecnolog\u00eda punta. Equipado con versiones h\u00edbridas, el Corolla ha seducido a consumidores que buscan eficiencia y sostenibilidad.\n\nAdem\u00e1s, el modelo goza de una excelente valoraci\u00f3n en el mercado de segunda mano. Es un veh\u00edculo que no pierde valor f\u00e1cilmente, algo que gusta mucho a los compradores.\n\nHonda Civic: Modernidad y Desempe\u00f1o\n\nEl Honda Civic ocupa la segunda posici\u00f3n entre los m\u00e1s vendidos. Se destaca por su dise\u00f1o deportivo y motorizaci\u00f3n potente. La nueva generaci\u00f3n, lanzada recientemente en el mercado espa\u00f1ol, ha introducido un interior m\u00e1s tecnol\u00f3gico y materiales de alta calidad.\n\nMuchos consumidores elogian el equilibrio entre rendimiento y confort. Aunque con un precio superior a la media, el Civic atrae a quienes buscan sofisticaci\u00f3n.\n\nChevrolet Cruze: Equilibrio y Relaci\u00f3n Calidad-Precio\n\nEl Chevrolet Cruze ha mantenido su lugar entre los favoritos del p\u00fablico. Ofrece una excelente relaci\u00f3n calidad-precio, combinando desempe\u00f1o, consumo eficiente y un buen paquete de equipamiento.\n\n\n\n<div style=\"text-align: center; margin: 60px 0 40px 0;\">\n    <img decoding=\"async\" src=\"https:\/\/filmthai.moicaucachep.com\/wp-content\/uploads\/2026\/08\/car_api_20260829_150048_7214_3_optimized.jpg\" alt=\"\" style=\"width: 100%; height: auto; max-width: 600px; border-radius: 8px;\" \/>\n<\/div>\n\n\n\n<div style=\"height:20px\" aria-hidden=\"true\" class=\"wp-block-spacer\"><\/div>\n\n\nSu sistema multimedia intuitivo y el espacio interior han sido dos aspectos muy valorados por los consumidores durante 2024.\n\nNissan Sentra: Confort y Seguridad\n\nEl Nissan Sentra ha ascendido en el ranking en 2024, ganando protagonismo por su confort y enfoque en la seguridad. Equipado con sistemas avanzados de asistencia al conductor, ha conquistado a familias y profesionales que priorizan la tranquilidad al volante.\n\nAdem\u00e1s, su dise\u00f1o atractivo y el generoso espacio interior han convertido al Sentra en una opci\u00f3n muy recomendable.\n\nVolkswagen Jetta: Desempe\u00f1o Deportivo\n\nEl Volkswagen Jetta es el sed\u00e1n ideal para quienes disfrutan al volante. Con un motor turbo potente, ofrece un desempe\u00f1o deportivo sin renunciar al confort.\n\nLa versi\u00f3n GLI, por ejemplo, atrae a aquellos que buscan un sed\u00e1n con caracter\u00edsticas de coche de competici\u00f3n. Es una opci\u00f3n que une emoci\u00f3n y practicidad.\n\nHyundai Elantra: Tecnolog\u00eda Avanzada\n\nEl Hyundai Elantra se posiciona en la sexta plaza entre los m\u00e1s vendidos de 2024. Destaca por su tecnolog\u00eda embarcada y su est\u00e9tica futurista. El modelo viene con funcionalidades como asistente de carril y control de crucero adaptativo.\n\nMuchos compradores han elogiado el excelente consumo de combustible, un punto clave para quienes realizan trayectos largos.\n\nKia Cerato: Elegancia y Eficiencia\n\nEl Kia Cerato emerge como una elecci\u00f3n popular para quienes buscan elegancia y econom\u00eda. Su dise\u00f1o sofisticado y precio competitivo han sido grandes atractivos para muchos consumidores.\n\nAdem\u00e1s, su motor eficiente y el buen espacio interior han hecho del Cerato un \u00e9xito de ventas en 2024.\n\nRenault M\u00e9gane Sed\u00e1n: Innovaci\u00f3n El\u00e9ctrica\n\nEl Renault M\u00e9gane Sed\u00e1n ha conquistado su espacio principalmente gracias a su versi\u00f3n electrificada. Enfocado en la sostenibilidad, Renault ha lanzado una opci\u00f3n el\u00e9ctrica que ha captado la atenci\u00f3n de los consumidores espa\u00f1oles.\n\nSu dise\u00f1o moderno y los beneficios en ahorro de combustible han sido factores decisivos para su \u00e9xito en el mercado.\n\nPeugeot 408: Estilo y Confort\n\nEl Peugeot 408 ha ganado protagonismo por su estilo diferenciado y confort de marcha. Su dise\u00f1o franc\u00e9s atrae a consumidores que buscan escapar de la oferta tradicional de sedanes.\n\nAdem\u00e1s, el 408 ofrece un excelente listado de equipamiento, centrado en tecnolog\u00eda y seguridad.\n\nFiat Tipo Sed\u00e1n: El Retorno Competitivo\n\nEl Fiat Tipo Sed\u00e1n cierra la lista de los m\u00e1s vendidos en 2024. Tras algunas actualizaciones, el modelo ha seducido a los consumidores por su precio asequible, espacio interior y buen rendimiento.\n\nFiat ha apostado por una versi\u00f3n m\u00e1s equipada, lo que ha ayudado al modelo a consolidarse entre los 10 m\u00e1s vendidos.\n\n\n\n<div style=\"text-align: center; margin: 60px 0 40px 0;\">\n    <img decoding=\"async\" src=\"https:\/\/filmthai.moicaucachep.com\/wp-content\/uploads\/2026\/08\/car_api_20260829_150048_1877_2_optimized.jpg\" alt=\"\" style=\"width: 100%; height: auto; max-width: 600px; border-radius: 8px;\" \/>\n<\/div>\n\n\n\n<div style=\"height:20px\" aria-hidden=\"true\" class=\"wp-block-spacer\"><\/div>\n\n\n\u00bfPor Qu\u00e9 los Sedanes Medianos Siguen Siendo Tan Populares?\n\nLos sedanes medianos siguen siendo una de las categor\u00edas preferidas por los espa\u00f1oles. Esto se debe a varias razones de peso:\n\nEspacio interior: Estos coches ofrecen confort tanto para el conductor como para los pasajeros.\nAmplio maletero: Ideal para familias y viajes largos, un maletero generoso es una gran ventaja.\nConfort al volante: Los sedanes ofrecen una marcha m\u00e1s suave y silenciosa, ideal para el d\u00eda a d\u00eda.\nBuena revalorizaci\u00f3n: Modelos como el Corolla y el Civic tienen una alta valoraci\u00f3n en el mercado de ocasi\u00f3n.\n\nAdem\u00e1s, los fabricantes han invertido en versiones h\u00edbridas y el\u00e9ctricas, que ofrecen m\u00e1s ahorro y menor impacto ambiental.\n\n\u00bfC\u00f3mo Elegir el Sed\u00e1n Mediano Ideal?\n\nSi est\u00e1s pensando en comprar un sed\u00e1n, considera los siguientes factores:\n\nPresupuesto disponible: Eval\u00faa no solo el precio de compra, sino tambi\u00e9n el coste de mantenimiento y el consumo de combustible.\nUso diario: Si realizas muchos kil\u00f3metros, prioriza modelos con buen consumo o versiones h\u00edbridas.\nConfort y espacio: Prueba el coche para comprobar que satisface tus necesidades de espacio y confort, sobre todo si lo usar\u00e1s en viajes.\nTecnolog\u00eda y seguridad: Verifica que el modelo ofrezca elementos como asistentes de conducci\u00f3n, control de estabilidad y conectividad.\n\nConclusi\u00f3n\n\nLos 10 sedanes m\u00e1s vendidos en 2024 reflejan las principales preferencias de los consumidores espa\u00f1oles. Modelos como Toyota Corolla y Honda Civic siguen en lo m\u00e1s alto, pero opciones como Nissan Sentra y Renault M\u00e9gane Sed\u00e1n han ganado protagonismo con sus innovaciones.\n\nYa sea por su desempe\u00f1o, confort o tecnolog\u00eda, los sedanes medianos contin\u00faan siendo una excelente elecci\u00f3n para familias y profesionales en Espa\u00f1a. Al considerar tus prioridades, te resultar\u00e1 m\u00e1s f\u00e1cil elegir el modelo que mejor se adapte a ti.\n\nPreguntas Frecuentes (FAQs)\n\n\u00bfCu\u00e1l es el sed\u00e1n mediano m\u00e1s vendido en 2024?\nEl Toyota Corolla ha sido el sed\u00e1n mediano m\u00e1s vendido en 2024. Ha destacado por combinar tecnolog\u00eda h\u00edbrida, confort y una excelente revalorizaci\u00f3n en el mercado de ocasi\u00f3n.\n\u00bfQu\u00e9 sed\u00e1n mediano ofrece la mejor relaci\u00f3n calidad-precio?\nEl Chevrolet Cruze es una opci\u00f3n excelente para quienes buscan una buena relaci\u00f3n calidad-precio. Ofrece un paquete completo de equipamiento, desempe\u00f1o equilibrado y consumo eficiente.\n\u00bfHay opciones h\u00edbridas o el\u00e9ctricas entre los sedanes medianos m\u00e1s vendidos?\nS\u00ed, el Toyota Corolla cuenta con versiones h\u00edbridas que son muy populares, y el Renault M\u00e9gane Sed\u00e1n ha introducido una opci\u00f3n electrificada enfocada en la sostenibilidad.\n\u00bfQu\u00e9 sed\u00e1n mediano ofrece m\u00e1s espacio interior?\nEl Nissan Sentra es elogiado por su amplio espacio interior y confort, siendo una opci\u00f3n fant\u00e1stica para familias o viajes largos.\n\u00bfQu\u00e9 sed\u00e1n mediano es ideal para quienes buscan desempe\u00f1o deportivo?\nEl Volkswagen Jetta, especialmente en su versi\u00f3n GLI, es perfecto para quienes buscan desempe\u00f1o deportivo sin renunciar al confort.\n\u00bfQu\u00e9 sed\u00e1n mediano tiene el mejor maletero?\nEl Honda Civic y el Toyota Corolla ofrecen maleteros amplios, ideales para viajes y para quienes necesitan m\u00e1s espacio a diario.\n\u00bfQu\u00e9 debo considerar al elegir un sed\u00e1n mediano?\nDebes considerar tu presupuesto, el consumo de combustible, el confort, el espacio interior y las caracter\u00edsticas de tecnolog\u00eda y seguridad que ofrece el modelo.\n\u00bfLos sedanes medianos tienen buena revalorizaci\u00f3n?\n\n\n<div style=\"text-align: center; margin: 60px 0 40px 0;\">\n    <img decoding=\"async\" src=\"https:\/\/filmthai.moicaucachep.com\/wp-content\/uploads\/2026\/08\/car_api_20260829_150048_1137_1_optimized.jpg\" alt=\"\" style=\"width: 100%; height: auto; max-width: 600px; border-radius: 8px;\" \/>\n<\/div>\n\n\n\n<div style=\"height:20px\" aria-hidden=\"true\" class=\"wp-block-spacer\"><\/div>\n\n\nS\u00ed, modelos como el Toyota Corolla y el Honda Civic son conocidos por su alta","protected":false},"excerpt":{"rendered":"<p>Los 10 Sedanes M\u00e1s Vendidos en 2024: Descubre los Campeones de Ventas del A\u00f1o El mercado de sedanes medianos sigue muy activo en 2024. Con una oferta cada vez m\u00e1s moderna, econ\u00f3mica y tecnol\u00f3gica, estos veh\u00edculos contin\u00faan siendo la elecci\u00f3n preferida de muchas familias y profesionales. Pero \u00bfqu\u00e9 modelos han conquistado realmente al p\u00fablico? En [&hellip;]<\/p>\n","protected":false},"author":1,"featured_media":11539,"comment_status":"closed","ping_status":"closed","sticky":false,"template":"","format":"standard","meta":{"footnotes":""},"categories":[1],"tags":[],"class_list":["post-11543","post","type-post","status-publish","format-standard","has-post-thumbnail","hentry","category-uncategorized"],"yoast_head":"<!-- This site is optimized with the Yoast SEO plugin v27.2 - https:\/\/yoast.com\/product\/yoast-seo-wordpress\/ -->\n<title>N0109023_A seis meses del operativo federal del 22 de febrero de 2026 en el que falleci\u00f3 Nemesio Oseguera Cer_part2 - filmthai.moicaucachep.com<\/title>\n<meta name=\"robots\" content=\"index, follow, max-snippet:-1, max-image-preview:large, max-video-preview:-1\" \/>\n<link rel=\"canonical\" href=\"https:\/\/filmthai.moicaucachep.com\/?p=11543\" \/>\n<meta property=\"og:locale\" content=\"en_US\" \/>\n<meta property=\"og:type\" content=\"article\" \/>\n<meta property=\"og:title\" content=\"N0109023_A seis meses del operativo federal del 22 de febrero de 2026 en el que falleci\u00f3 Nemesio Oseguera Cer_part2 - filmthai.moicaucachep.com\" \/>\n<meta property=\"og:description\" content=\"Los 10 Sedanes M\u00e1s Vendidos en 2024: Descubre los Campeones de Ventas del A\u00f1o El mercado de sedanes medianos sigue muy activo en 2024. Con una oferta cada vez m\u00e1s moderna, econ\u00f3mica y tecnol\u00f3gica, estos veh\u00edculos contin\u00faan siendo la elecci\u00f3n preferida de muchas familias y profesionales. Pero \u00bfqu\u00e9 modelos han conquistado realmente al p\u00fablico? En [&hellip;]\" \/>\n<meta property=\"og:url\" content=\"https:\/\/filmthai.moicaucachep.com\/?p=11543\" \/>\n<meta property=\"og:site_name\" content=\"filmthai.moicaucachep.com\" \/>\n<meta property=\"article:published_time\" content=\"2026-08-29T08:00:55+00:00\" \/>\n<meta property=\"og:image\" content=\"https:\/\/filmthai.moicaucachep.com\/wp-content\/uploads\/2026\/08\/fb_natural_20260829_150045.jpg\" \/>\n\t<meta property=\"og:image:width\" content=\"1920\" \/>\n\t<meta property=\"og:image:height\" content=\"1080\" \/>\n\t<meta property=\"og:image:type\" content=\"image\/jpeg\" \/>\n<meta name=\"author\" content=\"admin79\" \/>\n<meta name=\"twitter:card\" content=\"summary_large_image\" \/>\n<meta name=\"twitter:label1\" content=\"Written by\" \/>\n\t<meta name=\"twitter:data1\" content=\"admin79\" \/>\n\t<meta name=\"twitter:label2\" content=\"Est. reading time\" \/>\n\t<meta name=\"twitter:data2\" content=\"7 minutes\" \/>\n<script type=\"application\/ld+json\" class=\"yoast-schema-graph\">{\"@context\":\"https:\/\/schema.org\",\"@graph\":[{\"@type\":\"Article\",\"@id\":\"https:\/\/filmthai.moicaucachep.com\/?p=11543#article\",\"isPartOf\":{\"@id\":\"https:\/\/filmthai.moicaucachep.com\/?p=11543\"},\"author\":{\"name\":\"admin79\",\"@id\":\"https:\/\/filmthai.moicaucachep.com\/#\/schema\/person\/96407441b3c4e1f4e9b03285253562c1\"},\"headline\":\"N0109023_A seis meses del operativo federal del 22 de febrero de 2026 en el que falleci\u00f3 Nemesio Oseguera Cer_part2\",\"datePublished\":\"2026-08-29T08:00:55+00:00\",\"mainEntityOfPage\":{\"@id\":\"https:\/\/filmthai.moicaucachep.com\/?p=11543\"},\"wordCount\":1439,\"image\":{\"@id\":\"https:\/\/filmthai.moicaucachep.com\/?p=11543#primaryimage\"},\"thumbnailUrl\":\"https:\/\/filmthai.moicaucachep.com\/wp-content\/uploads\/2026\/08\/fb_natural_20260829_150045.jpg\",\"inLanguage\":\"en-US\"},{\"@type\":\"WebPage\",\"@id\":\"https:\/\/filmthai.moicaucachep.com\/?p=11543\",\"url\":\"https:\/\/filmthai.moicaucachep.com\/?p=11543\",\"name\":\"N0109023_A seis meses del operativo federal del 22 de febrero de 2026 en el que falleci\u00f3 Nemesio Oseguera Cer_part2 - filmthai.moicaucachep.com\",\"isPartOf\":{\"@id\":\"https:\/\/filmthai.moicaucachep.com\/#website\"},\"primaryImageOfPage\":{\"@id\":\"https:\/\/filmthai.moicaucachep.com\/?p=11543#primaryimage\"},\"image\":{\"@id\":\"https:\/\/filmthai.moicaucachep.com\/?p=11543#primaryimage\"},\"thumbnailUrl\":\"https:\/\/filmthai.moicaucachep.com\/wp-content\/uploads\/2026\/08\/fb_natural_20260829_150045.jpg\",\"datePublished\":\"2026-08-29T08:00:55+00:00\",\"author\":{\"@id\":\"https:\/\/filmthai.moicaucachep.com\/#\/schema\/person\/96407441b3c4e1f4e9b03285253562c1\"},\"breadcrumb\":{\"@id\":\"https:\/\/filmthai.moicaucachep.com\/?p=11543#breadcrumb\"},\"inLanguage\":\"en-US\",\"potentialAction\":[{\"@type\":\"ReadAction\",\"target\":[\"https:\/\/filmthai.moicaucachep.com\/?p=11543\"]}]},{\"@type\":\"ImageObject\",\"inLanguage\":\"en-US\",\"@id\":\"https:\/\/filmthai.moicaucachep.com\/?p=11543#primaryimage\",\"url\":\"https:\/\/filmthai.moicaucachep.com\/wp-content\/uploads\/2026\/08\/fb_natural_20260829_150045.jpg\",\"contentUrl\":\"https:\/\/filmthai.moicaucachep.com\/wp-content\/uploads\/2026\/08\/fb_natural_20260829_150045.jpg\",\"width\":1920,\"height\":1080},{\"@type\":\"BreadcrumbList\",\"@id\":\"https:\/\/filmthai.moicaucachep.com\/?p=11543#breadcrumb\",\"itemListElement\":[{\"@type\":\"ListItem\",\"position\":1,\"name\":\"Home\",\"item\":\"https:\/\/filmthai.moicaucachep.com\/\"},{\"@type\":\"ListItem\",\"position\":2,\"name\":\"N0109023_A seis meses del operativo federal del 22 de febrero de 2026 en el que falleci\u00f3 Nemesio Oseguera Cer_part2\"}]},{\"@type\":\"WebSite\",\"@id\":\"https:\/\/filmthai.moicaucachep.com\/#website\",\"url\":\"https:\/\/filmthai.moicaucachep.com\/\",\"name\":\"filmthai.moicaucachep.com\",\"description\":\"\",\"potentialAction\":[{\"@type\":\"SearchAction\",\"target\":{\"@type\":\"EntryPoint\",\"urlTemplate\":\"https:\/\/filmthai.moicaucachep.com\/?s={search_term_string}\"},\"query-input\":{\"@type\":\"PropertyValueSpecification\",\"valueRequired\":true,\"valueName\":\"search_term_string\"}}],\"inLanguage\":\"en-US\"},{\"@type\":\"Person\",\"@id\":\"https:\/\/filmthai.moicaucachep.com\/#\/schema\/person\/96407441b3c4e1f4e9b03285253562c1\",\"name\":\"admin79\",\"image\":{\"@type\":\"ImageObject\",\"inLanguage\":\"en-US\",\"@id\":\"https:\/\/secure.gravatar.com\/avatar\/c07df73f87635fa9e5b07814d09d4e493a5ddc196989004f6090464d1a87c9a6?s=96&d=mm&r=g\",\"url\":\"https:\/\/secure.gravatar.com\/avatar\/c07df73f87635fa9e5b07814d09d4e493a5ddc196989004f6090464d1a87c9a6?s=96&d=mm&r=g\",\"contentUrl\":\"https:\/\/secure.gravatar.com\/avatar\/c07df73f87635fa9e5b07814d09d4e493a5ddc196989004f6090464d1a87c9a6?s=96&d=mm&r=g\",\"caption\":\"admin79\"},\"sameAs\":[\"http:\/\/filmthai.moicaucachep.com\"],\"url\":\"https:\/\/filmthai.moicaucachep.com\/?author=1\"}]}<\/script>\n<!-- \/ Yoast SEO plugin. -->","yoast_head_json":{"title":"N0109023_A seis meses del operativo federal del 22 de febrero de 2026 en el que falleci\u00f3 Nemesio Oseguera Cer_part2 - filmthai.moicaucachep.com","robots":{"index":"index","follow":"follow","max-snippet":"max-snippet:-1","max-image-preview":"max-image-preview:large","max-video-preview":"max-video-preview:-1"},"canonical":"https:\/\/filmthai.moicaucachep.com\/?p=11543","og_locale":"en_US","og_type":"article","og_title":"N0109023_A seis meses del operativo federal del 22 de febrero de 2026 en el que falleci\u00f3 Nemesio Oseguera Cer_part2 - filmthai.moicaucachep.com","og_description":"Los 10 Sedanes M\u00e1s Vendidos en 2024: Descubre los Campeones de Ventas del A\u00f1o El mercado de sedanes medianos sigue muy activo en 2024. Con una oferta cada vez m\u00e1s moderna, econ\u00f3mica y tecnol\u00f3gica, estos veh\u00edculos contin\u00faan siendo la elecci\u00f3n preferida de muchas familias y profesionales. Pero \u00bfqu\u00e9 modelos han conquistado realmente al p\u00fablico? En [&hellip;]","og_url":"https:\/\/filmthai.moicaucachep.com\/?p=11543","og_site_name":"filmthai.moicaucachep.com","article_published_time":"2026-08-29T08:00:55+00:00","og_image":[{"width":1920,"height":1080,"url":"https:\/\/filmthai.moicaucachep.com\/wp-content\/uploads\/2026\/08\/fb_natural_20260829_150045.jpg","type":"image\/jpeg"}],"author":"admin79","twitter_card":"summary_large_image","twitter_misc":{"Written by":"admin79","Est. reading time":"7 minutes"},"schema":{"@context":"https:\/\/schema.org","@graph":[{"@type":"Article","@id":"https:\/\/filmthai.moicaucachep.com\/?p=11543#article","isPartOf":{"@id":"https:\/\/filmthai.moicaucachep.com\/?p=11543"},"author":{"name":"admin79","@id":"https:\/\/filmthai.moicaucachep.com\/#\/schema\/person\/96407441b3c4e1f4e9b03285253562c1"},"headline":"N0109023_A seis meses del operativo federal del 22 de febrero de 2026 en el que falleci\u00f3 Nemesio Oseguera Cer_part2","datePublished":"2026-08-29T08:00:55+00:00","mainEntityOfPage":{"@id":"https:\/\/filmthai.moicaucachep.com\/?p=11543"},"wordCount":1439,"image":{"@id":"https:\/\/filmthai.moicaucachep.com\/?p=11543#primaryimage"},"thumbnailUrl":"https:\/\/filmthai.moicaucachep.com\/wp-content\/uploads\/2026\/08\/fb_natural_20260829_150045.jpg","inLanguage":"en-US"},{"@type":"WebPage","@id":"https:\/\/filmthai.moicaucachep.com\/?p=11543","url":"https:\/\/filmthai.moicaucachep.com\/?p=11543","name":"N0109023_A seis meses del operativo federal del 22 de febrero de 2026 en el que falleci\u00f3 Nemesio Oseguera Cer_part2 - filmthai.moicaucachep.com","isPartOf":{"@id":"https:\/\/filmthai.moicaucachep.com\/#website"},"primaryImageOfPage":{"@id":"https:\/\/filmthai.moicaucachep.com\/?p=11543#primaryimage"},"image":{"@id":"https:\/\/filmthai.moicaucachep.com\/?p=11543#primaryimage"},"thumbnailUrl":"https:\/\/filmthai.moicaucachep.com\/wp-content\/uploads\/2026\/08\/fb_natural_20260829_150045.jpg","datePublished":"2026-08-29T08:00:55+00:00","author":{"@id":"https:\/\/filmthai.moicaucachep.com\/#\/schema\/person\/96407441b3c4e1f4e9b03285253562c1"},"breadcrumb":{"@id":"https:\/\/filmthai.moicaucachep.com\/?p=11543#breadcrumb"},"inLanguage":"en-US","potentialAction":[{"@type":"ReadAction","target":["https:\/\/filmthai.moicaucachep.com\/?p=11543"]}]},{"@type":"ImageObject","inLanguage":"en-US","@id":"https:\/\/filmthai.moicaucachep.com\/?p=11543#primaryimage","url":"https:\/\/filmthai.moicaucachep.com\/wp-content\/uploads\/2026\/08\/fb_natural_20260829_150045.jpg","contentUrl":"https:\/\/filmthai.moicaucachep.com\/wp-content\/uploads\/2026\/08\/fb_natural_20260829_150045.jpg","width":1920,"height":1080},{"@type":"BreadcrumbList","@id":"https:\/\/filmthai.moicaucachep.com\/?p=11543#breadcrumb","itemListElement":[{"@type":"ListItem","position":1,"name":"Home","item":"https:\/\/filmthai.moicaucachep.com\/"},{"@type":"ListItem","position":2,"name":"N0109023_A seis meses del operativo federal del 22 de febrero de 2026 en el que falleci\u00f3 Nemesio Oseguera Cer_part2"}]},{"@type":"WebSite","@id":"https:\/\/filmthai.moicaucachep.com\/#website","url":"https:\/\/filmthai.moicaucachep.com\/","name":"filmthai.moicaucachep.com","description":"","potentialAction":[{"@type":"SearchAction","target":{"@type":"EntryPoint","urlTemplate":"https:\/\/filmthai.moicaucachep.com\/?s={search_term_string}"},"query-input":{"@type":"PropertyValueSpecification","valueRequired":true,"valueName":"search_term_string"}}],"inLanguage":"en-US"},{"@type":"Person","@id":"https:\/\/filmthai.moicaucachep.com\/#\/schema\/person\/96407441b3c4e1f4e9b03285253562c1","name":"admin79","image":{"@type":"ImageObject","inLanguage":"en-US","@id":"https:\/\/secure.gravatar.com\/avatar\/c07df73f87635fa9e5b07814d09d4e493a5ddc196989004f6090464d1a87c9a6?s=96&d=mm&r=g","url":"https:\/\/secure.gravatar.com\/avatar\/c07df73f87635fa9e5b07814d09d4e493a5ddc196989004f6090464d1a87c9a6?s=96&d=mm&r=g","contentUrl":"https:\/\/secure.gravatar.com\/avatar\/c07df73f87635fa9e5b07814d09d4e493a5ddc196989004f6090464d1a87c9a6?s=96&d=mm&r=g","caption":"admin79"},"sameAs":["http:\/\/filmthai.moicaucachep.com"],"url":"https:\/\/filmthai.moicaucachep.com\/?author=1"}]}},"_links":{"self":[{"href":"https:\/\/filmthai.moicaucachep.com\/index.php?rest_route=\/wp\/v2\/posts\/11543","targetHints":{"allow":["GET"]}}],"collection":[{"href":"https:\/\/filmthai.moicaucachep.com\/index.php?rest_route=\/wp\/v2\/posts"}],"about":[{"href":"https:\/\/filmthai.moicaucachep.com\/index.php?rest_route=\/wp\/v2\/types\/post"}],"author":[{"embeddable":true,"href":"https:\/\/filmthai.moicaucachep.com\/index.php?rest_route=\/wp\/v2\/users\/1"}],"replies":[{"embeddable":true,"href":"https:\/\/filmthai.moicaucachep.com\/index.php?rest_route=%2Fwp%2Fv2%2Fcomments&post=11543"}],"version-history":[{"count":1,"href":"https:\/\/filmthai.moicaucachep.com\/index.php?rest_route=\/wp\/v2\/posts\/11543\/revisions"}],"predecessor-version":[{"id":11544,"href":"https:\/\/filmthai.moicaucachep.com\/index.php?rest_route=\/wp\/v2\/posts\/11543\/revisions\/11544"}],"wp:featuredmedia":[{"embeddable":true,"href":"https:\/\/filmthai.moicaucachep.com\/index.php?rest_route=\/wp\/v2\/media\/11539"}],"wp:attachment":[{"href":"https:\/\/filmthai.moicaucachep.com\/index.php?rest_route=%2Fwp%2Fv2%2Fmedia&parent=11543"}],"wp:term":[{"taxonomy":"category","embeddable":true,"href":"https:\/\/filmthai.moicaucachep.com\/index.php?rest_route=%2Fwp%2Fv2%2Fcategories&post=11543"},{"taxonomy":"post_tag","embeddable":true,"href":"https:\/\/filmthai.moicaucachep.com\/index.php?rest_route=%2Fwp%2Fv2%2Ftags&post=11543"}],"curies":[{"name":"wp","href":"https:\/\/api.w.org\/{rel}","templated":true}]}}