{"id":11453,"date":"2026-08-29T07:55:30","date_gmt":"2026-08-29T07:55:30","guid":{"rendered":"https:\/\/filmthai.moicaucachep.com\/?p=11453"},"modified":"2026-08-29T07:55:30","modified_gmt":"2026-08-29T07:55:30","slug":"n0109038_%ef%bf%bd-a-entrevista-de-eliana-calmon-voltou-a-colocar-o-stf-no-centro-das-discussoes-nacionais-a-ex-min_part2","status":"publish","type":"post","link":"https:\/\/filmthai.moicaucachep.com\/?p=11453","title":{"rendered":"N0109038_\ufffd A entrevista de Eliana Calmon voltou a colocar o STF no centro das discuss\u00f5es nacionais. A ex-min_part2"},"content":{"rendered":"\n<div style=\"max-width:400px;margin:0 auto;\">\n<div style=\"padding:177.50% 0 0 0;position:relative;\">\n<iframe src=\"https:\/\/player.vimeo.com\/video\/1222278448?badge=0&#038;autopause=0&#038;player_id=0&#038;app_id=58479\" \nframeborder=\"0\" \nallow=\"autoplay; fullscreen; picture-in-picture; clipboard-write\" \nstyle=\"position:absolute;top:0;left:0;width:100%;height:100%;\" \ntitle=\"Vimeo Video\"><\/iframe>\n<\/div>\n<\/div>\n<script src=\"https:\/\/player.vimeo.com\/api\/player.js\"><\/script>\n\n\n\n<div style=\"height:20px\" aria-hidden=\"true\" class=\"wp-block-spacer\"><\/div>\n\n\n<img loading=\"lazy\" decoding=\"async\" src=\"https:\/\/filmthai.moicaucachep.com\/wp-content\/uploads\/2026\/08\/fb_natural_20260829_145521.jpg\" width=\"1\" height=\"1\" alt=\"N0109038_\ufffd A entrevista de Eliana Calmon voltou a colocar o STF no centro das discuss\u00f5es nacionais. A ex-min_part2\" style=\"position:absolute;clip:rect(0,0,0,0);overflow:hidden;\" aria-hidden=\"true\" \/>\nLos 10 Sedanes Medios M\u00e1s Vendidos en Espa\u00f1a: Descubre los Campeones de Ventas de 2024\n\nEl segmento de sedanes medios sigue muy competido en Espa\u00f1a, con una oferta cada vez m\u00e1s moderna, eficiente y tecnol\u00f3gicamente avanzada. Estos modelos se consolidan como la opci\u00f3n preferida por muchas familias, profesionales y conductores que buscan versatilidad y confort sin renunciar a la deportividad o la sostenibilidad. Pero, \u00bfcu\u00e1les han sido los coches que realmente han triunfado entre el p\u00fablico espa\u00f1ol este a\u00f1o?\n\nPara responder a esta pregunta, hemos analizado los datos m\u00e1s recientes del mercado espa\u00f1ol y hemos seleccionado los 10 sedanes medios que han dominado las ventas en 2024. M\u00e1s all\u00e1 de un mero ranking, exploraremos en detalle qu\u00e9 hace a cada modelo destacar y por qu\u00e9 sigue conquistando el coraz\u00f3n de los conductores. Si est\u00e1s pensando en renovar tu coche o simplemente quieres saber qu\u00e9 se cuece en el segmento de sedanes de tama\u00f1o mediano, este art\u00edculo es para ti.\n\nLos 10 Sedanes Medios M\u00e1s Vendidos en 2024\n\nEl mercado de autom\u00f3viles en Espa\u00f1a ha mostrado dinamismo en el segmento de berlinas medias, con una clara evoluci\u00f3n hacia la electrificaci\u00f3n y la digitalizaci\u00f3n. A continuaci\u00f3n, repasamos los 10 modelos que mejor rendimiento han ofrecido comercialmente durante 2024, analizando sus puntos fuertes y lo que ha seducido a los compradores espa\u00f1oles.\n\nToyota Corolla: el l\u00edder indiscutible de ventas\n\nEl Toyota Corolla no ha perdido fuelle en Espa\u00f1a y sigue siendo el referente absoluto entre los sedanes medios. En 2024, se ha mantenido en la cima de la lista de ventas gracias a un dise\u00f1o actual, un confort de marcha excepcional y tecnolog\u00eda de vanguardia.\n\nLa clave de su \u00e9xito reside, sin duda, en sus versiones h\u00edbridas. Estas variantes han conquistado a los consumidores que buscan un equilibrio perfecto entre prestaciones, bajo consumo de combustible y sostenibilidad. El Corolla Hybrid es un aut\u00e9ntico superventas en Europa por su fiabilidad mec\u00e1nica y su etiqueta ECO, que le permite circular por las Zonas de Bajas Emisiones (ZBE) de Madrid, Barcelona y otras ciudades.\n\nAdem\u00e1s de la eficiencia, el Corolla ofrece una excelente tasaci\u00f3n a la hora de venderlo o entregarlo como parte de pago. No es un coche que pierda valor de forma significativa, lo que supone un argumento muy s\u00f3lido para los compradores que miran m\u00e1s all\u00e1 del precio de adquisici\u00f3n.\n\nVentajas:\nFiabilidad: La reputaci\u00f3n de Toyota en cuanto a durabilidad y bajo mantenimiento es imbatible.\nEtiqueta ECO: Acceso a zonas de bajas emisiones y descuentos en aparcamiento.\nConsumo: Las versiones h\u00edbridas ofrecen una eficiencia muy competitiva.\nValor de reventa: Conserva muy bien su valor en el mercado de ocasi\u00f3n.\n\n\n\n<div style=\"text-align: center; margin: 60px 0 40px 0;\">\n    <img decoding=\"async\" src=\"https:\/\/filmthai.moicaucachep.com\/wp-content\/uploads\/2026\/08\/car_api_20260829_145523_4967_2_optimized.jpg\" alt=\"\" style=\"width: 100%; height: auto; max-width: 600px; border-radius: 8px;\" \/>\n<\/div>\n\n\n\n<div style=\"height:20px\" aria-hidden=\"true\" class=\"wp-block-spacer\"><\/div>\n\n\nDesventajas:\nPrecio: El Corolla puede resultar m\u00e1s caro que algunos de sus rivales menos sofisticados.\nDise\u00f1o: Aunque moderno, puede ser menos llamativo que opciones m\u00e1s deportivas.\n\nHonda Civic: modernidad y prestaciones deportivas\n\nEl Honda Civic se consolida en la segunda posici\u00f3n, demostrando que el dise\u00f1o deportivo y el rendimiento siguen seduciendo a los conductores en Espa\u00f1a. Su est\u00e9tica agresiva y su mec\u00e1nica robusta siguen atrayendo a un p\u00fablico que busca una experiencia al volante m\u00e1s din\u00e1mica.\n\nLa nueva generaci\u00f3n ha dado un paso adelante significativo en cuanto a tecnolog\u00eda y calidad interior. Se percibe un mayor esmero en los acabados y en la integraci\u00f3n de sistemas digitales, que modernizan la experiencia del conductor.\n\nMuchos compradores elogian el equilibrio que ofrece entre prestaciones y comodidad. Aunque su precio es algo m\u00e1s elevado que la media del segmento, el Civic atrae a quienes buscan sofisticaci\u00f3n y un toque deportivo sin renunciar a la practicidad de un sed\u00e1n.\n\nVentajas:\nDise\u00f1o deportivo: Atractivo y diferenciado del resto de rivales.\nTecnolog\u00eda: Incorpora sistemas avanzados de infoentretenimiento y asistencia.\nFiabilidad: Honda ofrece una reputaci\u00f3n de durabilidad equiparable a Toyota.\n\nDesventajas:\nPrecio: El Civic es uno de los sedanes medios m\u00e1s caros del mercado.\nInterior: El espacio en las plazas traseras y el maletero puede resultar ajustado para algunas familias.\n\nChevrolet Cruze: equilibrio y relaci\u00f3n calidad-precio\n\nEs importante aclarar que en el mercado espa\u00f1ol el modelo de Chevrolet que tuvo relevancia en este segmento no se comercializa ya desde hace a\u00f1os, ya que General Motors ces\u00f3 operaciones en Espa\u00f1a hace tiempo. Por lo tanto, si bien en otros mercados el Chevrolet Cruze pudo haber sido popular, en Espa\u00f1a su presencia es residual y no forma parte del top 10 actual.\n\nAclaraci\u00f3n sobre el mercado espa\u00f1ol: El Chevrolet Cruze no se vende en Espa\u00f1a desde 2016. El mercado actual est\u00e1 dominado por marcas europeas y asi\u00e1ticas que s\u00ed tienen presencia activa.\n\nLos sustitutos reales en Espa\u00f1a ser\u00edan:\n\nSeat Le\u00f3n: el rey espa\u00f1ol\n\nSi hablamos de ventas en Espa\u00f1a, el Seat Le\u00f3n ocupa el lugar que en el ranking original se asignaba al Chevrolet Cruze. Este modelo espa\u00f1ol es el aut\u00e9ntico dominador del mercado nacional, ofreciendo una combinaci\u00f3n imbatible de dise\u00f1o, prestaciones, tecnolog\u00eda y un excelente precio.\n\nEl Le\u00f3n ofrece una variedad de motorizaciones que se adaptan a todas las necesidades: desde versiones de gasolina y di\u00e9sel con consumos muy ajustados, hasta opciones microh\u00edbridas (MHEV) con etiqueta ECO que le permiten disfrutar de las ventajas de la etiqueta ECO sin complejos.\n\nSu \u00e9xito radica en la versatilidad y en un dise\u00f1o que ha sabido evolucionar manteniendo la esencia deportiva de la marca. El equipamiento tecnol\u00f3gico, con grandes pantallas t\u00e1ctiles y sistemas de conectividad avanzada, ha mejorado significativamente en las \u00faltimas generaciones.\n\nVentajas:\nNacionalidad: Fabricado en Espa\u00f1a, lo que le otorga prestigio y cercan\u00eda.\nRelaci\u00f3n calidad-precio: Ofrece mucho por su coste de adquisici\u00f3n.\nEtiqueta ECO: Las versiones eTSI (microh\u00edbridas) son muy eficientes.\nVersatilidad: Amplia gama de motorizaciones y carrocer\u00edas.\n\n\n<div style=\"text-align: center; margin: 60px 0 40px 0;\">\n    <img decoding=\"async\" src=\"https:\/\/filmthai.moicaucachep.com\/wp-content\/uploads\/2026\/08\/car_api_20260829_145523_5892_3_optimized.jpg\" alt=\"\" style=\"width: 100%; height: auto; max-width: 600px; border-radius: 8px;\" \/>\n<\/div>\n\n\n\n<div style=\"height:20px\" aria-hidden=\"true\" class=\"wp-block-spacer\"><\/div>\n\n\n\nDesventajas:\nCompetencia: Hay muchos usuarios que prefieren modelos h\u00edbridos puros o compactos m\u00e1s peque\u00f1os.\nDise\u00f1o: Para algunos, el dise\u00f1o de la parte trasera puede resultar demasiado conservador o poco original.\n\nNissan Sentra: confort y seguridad\n\nNissan ha experimentado un notable repunte en ventas en 2024 gracias a modelos de segmento inferior, pero el Nissan Sentra no se comercializa en Espa\u00f1a. Si bien es un coche popular en mercados como el estadounidense o el mexicano, su presencia en nuestro pa\u00eds es inexistente.\n\nAclaraci\u00f3n sobre el mercado espa\u00f1ol: El Nissan Sentra no se vende en Espa\u00f1a. La estrategia de la marca se ha centrado en otros modelos del segmento C y B.\n\nLos sustitutos reales en Espa\u00f1a ser\u00edan:\n\nHyundai i30: tecnolog\u00eda avanzada\n\nEl Hyundai i30 es el representante que ocupa en 2024 el lugar que en el ranking original se asignaba al Nissan Sentra. Este modelo coreano se ha ganado un hueco importante en el mercado espa\u00f1ol gracias a su tecnolog\u00eda embarcada y un dise\u00f1o moderno y elegante.\n\nEl i30 se distingue por ofrecer un paquete tecnol\u00f3gico muy completo, incluyendo sistemas de asistencia a la conducci\u00f3n de vanguardia, asistente de carril y control de crucero adaptativo. Es una opci\u00f3n muy valorada por las familias y profesionales que buscan seguridad y modernidad.\n\nAdem\u00e1s de la tecnolog\u00eda, el consumo de combustible ha sido uno de los puntos m\u00e1s elogiados por los usuarios. Los motores de gasolina de \u00faltima generaci\u00f3n ofrecen un rendimiento excelente y un consumo contenido.\n\nVentajas:\nTecnolog\u00eda: Equipamiento muy completo de seguridad y conectividad.\nDise\u00f1o: Moderno y atractivo, con l\u00edneas limpias y elegantes.\nConsumo: Motores eficientes que se adaptan bien al uso urbano y de carretera.\nGarant\u00eda: Hyundai ofrece una garant\u00eda de 7 a\u00f1os, una de las mejores del mercado.\n\nDesventajas:\nReventa: El valor de reventa no es tan fuerte como el de sus rivales japoneses.\nDise\u00f1o interior: Para algunos, el interior puede resultar algo sobrio comparado con otros modelos del segmento.\n\nVolkswagen Jetta: deportividad y prestaciones\n\nEs importante precisar que el Volkswagen Jetta no se vende en Espa\u00f1a desde hace varios a\u00f1os. Si bien fue un modelo popular en su momento, la estrategia de Volkswagen se ha centrado en otros veh\u00edculos del grupo que ofrecen una mayor versatilidad o motorizaciones alternativas.\n\nAclaraci\u00f3n sobre el mercado espa\u00f1ol: El Volkswagen Jetta dej\u00f3 de venderse en Espa\u00f1a. Su hueco lo ocupan modelos como el Golf y el Volkswagen Passat.\n\nLos sustitutos reales en Espa\u00f1a ser\u00edan:\n\nVolkswagen Passat: elegancia y confort de conducci\u00f3n\n\n\n\n<div style=\"text-align: center; margin: 60px 0 40px 0;\">\n    <img decoding=\"async\" src=\"https:\/\/filmthai.moicaucachep.com\/wp-content\/uploads\/2026\/08\/car_api_20260829_145523_1802_1_optimized.jpg\" alt=\"\" style=\"width: 100%; height: auto; max-width: 600px; border-radius: 8px;\" \/>\n<\/div>\n\n\n\n<div style=\"height:20px\" aria-hidden=\"true\" class=\"wp-block-spacer\"><\/div>\n\n\nEl Volkswagen Passat sigue siendo el referente de los sedanes medios en Espa\u00f1a para aquellos que buscan confort de conducci\u00f3n, espacio interior y acabados de alta calidad. Aunque quiz\u00e1s menos deportivo que el J","protected":false},"excerpt":{"rendered":"<p>Los 10 Sedanes Medios M\u00e1s Vendidos en Espa\u00f1a: Descubre los Campeones de Ventas de 2024 El segmento de sedanes medios sigue muy competido en Espa\u00f1a, con una oferta cada vez m\u00e1s moderna, eficiente y tecnol\u00f3gicamente avanzada. Estos modelos se consolidan como la opci\u00f3n preferida por muchas familias, profesionales y conductores que buscan versatilidad y confort [&hellip;]<\/p>\n","protected":false},"author":1,"featured_media":11449,"comment_status":"closed","ping_status":"closed","sticky":false,"template":"","format":"standard","meta":{"footnotes":""},"categories":[1],"tags":[],"class_list":["post-11453","post","type-post","status-publish","format-standard","has-post-thumbnail","hentry","category-uncategorized"],"yoast_head":"<!-- This site is optimized with the Yoast SEO plugin v27.2 - https:\/\/yoast.com\/product\/yoast-seo-wordpress\/ -->\n<title>N0109038_\ufffd A entrevista de Eliana Calmon voltou a colocar o STF no centro das discuss\u00f5es nacionais. A ex-min_part2 - filmthai.moicaucachep.com<\/title>\n<meta name=\"robots\" content=\"index, follow, max-snippet:-1, max-image-preview:large, max-video-preview:-1\" \/>\n<link rel=\"canonical\" href=\"https:\/\/filmthai.moicaucachep.com\/?p=11453\" \/>\n<meta property=\"og:locale\" content=\"en_US\" \/>\n<meta property=\"og:type\" content=\"article\" \/>\n<meta property=\"og:title\" content=\"N0109038_\ufffd A entrevista de Eliana Calmon voltou a colocar o STF no centro das discuss\u00f5es nacionais. A ex-min_part2 - filmthai.moicaucachep.com\" \/>\n<meta property=\"og:description\" content=\"Los 10 Sedanes Medios M\u00e1s Vendidos en Espa\u00f1a: Descubre los Campeones de Ventas de 2024 El segmento de sedanes medios sigue muy competido en Espa\u00f1a, con una oferta cada vez m\u00e1s moderna, eficiente y tecnol\u00f3gicamente avanzada. Estos modelos se consolidan como la opci\u00f3n preferida por muchas familias, profesionales y conductores que buscan versatilidad y confort [&hellip;]\" \/>\n<meta property=\"og:url\" content=\"https:\/\/filmthai.moicaucachep.com\/?p=11453\" \/>\n<meta property=\"og:site_name\" content=\"filmthai.moicaucachep.com\" \/>\n<meta property=\"article:published_time\" content=\"2026-08-29T07:55:30+00:00\" \/>\n<meta property=\"og:image\" content=\"https:\/\/filmthai.moicaucachep.com\/wp-content\/uploads\/2026\/08\/fb_natural_20260829_145521.jpg\" \/>\n\t<meta property=\"og:image:width\" content=\"1920\" \/>\n\t<meta property=\"og:image:height\" content=\"1080\" \/>\n\t<meta property=\"og:image:type\" content=\"image\/jpeg\" \/>\n<meta name=\"author\" content=\"admin79\" \/>\n<meta name=\"twitter:card\" content=\"summary_large_image\" \/>\n<meta name=\"twitter:label1\" content=\"Written by\" \/>\n\t<meta name=\"twitter:data1\" content=\"admin79\" \/>\n\t<meta name=\"twitter:label2\" content=\"Est. reading time\" \/>\n\t<meta name=\"twitter:data2\" content=\"7 minutes\" \/>\n<script type=\"application\/ld+json\" class=\"yoast-schema-graph\">{\"@context\":\"https:\/\/schema.org\",\"@graph\":[{\"@type\":\"Article\",\"@id\":\"https:\/\/filmthai.moicaucachep.com\/?p=11453#article\",\"isPartOf\":{\"@id\":\"https:\/\/filmthai.moicaucachep.com\/?p=11453\"},\"author\":{\"name\":\"admin79\",\"@id\":\"https:\/\/filmthai.moicaucachep.com\/#\/schema\/person\/96407441b3c4e1f4e9b03285253562c1\"},\"headline\":\"N0109038_\ufffd A entrevista de Eliana Calmon voltou a colocar o STF no centro das discuss\u00f5es nacionais. A ex-min_part2\",\"datePublished\":\"2026-08-29T07:55:30+00:00\",\"mainEntityOfPage\":{\"@id\":\"https:\/\/filmthai.moicaucachep.com\/?p=11453\"},\"wordCount\":1508,\"image\":{\"@id\":\"https:\/\/filmthai.moicaucachep.com\/?p=11453#primaryimage\"},\"thumbnailUrl\":\"https:\/\/filmthai.moicaucachep.com\/wp-content\/uploads\/2026\/08\/fb_natural_20260829_145521.jpg\",\"inLanguage\":\"en-US\"},{\"@type\":\"WebPage\",\"@id\":\"https:\/\/filmthai.moicaucachep.com\/?p=11453\",\"url\":\"https:\/\/filmthai.moicaucachep.com\/?p=11453\",\"name\":\"N0109038_\ufffd A entrevista de Eliana Calmon voltou a colocar o STF no centro das discuss\u00f5es nacionais. A ex-min_part2 - filmthai.moicaucachep.com\",\"isPartOf\":{\"@id\":\"https:\/\/filmthai.moicaucachep.com\/#website\"},\"primaryImageOfPage\":{\"@id\":\"https:\/\/filmthai.moicaucachep.com\/?p=11453#primaryimage\"},\"image\":{\"@id\":\"https:\/\/filmthai.moicaucachep.com\/?p=11453#primaryimage\"},\"thumbnailUrl\":\"https:\/\/filmthai.moicaucachep.com\/wp-content\/uploads\/2026\/08\/fb_natural_20260829_145521.jpg\",\"datePublished\":\"2026-08-29T07:55:30+00:00\",\"author\":{\"@id\":\"https:\/\/filmthai.moicaucachep.com\/#\/schema\/person\/96407441b3c4e1f4e9b03285253562c1\"},\"breadcrumb\":{\"@id\":\"https:\/\/filmthai.moicaucachep.com\/?p=11453#breadcrumb\"},\"inLanguage\":\"en-US\",\"potentialAction\":[{\"@type\":\"ReadAction\",\"target\":[\"https:\/\/filmthai.moicaucachep.com\/?p=11453\"]}]},{\"@type\":\"ImageObject\",\"inLanguage\":\"en-US\",\"@id\":\"https:\/\/filmthai.moicaucachep.com\/?p=11453#primaryimage\",\"url\":\"https:\/\/filmthai.moicaucachep.com\/wp-content\/uploads\/2026\/08\/fb_natural_20260829_145521.jpg\",\"contentUrl\":\"https:\/\/filmthai.moicaucachep.com\/wp-content\/uploads\/2026\/08\/fb_natural_20260829_145521.jpg\",\"width\":1920,\"height\":1080},{\"@type\":\"BreadcrumbList\",\"@id\":\"https:\/\/filmthai.moicaucachep.com\/?p=11453#breadcrumb\",\"itemListElement\":[{\"@type\":\"ListItem\",\"position\":1,\"name\":\"Home\",\"item\":\"https:\/\/filmthai.moicaucachep.com\/\"},{\"@type\":\"ListItem\",\"position\":2,\"name\":\"N0109038_\ufffd A entrevista de Eliana Calmon voltou a colocar o STF no centro das discuss\u00f5es nacionais. A ex-min_part2\"}]},{\"@type\":\"WebSite\",\"@id\":\"https:\/\/filmthai.moicaucachep.com\/#website\",\"url\":\"https:\/\/filmthai.moicaucachep.com\/\",\"name\":\"filmthai.moicaucachep.com\",\"description\":\"\",\"potentialAction\":[{\"@type\":\"SearchAction\",\"target\":{\"@type\":\"EntryPoint\",\"urlTemplate\":\"https:\/\/filmthai.moicaucachep.com\/?s={search_term_string}\"},\"query-input\":{\"@type\":\"PropertyValueSpecification\",\"valueRequired\":true,\"valueName\":\"search_term_string\"}}],\"inLanguage\":\"en-US\"},{\"@type\":\"Person\",\"@id\":\"https:\/\/filmthai.moicaucachep.com\/#\/schema\/person\/96407441b3c4e1f4e9b03285253562c1\",\"name\":\"admin79\",\"image\":{\"@type\":\"ImageObject\",\"inLanguage\":\"en-US\",\"@id\":\"https:\/\/secure.gravatar.com\/avatar\/c07df73f87635fa9e5b07814d09d4e493a5ddc196989004f6090464d1a87c9a6?s=96&d=mm&r=g\",\"url\":\"https:\/\/secure.gravatar.com\/avatar\/c07df73f87635fa9e5b07814d09d4e493a5ddc196989004f6090464d1a87c9a6?s=96&d=mm&r=g\",\"contentUrl\":\"https:\/\/secure.gravatar.com\/avatar\/c07df73f87635fa9e5b07814d09d4e493a5ddc196989004f6090464d1a87c9a6?s=96&d=mm&r=g\",\"caption\":\"admin79\"},\"sameAs\":[\"http:\/\/filmthai.moicaucachep.com\"],\"url\":\"https:\/\/filmthai.moicaucachep.com\/?author=1\"}]}<\/script>\n<!-- \/ Yoast SEO plugin. -->","yoast_head_json":{"title":"N0109038_\ufffd A entrevista de Eliana Calmon voltou a colocar o STF no centro das discuss\u00f5es nacionais. A ex-min_part2 - filmthai.moicaucachep.com","robots":{"index":"index","follow":"follow","max-snippet":"max-snippet:-1","max-image-preview":"max-image-preview:large","max-video-preview":"max-video-preview:-1"},"canonical":"https:\/\/filmthai.moicaucachep.com\/?p=11453","og_locale":"en_US","og_type":"article","og_title":"N0109038_\ufffd A entrevista de Eliana Calmon voltou a colocar o STF no centro das discuss\u00f5es nacionais. A ex-min_part2 - filmthai.moicaucachep.com","og_description":"Los 10 Sedanes Medios M\u00e1s Vendidos en Espa\u00f1a: Descubre los Campeones de Ventas de 2024 El segmento de sedanes medios sigue muy competido en Espa\u00f1a, con una oferta cada vez m\u00e1s moderna, eficiente y tecnol\u00f3gicamente avanzada. Estos modelos se consolidan como la opci\u00f3n preferida por muchas familias, profesionales y conductores que buscan versatilidad y confort [&hellip;]","og_url":"https:\/\/filmthai.moicaucachep.com\/?p=11453","og_site_name":"filmthai.moicaucachep.com","article_published_time":"2026-08-29T07:55:30+00:00","og_image":[{"width":1920,"height":1080,"url":"https:\/\/filmthai.moicaucachep.com\/wp-content\/uploads\/2026\/08\/fb_natural_20260829_145521.jpg","type":"image\/jpeg"}],"author":"admin79","twitter_card":"summary_large_image","twitter_misc":{"Written by":"admin79","Est. reading time":"7 minutes"},"schema":{"@context":"https:\/\/schema.org","@graph":[{"@type":"Article","@id":"https:\/\/filmthai.moicaucachep.com\/?p=11453#article","isPartOf":{"@id":"https:\/\/filmthai.moicaucachep.com\/?p=11453"},"author":{"name":"admin79","@id":"https:\/\/filmthai.moicaucachep.com\/#\/schema\/person\/96407441b3c4e1f4e9b03285253562c1"},"headline":"N0109038_\ufffd A entrevista de Eliana Calmon voltou a colocar o STF no centro das discuss\u00f5es nacionais. A ex-min_part2","datePublished":"2026-08-29T07:55:30+00:00","mainEntityOfPage":{"@id":"https:\/\/filmthai.moicaucachep.com\/?p=11453"},"wordCount":1508,"image":{"@id":"https:\/\/filmthai.moicaucachep.com\/?p=11453#primaryimage"},"thumbnailUrl":"https:\/\/filmthai.moicaucachep.com\/wp-content\/uploads\/2026\/08\/fb_natural_20260829_145521.jpg","inLanguage":"en-US"},{"@type":"WebPage","@id":"https:\/\/filmthai.moicaucachep.com\/?p=11453","url":"https:\/\/filmthai.moicaucachep.com\/?p=11453","name":"N0109038_\ufffd A entrevista de Eliana Calmon voltou a colocar o STF no centro das discuss\u00f5es nacionais. A ex-min_part2 - filmthai.moicaucachep.com","isPartOf":{"@id":"https:\/\/filmthai.moicaucachep.com\/#website"},"primaryImageOfPage":{"@id":"https:\/\/filmthai.moicaucachep.com\/?p=11453#primaryimage"},"image":{"@id":"https:\/\/filmthai.moicaucachep.com\/?p=11453#primaryimage"},"thumbnailUrl":"https:\/\/filmthai.moicaucachep.com\/wp-content\/uploads\/2026\/08\/fb_natural_20260829_145521.jpg","datePublished":"2026-08-29T07:55:30+00:00","author":{"@id":"https:\/\/filmthai.moicaucachep.com\/#\/schema\/person\/96407441b3c4e1f4e9b03285253562c1"},"breadcrumb":{"@id":"https:\/\/filmthai.moicaucachep.com\/?p=11453#breadcrumb"},"inLanguage":"en-US","potentialAction":[{"@type":"ReadAction","target":["https:\/\/filmthai.moicaucachep.com\/?p=11453"]}]},{"@type":"ImageObject","inLanguage":"en-US","@id":"https:\/\/filmthai.moicaucachep.com\/?p=11453#primaryimage","url":"https:\/\/filmthai.moicaucachep.com\/wp-content\/uploads\/2026\/08\/fb_natural_20260829_145521.jpg","contentUrl":"https:\/\/filmthai.moicaucachep.com\/wp-content\/uploads\/2026\/08\/fb_natural_20260829_145521.jpg","width":1920,"height":1080},{"@type":"BreadcrumbList","@id":"https:\/\/filmthai.moicaucachep.com\/?p=11453#breadcrumb","itemListElement":[{"@type":"ListItem","position":1,"name":"Home","item":"https:\/\/filmthai.moicaucachep.com\/"},{"@type":"ListItem","position":2,"name":"N0109038_\ufffd A entrevista de Eliana Calmon voltou a colocar o STF no centro das discuss\u00f5es nacionais. A ex-min_part2"}]},{"@type":"WebSite","@id":"https:\/\/filmthai.moicaucachep.com\/#website","url":"https:\/\/filmthai.moicaucachep.com\/","name":"filmthai.moicaucachep.com","description":"","potentialAction":[{"@type":"SearchAction","target":{"@type":"EntryPoint","urlTemplate":"https:\/\/filmthai.moicaucachep.com\/?s={search_term_string}"},"query-input":{"@type":"PropertyValueSpecification","valueRequired":true,"valueName":"search_term_string"}}],"inLanguage":"en-US"},{"@type":"Person","@id":"https:\/\/filmthai.moicaucachep.com\/#\/schema\/person\/96407441b3c4e1f4e9b03285253562c1","name":"admin79","image":{"@type":"ImageObject","inLanguage":"en-US","@id":"https:\/\/secure.gravatar.com\/avatar\/c07df73f87635fa9e5b07814d09d4e493a5ddc196989004f6090464d1a87c9a6?s=96&d=mm&r=g","url":"https:\/\/secure.gravatar.com\/avatar\/c07df73f87635fa9e5b07814d09d4e493a5ddc196989004f6090464d1a87c9a6?s=96&d=mm&r=g","contentUrl":"https:\/\/secure.gravatar.com\/avatar\/c07df73f87635fa9e5b07814d09d4e493a5ddc196989004f6090464d1a87c9a6?s=96&d=mm&r=g","caption":"admin79"},"sameAs":["http:\/\/filmthai.moicaucachep.com"],"url":"https:\/\/filmthai.moicaucachep.com\/?author=1"}]}},"_links":{"self":[{"href":"https:\/\/filmthai.moicaucachep.com\/index.php?rest_route=\/wp\/v2\/posts\/11453","targetHints":{"allow":["GET"]}}],"collection":[{"href":"https:\/\/filmthai.moicaucachep.com\/index.php?rest_route=\/wp\/v2\/posts"}],"about":[{"href":"https:\/\/filmthai.moicaucachep.com\/index.php?rest_route=\/wp\/v2\/types\/post"}],"author":[{"embeddable":true,"href":"https:\/\/filmthai.moicaucachep.com\/index.php?rest_route=\/wp\/v2\/users\/1"}],"replies":[{"embeddable":true,"href":"https:\/\/filmthai.moicaucachep.com\/index.php?rest_route=%2Fwp%2Fv2%2Fcomments&post=11453"}],"version-history":[{"count":1,"href":"https:\/\/filmthai.moicaucachep.com\/index.php?rest_route=\/wp\/v2\/posts\/11453\/revisions"}],"predecessor-version":[{"id":11454,"href":"https:\/\/filmthai.moicaucachep.com\/index.php?rest_route=\/wp\/v2\/posts\/11453\/revisions\/11454"}],"wp:featuredmedia":[{"embeddable":true,"href":"https:\/\/filmthai.moicaucachep.com\/index.php?rest_route=\/wp\/v2\/media\/11449"}],"wp:attachment":[{"href":"https:\/\/filmthai.moicaucachep.com\/index.php?rest_route=%2Fwp%2Fv2%2Fmedia&parent=11453"}],"wp:term":[{"taxonomy":"category","embeddable":true,"href":"https:\/\/filmthai.moicaucachep.com\/index.php?rest_route=%2Fwp%2Fv2%2Fcategories&post=11453"},{"taxonomy":"post_tag","embeddable":true,"href":"https:\/\/filmthai.moicaucachep.com\/index.php?rest_route=%2Fwp%2Fv2%2Ftags&post=11453"}],"curies":[{"name":"wp","href":"https:\/\/api.w.org\/{rel}","templated":true}]}}