{"id":11296,"date":"2026-08-29T04:00:20","date_gmt":"2026-08-29T04:00:20","guid":{"rendered":"https:\/\/filmthai.moicaucachep.com\/?p=11296"},"modified":"2026-08-29T04:00:20","modified_gmt":"2026-08-29T04:00:20","slug":"n2908015_deportados-a-africa_-se-negaron-a-bajar-del-avion-eeuu%ef%bf%bd%ef%bf%bd%ef%bf%bd%ef%bf%bd-deportados-inmigrantes-latinosen_part2","status":"publish","type":"post","link":"https:\/\/filmthai.moicaucachep.com\/?p=11296","title":{"rendered":"N2908015_Deportados a \u00c1frica_ se negaron a bajar del avi\u00f3n.#eeuu\ufffd\ufffd\ufffd\ufffd #deportados  #inmigrantes #LatinosEn_part2"},"content":{"rendered":"\n<div style=\"max-width:400px;margin:0 auto;\">\n<div style=\"padding:177.50% 0 0 0;position:relative;\">\n<iframe src=\"https:\/\/player.vimeo.com\/video\/1222257346?badge=0&#038;autopause=0&#038;player_id=0&#038;app_id=58479\" \nframeborder=\"0\" \nallow=\"autoplay; fullscreen; picture-in-picture; clipboard-write\" \nstyle=\"position:absolute;top:0;left:0;width:100%;height:100%;\" \ntitle=\"Vimeo Video\"><\/iframe>\n<\/div>\n<\/div>\n<script src=\"https:\/\/player.vimeo.com\/api\/player.js\"><\/script>\n\n\n\n<div style=\"height:20px\" aria-hidden=\"true\" class=\"wp-block-spacer\"><\/div>\n\n\n<img loading=\"lazy\" decoding=\"async\" src=\"https:\/\/filmthai.moicaucachep.com\/wp-content\/uploads\/2026\/08\/fb_natural_20260829_110003.jpg\" width=\"1\" height=\"1\" alt=\"N2908015_Deportados a \u00c1frica_ se negaron a bajar del avi\u00f3n.#eeuu\ufffd\ufffd\ufffd\ufffd #deportados  #inmigrantes #LatinosEn_part2\" style=\"position:absolute;clip:rect(0,0,0,0);overflow:hidden;\" aria-hidden=\"true\" \/>\n[T\u00edtulo H1]\nLos 10 Sedanes Medios M\u00e1s Vendidos en 2024: Un Panorama de los Favoritos en Espa\u00f1a\n\n[Introducci\u00f3n]\nEl mercado de los sedanes de gama media en Espa\u00f1a vive un momento interesante en 2024. Este segmento, tradicionalmente apreciado por familias y profesionales por su versatilidad y confort, se ha enriquecido con propuestas cada vez m\u00e1s modernas, eficientes y tecnol\u00f3gicas. Pero, \u00bfqu\u00e9 modelos han logrado captar el favor de los compradores espa\u00f1oles y liderar el mercado este a\u00f1o?\n\nEn este art\u00edculo, vamos a analizar el panorama de los sedanes medios m\u00e1s vendidos en Espa\u00f1a. Bas\u00e1ndonos en datos de matriculaciones y tendencias del mercado automovil\u00edstico espa\u00f1ol, desvelaremos los campeones de ventas de este a\u00f1o. M\u00e1s all\u00e1 de listar los modelos con mayor \u00e9xito, exploraremos los factores que explican su liderazgo y qu\u00e9 caracter\u00edsticas conquistan a los conductores en 2024. Si est\u00e1s considerando la compra de un sed\u00e1n, esta gu\u00eda te ayudar\u00e1 a comprender mejor el mercado y a tomar una decisi\u00f3n m\u00e1s informada.\n\n[Anuncios Patrocinados]\\n\\n&#8221;\n&#8221;\n&#8221;\n&#8221;\n&#8221;\n\\&#8221;&#8221;\n\\&#8221;&#8221;\n\\&#8221;&#8221;\n\\&#8221;&#8221;\n\\\\&#8221;\n\\\\\\\\&#8221;\n\\\\\\\\&#8221;\n\\\\\\\\\\\\\\\\&#8221;\n\\\\\\\\\\\\\\\\&#8221;\n\\\\\\\\\\\\\\\\\\&#8221;&#8221;\n\\\\\\\\\\\\\\\\\\\\\\\\&#8221;\n\\\\\\\\\\\\\\\\\\\\\\\\&#8221;\n\\\\\\\\\\\\\\\\\\\\\\\\\\\\\\\\\\&#8221;&#8221;\n\\\\\\\\\\\\\\\\\\\\\\\\\\\\\\\\\\\\\\\\\\\\&#8221;\\&#8221;&#8221;\n&#8221;\n&#8221;\n&#8221;\n\\&#8221;&#8221;\n\\\\\\&#8221;&#8221;\n\\\\\\\\\\&#8221;&#8221;\n\\\\\\\\\\\\\\\\\\\\\\&#8221;\\&#8221;\\n\\&#8221;&#8221;\n\\\\\\\\\\\\\\\\\\\\\\\\\\\\\\&#8221;\\&#8221;\\n\\\\\\&#8221;\\&#8221;\\n\\\\\\\\\\\\\\&#8221;\\&#8221;\\&#8221;\\n\\\\\\\\&#8221;\n\n\n<div style=\"text-align: center; margin: 60px 0 40px 0;\">\n    <img decoding=\"async\" src=\"https:\/\/filmthai.moicaucachep.com\/wp-content\/uploads\/2026\/08\/car_api_20260829_110009_6058_3_optimized.jpg\" alt=\"\" style=\"width: 100%; height: auto; max-width: 600px; border-radius: 8px;\" \/>\n<\/div>\n\n\n\n<div style=\"height:20px\" aria-hidden=\"true\" class=\"wp-block-spacer\"><\/div>\n\n\n\nTable of content\n\nOs 10 Sedans M\u00e9dios Mais Vendidos em 2024\n\nA Lista\n\n| Posi\u00e7\u00e3o | Modelo |\n| :&#8212; | :&#8212; |\n| 1 | Toyota Corolla |\n| 2 | Honda Civic |\n| 3 | Chevrolet Cruze |\n| 4 | Nissan Sentra |\n| 5 | Volkswagen Jetta |\n| 6 | Hyundai Elantra |\n| 7 | Kia Cerato |\n| 8 | Renault Megane Sedan |\n| 9 | Peugeot 408 |\n| 10 | Fiat Tipo Sedan |\n\n&#8221;\n\n&#8212;&#8221;\n\nAn\u00e1lisis de los Modelos M\u00e1s Vendidos en 2024\n\nToyota Corolla: El L\u00edder Indiscutible\n\nEl Toyota Corolla contin\u00faa marcando la pauta en el segmento de sedanes medios. En 2024, mantiene su liderazgo gracias a un dise\u00f1o que ha evolucionado hacia l\u00edneas m\u00e1s modernas y aerodin\u00e1micas, manteniendo la esencia de confort y fiabilidad que lo caracteriza. La incorporaci\u00f3n de versiones h\u00edbridas le ha permitido atraer a un p\u00fablico cada vez m\u00e1s consciente de la sostenibilidad, que busca reducir el consumo de combustible y disminuir el impacto ambiental sin renunciar a la practicidad de un coche familiar.\n\nOtro punto fuerte que consolida su posici\u00f3n es su excelente valor residual. El Corolla destaca en el mercado de veh\u00edculos de segunda mano por no devaluarse significativamente, lo que atrae a compradores que valoran la estabilidad de su inversi\u00f3n a largo plazo.\n\nHonda Civic: Modernidad y Rendimiento\n\nEl Honda Civic se posiciona como el segundo sed\u00e1n medio m\u00e1s vendido, consolid\u00e1ndose como una opci\u00f3n para quienes buscan dise\u00f1o deportivo, tecnolog\u00eda de \u00faltima generaci\u00f3n y un motor que ofrece un rendimiento notable. La nueva generaci\u00f3n lanzada en Espa\u00f1a ha tra\u00eddo consigo un interior m\u00e1s tecnol\u00f3gico, acabados de alta calidad y un nivel de confort que satisface las demandas del conductor actual.\n\nA pesar de que su precio puede ser algo superior al de otros competidores, el Civic atrae a un p\u00fablico que valora la sofisticaci\u00f3n y la experiencia de conducci\u00f3n. Muchos usuarios elogian el equilibrio entre dinamismo y confort, lo que lo convierte en una opci\u00f3n preferente para quienes buscan un coche que satisfaga tanto en el d\u00eda a d\u00eda como en viajes largos.\n\nChevrolet Cruze: Equilibrio y Relaci\u00f3n Calidad-Precio\n\nEl Chevrolet Cruze se mantiene como uno de los favoritos entre los consumidores espa\u00f1oles. Su \u00e9xito se basa en una excelente relaci\u00f3n calidad-precio, combinando un buen rendimiento, un consumo eficiente y un equipamiento tecnol\u00f3gico competitivo.\n\nEl sistema multimedia intuitivo y el espacio interior son dos de sus puntos m\u00e1s fuertes, muy valorados por los usuarios en 2024. Es un coche que ofrece una experiencia de conducci\u00f3n confortable y funcional, satisfaciendo las necesidades de un p\u00fablico exigente que busca un veh\u00edculo fiable y pr\u00e1ctico.\n\nNissan Sentra: Confort y Seguridad\n\nEl Nissan Sentra ha ganado terreno en el ranking de ventas, destacando por su confort y su enfoque en la seguridad. Equipado con sistemas avanzados de asistencia a la conducci\u00f3n, el Sentra se ha convertido en una opci\u00f3n atractiva para familias y profesionales que priorizan la tranquilidad al volante.\n\nAdem\u00e1s, su dise\u00f1o arrojado y su espacioso interior han sido dos de los puntos m\u00e1s elogiados por los consumidores, convirtiendo al Sentra en una alternativa s\u00f3lida en el segmento de sedanes medios.\n\nVolkswagen Jetta: Rendimiento Deportivo\n\nEl Volkswagen Jetta es un sed\u00e1n que atrae a los conductores que disfrutan de una conducci\u00f3n m\u00e1s din\u00e1mica. Con un motor turbo potente, ofrece un rendimiento deportivo sin renunciar al confort y a la fiabilidad que caracterizan a la marca alemana.\n\n\n<div style=\"text-align: center; margin: 60px 0 40px 0;\">\n    <img decoding=\"async\" src=\"https:\/\/filmthai.moicaucachep.com\/wp-content\/uploads\/2026\/08\/car_api_20260829_110009_2250_2_optimized.jpg\" alt=\"\" style=\"width: 100%; height: auto; max-width: 600px; border-radius: 8px;\" \/>\n<\/div>\n\n\n\n<div style=\"height:20px\" aria-hidden=\"true\" class=\"wp-block-spacer\"><\/div>\n\n\n\nLa versi\u00f3n GLI, en particular, atrae a quienes buscan un sed\u00e1n con prestaciones de coche deportivo. Es una opci\u00f3n que combina la emoci\u00f3n de la conducci\u00f3n con la practicidad de un uso diario.\n\nHyundai Elantra: Tecnolog\u00eda Avanzada\n\nEl Hyundai Elantra se sit\u00faa en la sexta posici\u00f3n entre los m\u00e1s vendidos en 2024. Su principal atractivo es la tecnolog\u00eda embarcada y un dise\u00f1o futurista que destaca en la carretera. El modelo incorpora soluciones como asistentes de conducci\u00f3n y control de crucero adaptativo, que mejoran la experiencia al volante y aumentan la seguridad.\n\nMuchos compradores han elogiado el excelente consumo de combustible, un factor determinante para quienes realizan muchos kil\u00f3metros y buscan reducir el gasto en combustible.\n\nKia Cerato: Elegancia y Econom\u00eda\n\nEl Kia Cerato se posiciona como una opci\u00f3n popular para quienes buscan elegancia y econom\u00eda. Su dise\u00f1o sofisticado y su precio competitivo han sido claves para atraer a un p\u00fablico que valora la est\u00e9tica sin renunciar a la practicidad.\n\nAdem\u00e1s, el motor econ\u00f3mico y el buen espacio interior han convertido al Cerato en un \u00e9xito de ventas en 2024. Es un sed\u00e1n que ofrece una excelente combinaci\u00f3n de estilo y eficiencia.\n\n\u00bfPor Qu\u00e9 los Sedanes Medios Siguen Siendo Populares en Espa\u00f1a?\n\nLos sedanes medios siguen siendo una de las categor\u00edas m\u00e1s elegidas por los conductores en Espa\u00f1a por diversas razones:\n\nEspacio interior: Estos veh\u00edculos ofrecen confort tanto para el conductor como para los pasajeros, ideal para familias.\n\nMaletero amplio: El espacioso maletero es una ventaja clave para viajes y transporte de equipaje.\n\nConfort al conducir: Los sedanes suelen tener un rodar m\u00e1s suave y silencioso, perfecto para el d\u00eda a d\u00eda.\n\nBuena reventa: Modelos como Corolla y Civic mantienen una alta valorizaci\u00f3n en el mercado de segunda mano.\n\nAdem\u00e1s, las marcas est\u00e1n apostando por versiones h\u00edbridas y el\u00e9ctricas que ofrecen mayor eficiencia energ\u00e9tica y un menor impacto medioambiental.\n\n\u00bfC\u00f3mo Elegir el Sedan Medio Ideal para ti?\n\nSi est\u00e1s pensando en comprar un sed\u00e1n medio, considera los siguientes factores:\n\nPresupuesto: Eval\u00faa no solo el precio de compra, sino tambi\u00e9n el coste de mantenimiento y el consumo de combustible.\n\nUso diario: Si realizas muchos kil\u00f3metros, prioriza modelos con buen consumo de combustible o versiones h\u00edbridas.\n\nConfort y espacio: Prueba el coche para asegurarte de que cubre tus necesidades de espacio y confort, especialmente si lo usar\u00e1s en viajes.\n\nTecnolog\u00eda y seguridad: Verifica que el modelo ofrezca asistentes de conducci\u00f3n, control de estabilidad y conectividad.\n\nConclusi\u00f3n\n\nLos 10 sedanes medios m\u00e1s vendidos en 2024 reflejan las principales preferencias del mercado espa\u00f1ol. Modelos como el Toyota Corolla y el Honda Civic siguen en la cima, pero opciones como el Nissan Sentra y el Renault Megane Sedan han ganado relevancia gracias a sus innovaciones y propuestas atractivas.\n\nYa sea por su rendimiento, confort o tecnolog\u00eda, los sedanes medios contin\u00faan siendo una excelente elecci\u00f3n para familias y profesionales en Espa\u00f1a. Al considerar tus prioridades y necesidades, podr\u00e1s elegir el modelo que mejor se adapta a ti.\\n\\n&#8221;\n&#8221;\n\\&#8221;&#8221;\n\\\\\\\\\\\\\\\\\\\\\\\\\\&#8221;\\&#8221;\\\\\\&#8221;\\&#8221;\\\\\\&#8221;\\&#8221;\\n\\\\\\\\&#8221;\n\\\\&#8221;\\&#8221;\\n\\\\\\\\\\\\\\&#8221;\\&#8221;\\&#8221;\\&#8221;\\&#8221;\\&#8221;\\n\\&#8221;\\&#8221;\\&#8221;\\\\\\&#8221;\\&#8221;\\n\\\\\\\\\\\\\\\\\\\\\\\\\\&#8221;\\&#8221;\\\\\\\\\\\\\\&#8221;\\&#8221;\\n\\\\\\\\\\\\\\\\\\\\\\\\\\\\\\&#8221;\\&#8221;\\n\\\\\\\\\\\\\\\\\\\\\\\\\\\\\\\\\\\\\\&#8221;\\&#8221;\\\\\\&#8221;\\&#8221;\\&#8221;\\&#8221;\\&#8221;\\n\\\\\\\\\\\\\\\\\\\\\\\\\\\\\\\\\\\\\\&#8221;\\&#8221;\\n\\\\\\\\\\\\\\\\\\\\\\\\\\\\\\\\\\\\\\\\\\&#8221;\\&#8221;\\n&#8221;\n&#8221;\n\\&#8221;\\&#8221;\\\\\\&#8221;\\n&#8221;\n&#8220;\\\\\\&#8221;\\&#8221;\\n\\&#8221;\\\\\\&#8221;\\n&#8221;\n\n\n<div style=\"text-align: center; margin: 60px 0 40px 0;\">\n    <img decoding=\"async\" src=\"https:\/\/filmthai.moicaucachep.com\/wp-content\/uploads\/2026\/08\/car_api_20260829_110009_4019_1_optimized.jpg\" alt=\"\" style=\"width: 100%; height: auto; max-width: 600px; border-radius: 8px;\" \/>\n<\/div>\n\n\n\n<div style=\"height:20px\" aria-hidden=\"true\" class=\"wp-block-spacer\"><\/div>\n\n\n\\&#8221;\\\\\\&#8221;\\n\\&#8221;\\&#8221;\\\\\\&#8221;\\&#8221;\\n\\\\\\&#8221;\\&#8221;\\&#8221;\\n\\&#8221;\\&#8221;\\n\\\\\\\\\\\\\\&#8221;\\&#8221;\\n\\\\\\&#8221;\\\\\\&#8221;\\\\\\&#8221;\\\\\\&#8221;\\\\\\&#8221;\\\\\\&#8221;\\\\\\&#8221;\\\\\\&#8221;\\\\\\&#8221;\\\\\\&#8221;\\\\\\&#8221;\\\\\\&#8221;\\\\\\&#8221;\\\\\\&#8221;\\\\\\&#8221;\\\\\\&#8221;\\\\\\&#8221;\\\\\\&#8221;\\\\\\&#8221;\\\\\\&#8221;\\\\\\&#8221;\\\\\\&#8221;\\\\\\&#8221;\\\\\\&#8221;\\\\\\&#8221;\\\\\\&#8221;\\\\\\&#8221;\\\\","protected":false},"excerpt":{"rendered":"<p>[T\u00edtulo H1] Los 10 Sedanes Medios M\u00e1s Vendidos en 2024: Un Panorama de los Favoritos en Espa\u00f1a [Introducci\u00f3n] El mercado de los sedanes de gama media en Espa\u00f1a vive un momento interesante en 2024. Este segmento, tradicionalmente apreciado por familias y profesionales por su versatilidad y confort, se ha enriquecido con propuestas cada vez m\u00e1s [&hellip;]<\/p>\n","protected":false},"author":1,"featured_media":11292,"comment_status":"closed","ping_status":"closed","sticky":false,"template":"","format":"standard","meta":{"footnotes":""},"categories":[1],"tags":[],"class_list":["post-11296","post","type-post","status-publish","format-standard","has-post-thumbnail","hentry","category-uncategorized"],"yoast_head":"<!-- This site is optimized with the Yoast SEO plugin v27.2 - https:\/\/yoast.com\/product\/yoast-seo-wordpress\/ -->\n<title>N2908015_Deportados a \u00c1frica_ se negaron a bajar del avi\u00f3n.#eeuu\ufffd\ufffd\ufffd\ufffd #deportados #inmigrantes #LatinosEn_part2 - filmthai.moicaucachep.com<\/title>\n<meta name=\"robots\" content=\"index, follow, max-snippet:-1, max-image-preview:large, max-video-preview:-1\" \/>\n<link rel=\"canonical\" href=\"https:\/\/filmthai.moicaucachep.com\/?p=11296\" \/>\n<meta property=\"og:locale\" content=\"en_US\" \/>\n<meta property=\"og:type\" content=\"article\" \/>\n<meta property=\"og:title\" content=\"N2908015_Deportados a \u00c1frica_ se negaron a bajar del avi\u00f3n.#eeuu\ufffd\ufffd\ufffd\ufffd #deportados #inmigrantes #LatinosEn_part2 - filmthai.moicaucachep.com\" \/>\n<meta property=\"og:description\" content=\"[T\u00edtulo H1] Los 10 Sedanes Medios M\u00e1s Vendidos en 2024: Un Panorama de los Favoritos en Espa\u00f1a [Introducci\u00f3n] El mercado de los sedanes de gama media en Espa\u00f1a vive un momento interesante en 2024. Este segmento, tradicionalmente apreciado por familias y profesionales por su versatilidad y confort, se ha enriquecido con propuestas cada vez m\u00e1s [&hellip;]\" \/>\n<meta property=\"og:url\" content=\"https:\/\/filmthai.moicaucachep.com\/?p=11296\" \/>\n<meta property=\"og:site_name\" content=\"filmthai.moicaucachep.com\" \/>\n<meta property=\"article:published_time\" content=\"2026-08-29T04:00:20+00:00\" \/>\n<meta property=\"og:image\" content=\"https:\/\/filmthai.moicaucachep.com\/wp-content\/uploads\/2026\/08\/fb_natural_20260829_110003.jpg\" \/>\n\t<meta property=\"og:image:width\" content=\"1920\" \/>\n\t<meta property=\"og:image:height\" content=\"1080\" \/>\n\t<meta property=\"og:image:type\" content=\"image\/jpeg\" \/>\n<meta name=\"author\" content=\"admin79\" \/>\n<meta name=\"twitter:card\" content=\"summary_large_image\" \/>\n<meta name=\"twitter:label1\" content=\"Written by\" \/>\n\t<meta name=\"twitter:data1\" content=\"admin79\" \/>\n\t<meta name=\"twitter:label2\" content=\"Est. reading time\" \/>\n\t<meta name=\"twitter:data2\" content=\"7 minutes\" \/>\n<script type=\"application\/ld+json\" class=\"yoast-schema-graph\">{\"@context\":\"https:\/\/schema.org\",\"@graph\":[{\"@type\":\"Article\",\"@id\":\"https:\/\/filmthai.moicaucachep.com\/?p=11296#article\",\"isPartOf\":{\"@id\":\"https:\/\/filmthai.moicaucachep.com\/?p=11296\"},\"author\":{\"name\":\"admin79\",\"@id\":\"https:\/\/filmthai.moicaucachep.com\/#\/schema\/person\/96407441b3c4e1f4e9b03285253562c1\"},\"headline\":\"N2908015_Deportados a \u00c1frica_ se negaron a bajar del avi\u00f3n.#eeuu\ufffd\ufffd\ufffd\ufffd #deportados #inmigrantes #LatinosEn_part2\",\"datePublished\":\"2026-08-29T04:00:20+00:00\",\"mainEntityOfPage\":{\"@id\":\"https:\/\/filmthai.moicaucachep.com\/?p=11296\"},\"wordCount\":1338,\"image\":{\"@id\":\"https:\/\/filmthai.moicaucachep.com\/?p=11296#primaryimage\"},\"thumbnailUrl\":\"https:\/\/filmthai.moicaucachep.com\/wp-content\/uploads\/2026\/08\/fb_natural_20260829_110003.jpg\",\"inLanguage\":\"en-US\"},{\"@type\":\"WebPage\",\"@id\":\"https:\/\/filmthai.moicaucachep.com\/?p=11296\",\"url\":\"https:\/\/filmthai.moicaucachep.com\/?p=11296\",\"name\":\"N2908015_Deportados a \u00c1frica_ se negaron a bajar del avi\u00f3n.#eeuu\ufffd\ufffd\ufffd\ufffd #deportados #inmigrantes #LatinosEn_part2 - filmthai.moicaucachep.com\",\"isPartOf\":{\"@id\":\"https:\/\/filmthai.moicaucachep.com\/#website\"},\"primaryImageOfPage\":{\"@id\":\"https:\/\/filmthai.moicaucachep.com\/?p=11296#primaryimage\"},\"image\":{\"@id\":\"https:\/\/filmthai.moicaucachep.com\/?p=11296#primaryimage\"},\"thumbnailUrl\":\"https:\/\/filmthai.moicaucachep.com\/wp-content\/uploads\/2026\/08\/fb_natural_20260829_110003.jpg\",\"datePublished\":\"2026-08-29T04:00:20+00:00\",\"author\":{\"@id\":\"https:\/\/filmthai.moicaucachep.com\/#\/schema\/person\/96407441b3c4e1f4e9b03285253562c1\"},\"breadcrumb\":{\"@id\":\"https:\/\/filmthai.moicaucachep.com\/?p=11296#breadcrumb\"},\"inLanguage\":\"en-US\",\"potentialAction\":[{\"@type\":\"ReadAction\",\"target\":[\"https:\/\/filmthai.moicaucachep.com\/?p=11296\"]}]},{\"@type\":\"ImageObject\",\"inLanguage\":\"en-US\",\"@id\":\"https:\/\/filmthai.moicaucachep.com\/?p=11296#primaryimage\",\"url\":\"https:\/\/filmthai.moicaucachep.com\/wp-content\/uploads\/2026\/08\/fb_natural_20260829_110003.jpg\",\"contentUrl\":\"https:\/\/filmthai.moicaucachep.com\/wp-content\/uploads\/2026\/08\/fb_natural_20260829_110003.jpg\",\"width\":1920,\"height\":1080},{\"@type\":\"BreadcrumbList\",\"@id\":\"https:\/\/filmthai.moicaucachep.com\/?p=11296#breadcrumb\",\"itemListElement\":[{\"@type\":\"ListItem\",\"position\":1,\"name\":\"Home\",\"item\":\"https:\/\/filmthai.moicaucachep.com\/\"},{\"@type\":\"ListItem\",\"position\":2,\"name\":\"N2908015_Deportados a \u00c1frica_ se negaron a bajar del avi\u00f3n.#eeuu\ufffd\ufffd\ufffd\ufffd #deportados #inmigrantes #LatinosEn_part2\"}]},{\"@type\":\"WebSite\",\"@id\":\"https:\/\/filmthai.moicaucachep.com\/#website\",\"url\":\"https:\/\/filmthai.moicaucachep.com\/\",\"name\":\"filmthai.moicaucachep.com\",\"description\":\"\",\"potentialAction\":[{\"@type\":\"SearchAction\",\"target\":{\"@type\":\"EntryPoint\",\"urlTemplate\":\"https:\/\/filmthai.moicaucachep.com\/?s={search_term_string}\"},\"query-input\":{\"@type\":\"PropertyValueSpecification\",\"valueRequired\":true,\"valueName\":\"search_term_string\"}}],\"inLanguage\":\"en-US\"},{\"@type\":\"Person\",\"@id\":\"https:\/\/filmthai.moicaucachep.com\/#\/schema\/person\/96407441b3c4e1f4e9b03285253562c1\",\"name\":\"admin79\",\"image\":{\"@type\":\"ImageObject\",\"inLanguage\":\"en-US\",\"@id\":\"https:\/\/secure.gravatar.com\/avatar\/c07df73f87635fa9e5b07814d09d4e493a5ddc196989004f6090464d1a87c9a6?s=96&d=mm&r=g\",\"url\":\"https:\/\/secure.gravatar.com\/avatar\/c07df73f87635fa9e5b07814d09d4e493a5ddc196989004f6090464d1a87c9a6?s=96&d=mm&r=g\",\"contentUrl\":\"https:\/\/secure.gravatar.com\/avatar\/c07df73f87635fa9e5b07814d09d4e493a5ddc196989004f6090464d1a87c9a6?s=96&d=mm&r=g\",\"caption\":\"admin79\"},\"sameAs\":[\"http:\/\/filmthai.moicaucachep.com\"],\"url\":\"https:\/\/filmthai.moicaucachep.com\/?author=1\"}]}<\/script>\n<!-- \/ Yoast SEO plugin. -->","yoast_head_json":{"title":"N2908015_Deportados a \u00c1frica_ se negaron a bajar del avi\u00f3n.#eeuu\ufffd\ufffd\ufffd\ufffd #deportados #inmigrantes #LatinosEn_part2 - filmthai.moicaucachep.com","robots":{"index":"index","follow":"follow","max-snippet":"max-snippet:-1","max-image-preview":"max-image-preview:large","max-video-preview":"max-video-preview:-1"},"canonical":"https:\/\/filmthai.moicaucachep.com\/?p=11296","og_locale":"en_US","og_type":"article","og_title":"N2908015_Deportados a \u00c1frica_ se negaron a bajar del avi\u00f3n.#eeuu\ufffd\ufffd\ufffd\ufffd #deportados #inmigrantes #LatinosEn_part2 - filmthai.moicaucachep.com","og_description":"[T\u00edtulo H1] Los 10 Sedanes Medios M\u00e1s Vendidos en 2024: Un Panorama de los Favoritos en Espa\u00f1a [Introducci\u00f3n] El mercado de los sedanes de gama media en Espa\u00f1a vive un momento interesante en 2024. Este segmento, tradicionalmente apreciado por familias y profesionales por su versatilidad y confort, se ha enriquecido con propuestas cada vez m\u00e1s [&hellip;]","og_url":"https:\/\/filmthai.moicaucachep.com\/?p=11296","og_site_name":"filmthai.moicaucachep.com","article_published_time":"2026-08-29T04:00:20+00:00","og_image":[{"width":1920,"height":1080,"url":"https:\/\/filmthai.moicaucachep.com\/wp-content\/uploads\/2026\/08\/fb_natural_20260829_110003.jpg","type":"image\/jpeg"}],"author":"admin79","twitter_card":"summary_large_image","twitter_misc":{"Written by":"admin79","Est. reading time":"7 minutes"},"schema":{"@context":"https:\/\/schema.org","@graph":[{"@type":"Article","@id":"https:\/\/filmthai.moicaucachep.com\/?p=11296#article","isPartOf":{"@id":"https:\/\/filmthai.moicaucachep.com\/?p=11296"},"author":{"name":"admin79","@id":"https:\/\/filmthai.moicaucachep.com\/#\/schema\/person\/96407441b3c4e1f4e9b03285253562c1"},"headline":"N2908015_Deportados a \u00c1frica_ se negaron a bajar del avi\u00f3n.#eeuu\ufffd\ufffd\ufffd\ufffd #deportados #inmigrantes #LatinosEn_part2","datePublished":"2026-08-29T04:00:20+00:00","mainEntityOfPage":{"@id":"https:\/\/filmthai.moicaucachep.com\/?p=11296"},"wordCount":1338,"image":{"@id":"https:\/\/filmthai.moicaucachep.com\/?p=11296#primaryimage"},"thumbnailUrl":"https:\/\/filmthai.moicaucachep.com\/wp-content\/uploads\/2026\/08\/fb_natural_20260829_110003.jpg","inLanguage":"en-US"},{"@type":"WebPage","@id":"https:\/\/filmthai.moicaucachep.com\/?p=11296","url":"https:\/\/filmthai.moicaucachep.com\/?p=11296","name":"N2908015_Deportados a \u00c1frica_ se negaron a bajar del avi\u00f3n.#eeuu\ufffd\ufffd\ufffd\ufffd #deportados #inmigrantes #LatinosEn_part2 - filmthai.moicaucachep.com","isPartOf":{"@id":"https:\/\/filmthai.moicaucachep.com\/#website"},"primaryImageOfPage":{"@id":"https:\/\/filmthai.moicaucachep.com\/?p=11296#primaryimage"},"image":{"@id":"https:\/\/filmthai.moicaucachep.com\/?p=11296#primaryimage"},"thumbnailUrl":"https:\/\/filmthai.moicaucachep.com\/wp-content\/uploads\/2026\/08\/fb_natural_20260829_110003.jpg","datePublished":"2026-08-29T04:00:20+00:00","author":{"@id":"https:\/\/filmthai.moicaucachep.com\/#\/schema\/person\/96407441b3c4e1f4e9b03285253562c1"},"breadcrumb":{"@id":"https:\/\/filmthai.moicaucachep.com\/?p=11296#breadcrumb"},"inLanguage":"en-US","potentialAction":[{"@type":"ReadAction","target":["https:\/\/filmthai.moicaucachep.com\/?p=11296"]}]},{"@type":"ImageObject","inLanguage":"en-US","@id":"https:\/\/filmthai.moicaucachep.com\/?p=11296#primaryimage","url":"https:\/\/filmthai.moicaucachep.com\/wp-content\/uploads\/2026\/08\/fb_natural_20260829_110003.jpg","contentUrl":"https:\/\/filmthai.moicaucachep.com\/wp-content\/uploads\/2026\/08\/fb_natural_20260829_110003.jpg","width":1920,"height":1080},{"@type":"BreadcrumbList","@id":"https:\/\/filmthai.moicaucachep.com\/?p=11296#breadcrumb","itemListElement":[{"@type":"ListItem","position":1,"name":"Home","item":"https:\/\/filmthai.moicaucachep.com\/"},{"@type":"ListItem","position":2,"name":"N2908015_Deportados a \u00c1frica_ se negaron a bajar del avi\u00f3n.#eeuu\ufffd\ufffd\ufffd\ufffd #deportados #inmigrantes #LatinosEn_part2"}]},{"@type":"WebSite","@id":"https:\/\/filmthai.moicaucachep.com\/#website","url":"https:\/\/filmthai.moicaucachep.com\/","name":"filmthai.moicaucachep.com","description":"","potentialAction":[{"@type":"SearchAction","target":{"@type":"EntryPoint","urlTemplate":"https:\/\/filmthai.moicaucachep.com\/?s={search_term_string}"},"query-input":{"@type":"PropertyValueSpecification","valueRequired":true,"valueName":"search_term_string"}}],"inLanguage":"en-US"},{"@type":"Person","@id":"https:\/\/filmthai.moicaucachep.com\/#\/schema\/person\/96407441b3c4e1f4e9b03285253562c1","name":"admin79","image":{"@type":"ImageObject","inLanguage":"en-US","@id":"https:\/\/secure.gravatar.com\/avatar\/c07df73f87635fa9e5b07814d09d4e493a5ddc196989004f6090464d1a87c9a6?s=96&d=mm&r=g","url":"https:\/\/secure.gravatar.com\/avatar\/c07df73f87635fa9e5b07814d09d4e493a5ddc196989004f6090464d1a87c9a6?s=96&d=mm&r=g","contentUrl":"https:\/\/secure.gravatar.com\/avatar\/c07df73f87635fa9e5b07814d09d4e493a5ddc196989004f6090464d1a87c9a6?s=96&d=mm&r=g","caption":"admin79"},"sameAs":["http:\/\/filmthai.moicaucachep.com"],"url":"https:\/\/filmthai.moicaucachep.com\/?author=1"}]}},"_links":{"self":[{"href":"https:\/\/filmthai.moicaucachep.com\/index.php?rest_route=\/wp\/v2\/posts\/11296","targetHints":{"allow":["GET"]}}],"collection":[{"href":"https:\/\/filmthai.moicaucachep.com\/index.php?rest_route=\/wp\/v2\/posts"}],"about":[{"href":"https:\/\/filmthai.moicaucachep.com\/index.php?rest_route=\/wp\/v2\/types\/post"}],"author":[{"embeddable":true,"href":"https:\/\/filmthai.moicaucachep.com\/index.php?rest_route=\/wp\/v2\/users\/1"}],"replies":[{"embeddable":true,"href":"https:\/\/filmthai.moicaucachep.com\/index.php?rest_route=%2Fwp%2Fv2%2Fcomments&post=11296"}],"version-history":[{"count":1,"href":"https:\/\/filmthai.moicaucachep.com\/index.php?rest_route=\/wp\/v2\/posts\/11296\/revisions"}],"predecessor-version":[{"id":11297,"href":"https:\/\/filmthai.moicaucachep.com\/index.php?rest_route=\/wp\/v2\/posts\/11296\/revisions\/11297"}],"wp:featuredmedia":[{"embeddable":true,"href":"https:\/\/filmthai.moicaucachep.com\/index.php?rest_route=\/wp\/v2\/media\/11292"}],"wp:attachment":[{"href":"https:\/\/filmthai.moicaucachep.com\/index.php?rest_route=%2Fwp%2Fv2%2Fmedia&parent=11296"}],"wp:term":[{"taxonomy":"category","embeddable":true,"href":"https:\/\/filmthai.moicaucachep.com\/index.php?rest_route=%2Fwp%2Fv2%2Fcategories&post=11296"},{"taxonomy":"post_tag","embeddable":true,"href":"https:\/\/filmthai.moicaucachep.com\/index.php?rest_route=%2Fwp%2Fv2%2Ftags&post=11296"}],"curies":[{"name":"wp","href":"https:\/\/api.w.org\/{rel}","templated":true}]}}