{"id":11104,"date":"2026-08-27T07:55:45","date_gmt":"2026-08-27T07:55:45","guid":{"rendered":"https:\/\/filmthai.moicaucachep.com\/?p=11104"},"modified":"2026-08-27T07:55:45","modified_gmt":"2026-08-27T07:55:45","slug":"n2708007_senador-carlos-viana-acionou-a-pf-e-a-pgr-para-saber-oficialmente-onde-esta-lulinha-e-se-ele-esta-d_part2","status":"publish","type":"post","link":"https:\/\/filmthai.moicaucachep.com\/?p=11104","title":{"rendered":"N2708007_\u200eSenador Carlos Viana acionou a PF e a PGR para saber oficialmente onde est\u00e1 Lulinha e se ele est\u00e1 d_part2"},"content":{"rendered":"\n<div style=\"max-width:400px;margin:0 auto;\">\n<div style=\"padding:177.50% 0 0 0;position:relative;\">\n<iframe src=\"https:\/\/player.vimeo.com\/video\/1221697094?badge=0&#038;autopause=0&#038;player_id=0&#038;app_id=58479\" \nframeborder=\"0\" \nallow=\"autoplay; fullscreen; picture-in-picture; clipboard-write\" \nstyle=\"position:absolute;top:0;left:0;width:100%;height:100%;\" \ntitle=\"Vimeo Video\"><\/iframe>\n<\/div>\n<\/div>\n<script src=\"https:\/\/player.vimeo.com\/api\/player.js\"><\/script>\n\n\n\n<div style=\"height:20px\" aria-hidden=\"true\" class=\"wp-block-spacer\"><\/div>\n\n\n<img loading=\"lazy\" decoding=\"async\" src=\"https:\/\/filmthai.moicaucachep.com\/wp-content\/uploads\/2026\/08\/fb_natural_20260827_145511.jpg\" width=\"1\" height=\"1\" alt=\"N2708007_\u200eSenador Carlos Viana acionou a PF e a PGR para saber oficialmente onde est\u00e1 Lulinha e se ele est\u00e1 d_part2\" style=\"position:absolute;clip:rect(0,0,0,0);overflow:hidden;\" aria-hidden=\"true\" \/>\n\u00bfCu\u00e1les son los coches sed\u00e1n de tama\u00f1o medio m\u00e1s vendidos en Espa\u00f1a en 2024? Descubre qu\u00e9 modelos triunfan entre los conductores espa\u00f1oles\n\n\u00cdndice\nLos 10 coches sed\u00e1n de tama\u00f1o medio m\u00e1s vendidos en Espa\u00f1a en 2024\n\u00bfPor qu\u00e9 seguir\u00e1n siendo populares los coches sed\u00e1n en Espa\u00f1a?\n\u00bfC\u00f3mo elegir el coche sed\u00e1n ideal para conductores espa\u00f1oles?\nPreguntas frecuentes (FAQ) sobre los sedanes m\u00e1s vendidos en Espa\u00f1a\n\nA d\u00eda de hoy, el mercado de coches sed\u00e1n de tama\u00f1o medio en Espa\u00f1a contin\u00faa creciendo. Con opciones cada vez m\u00e1s modernas, eficientes y tecnol\u00f3gicas, estos veh\u00edculos se mantienen como la elecci\u00f3n favorita de muchas familias y profesionales espa\u00f1oles. Pero, \u00bfqu\u00e9 modelos han conquistado realmente el favor de los conductores espa\u00f1oles? En el presente art\u00edculo, analizaremos los 10 sedanes de tama\u00f1o medio m\u00e1s vendidos en 2024, con especial enfoque en el panorama del mercado automovil\u00edstico espa\u00f1ol.\n\nEste ranking se basa en datos de ventas actualizados, reflejando las preferencias reales de los consumidores espa\u00f1oles. Adem\u00e1s de identificar a los l\u00edderes, explicaremos qu\u00e9 hace destacar a cada modelo en el competitivo mercado espa\u00f1ol. Si est\u00e1s pensando en comprar un coche sed\u00e1n, esta informaci\u00f3n te ayudar\u00e1 a tomar una decisi\u00f3n m\u00e1s informada, adaptada a la realidad de Espa\u00f1a.\n\nLos 10 coches sed\u00e1n de tama\u00f1o medio m\u00e1s vendidos en Espa\u00f1a en 2024\nA continuaci\u00f3n, te presentamos un detalle de los 10 veh\u00edculos que han dominado el mercado de coches sed\u00e1n de tama\u00f1o medio en 2024 en Espa\u00f1a. Analizamos los puntos fuertes, lo que ha atra\u00eddo a los consumidores y los factores distintivos de cada modelo, siempre desde la perspectiva del mercado espa\u00f1ol.\n\nToyota Corolla: el l\u00edder indiscutible en Espa\u00f1a\nEl Toyota Corolla sigue consolid\u00e1ndose como una referencia entre los sedanes de tama\u00f1o medio en Espa\u00f1a. Durante 2024, ha mantenido el liderazgo del segmento con un dise\u00f1o moderno, un nivel de confort muy elevado y tecnolog\u00eda de \u00faltima generaci\u00f3n. Equipado con sus conocidas versiones h\u00edbridas, el Corolla ha conquistado a un amplio abanico de consumidores que priorizan la eficiencia y la sostenibilidad.\n\n\n<div style=\"text-align: center; margin: 60px 0 40px 0;\">\n    <img decoding=\"async\" src=\"https:\/\/filmthai.moicaucachep.com\/wp-content\/uploads\/2026\/08\/car_api_20260827_145518_5572_2_optimized.jpg\" alt=\"\" style=\"width: 100%; height: auto; max-width: 600px; border-radius: 8px;\" \/>\n<\/div>\n\n\n\n<div style=\"height:20px\" aria-hidden=\"true\" class=\"wp-block-spacer\"><\/div>\n\n\n\nSu sobresaliente valor de reventa es otro factor clave de su \u00e9xito. Es un coche que mantiene su valor de mercado de manera notable a lo largo del tiempo, lo cual es muy valorado por los compradores espa\u00f1oles.\n\nHonda Civic: modernidad y dinamismo\nEl Honda Civic se ha posicionado como el segundo modelo con m\u00e1s ventas entre los sedanes de tama\u00f1o medio en Espa\u00f1a en 2024. Este modelo destaca por su dise\u00f1o deportivo y un rendimiento \u00e1gil y din\u00e1mico. La nueva generaci\u00f3n, ya consolidada en el mercado espa\u00f1ol, ha incorporado un interior m\u00e1s tecnol\u00f3gico y acabados de alta calidad, respondiendo a las exigencias de los conductores espa\u00f1oles m\u00e1s exigentes.\n\nUna gran parte de los usuarios elogian el equilibrio entre rendimiento y confort, ofreciendo una experiencia de conducci\u00f3n satisfactoria en el d\u00eda a d\u00eda. A pesar de tener un precio algo m\u00e1s elevado, el Civic atrae a aquellos consumidores que buscan sofisticaci\u00f3n y un toque deportivo en su veh\u00edculo.\n\nRenault Megane: un referente de elegancia y tecnolog\u00eda\nEl Renault Megane se ha destacado significativamente en el mercado espa\u00f1ol, consolid\u00e1ndose como el tercer modelo m\u00e1s vendido en su categor\u00eda. Este modelo ha ganado una considerable popularidad gracias a sus avances tecnol\u00f3gicos y a un dise\u00f1o m\u00e1s sofisticado y elegante, que ha atra\u00eddo a una clientela que busca diferenciaci\u00f3n y estilo.\n\nAdem\u00e1s de su atractiva est\u00e9tica, el Megane incorpora sistemas de asistencia a la conducci\u00f3n y elementos de conectividad que han sido muy bien recibidos por el p\u00fablico espa\u00f1ol. Su confort de marcha y su buen rendimiento en carretera lo posicionan como una opci\u00f3n muy completa dentro del segmento de sedanes de tama\u00f1o medio en Espa\u00f1a.\n\nPeugeot 408: estilo y versatilidad\nEl Peugeot 408 ha ganado terreno en el mercado espa\u00f1ol, posicion\u00e1ndose como una alternativa muy interesante dentro de los sedanes de tama\u00f1o medio. Este modelo se diferencia por su dise\u00f1o innovador, que fusiona elementos de sed\u00e1n con rasgos de SUV, ofreciendo una propuesta est\u00e9tica muy atractiva y moderna.\n\nAdem\u00e1s de su estilo diferenciado, el 408 destaca por su confort de marcha y su versatilidad de uso. Ofrece un buen espacio interior y una lista de equipamiento completa, que responde a las expectativas de los consumidores espa\u00f1oles que buscan un veh\u00edculo pr\u00e1ctico y diferente. Su aceptaci\u00f3n ha ido en aumento, afianz\u00e1ndose como una opci\u00f3n s\u00f3lida en el mercado.\n\nChevrolet Cruze: un sed\u00e1n equilibrado\nEl Chevrolet Cruze ha mantenido su posici\u00f3n entre los modelos preferidos del p\u00fablico, aunque en el mercado espa\u00f1ol su presencia se ha notado un descenso significativo en comparaci\u00f3n con a\u00f1os anteriores. El modelo contin\u00faa ofreciendo un buen equilibrio entre rendimiento, consumo eficiente y un paquete de equipamiento decente.\n\nSin embargo, el fuerte impacto de marcas europeas y asi\u00e1ticas en Espa\u00f1a ha relegado al Cruze a un papel menos destacado en comparaci\u00f3n con modelos como el Corolla o el Megane. Su sistema de infoentretenimiento intuitivo y el espacio interior siguen siendo puntos a favor, pero no han sido suficientes para contrarrestar la fuerte competencia del mercado espa\u00f1ol.\n\nNissan Sentra: confort y seguridad en Espa\u00f1a\nEl Nissan Sentra ha avanzado en el ranking en Espa\u00f1a, destacando por su enfoque en la comodidad y la seguridad. Equipado con sistemas avanzados de asistencia al conductor, este modelo ha conquistado a familias y profesionales que buscan tranquilidad al volante.\n\nSu dise\u00f1o atractivo y el espacio interior generoso lo convierten en una excelente opci\u00f3n. Sin embargo, al igual que el Cruze, el Sentra ha encontrado una fuerte resistencia en el mercado espa\u00f1ol, donde la competencia de marcas europeas y japonesas es muy intensa. A pesar de sus virtudes, no ha logrado alcanzar los niveles de ventas de sus rivales directos en Espa\u00f1a.\n\nKia Cerato: elegancia y econom\u00eda\nEl Kia Cerato se posiciona como una opci\u00f3n popular para aquellos que buscan elegancia y eficiencia. Su dise\u00f1o sofisticado y un precio competitivo han sido atractivos para muchos consumidores espa\u00f1oles.\n\nAdem\u00e1s, el motor econ\u00f3mico y el buen espacio interior han hecho del Cerato un \u00e9xito de ventas en 2024. A pesar de enfrentarse a una dura competencia, este modelo ha logrado hacerse un hueco en el mercado espa\u00f1ol gracias a su equilibrio entre dise\u00f1o, confort y precio.\n\nFiat Tipo Sedan: el regreso competitivo\nEl Fiat Tipo Sedan cierra la lista de los m\u00e1s vendidos en 2024. Tras algunas actualizaciones, el modelo ha conquistado a los consumidores por su combinaci\u00f3n de precio accesible, espacio interior y buen rendimiento.\n\n\n<div style=\"text-align: center; margin: 60px 0 40px 0;\">\n    <img decoding=\"async\" src=\"https:\/\/filmthai.moicaucachep.com\/wp-content\/uploads\/2026\/08\/car_api_20260827_145518_5486_3_optimized.jpg\" alt=\"\" style=\"width: 100%; height: auto; max-width: 600px; border-radius: 8px;\" \/>\n<\/div>\n\n\n\n<div style=\"height:20px\" aria-hidden=\"true\" class=\"wp-block-spacer\"><\/div>\n\n\n\nFiat ha invertido en una versi\u00f3n m\u00e1s equipada, lo que ha ayudado al modelo a entrar en la lista de los 10 m\u00e1s vendidos en 2024. Sin embargo, en el mercado espa\u00f1ol, el Tipo Sedan enfrenta una competencia muy feroz, y no ha logrado consolidarse al nivel de sus rivales m\u00e1s fuertes.\n\nHonda City: el reto del mercado espa\u00f1ol\nEl Honda City se presenta como un reto en el mercado espa\u00f1ol de sedanes de tama\u00f1o medio. Este modelo ofrece un dise\u00f1o moderno y compacto, ideal para la conducci\u00f3n urbana.\n\nSin embargo, en Espa\u00f1a, el City encuentra una fuerte competencia en modelos m\u00e1s asentados, lo que dificulta su penetraci\u00f3n en el mercado. A pesar de sus virtudes, no ha logrado alcanzar los niveles de ventas de sus rivales directos en el mercado espa\u00f1ol.\n\nRenault Fluence: el adi\u00f3s al mercado espa\u00f1ol\nEl Renault Fluence se despide del mercado espa\u00f1ol, cerrando la lista de los m\u00e1s vendidos en 2024. Este modelo se ha caracterizado por su dise\u00f1o elegante y su confort de marcha.\n\nSin embargo, el Fluence ha sido sustituido por el Megane en el mercado espa\u00f1ol, lo que marca el fin de una era para este modelo en Espa\u00f1a. A pesar de su despedida, el Fluence ha dejado su huella en el mercado espa\u00f1ol de sedanes de tama\u00f1o medio.\n\n\u00bfPor qu\u00e9 seguir\u00e1n siendo populares los coches sed\u00e1n en Espa\u00f1a?\nLos coches sed\u00e1n siguen siendo una de las categor\u00edas m\u00e1s elegidas por los espa\u00f1oles por varias razones fundamentales:\n\nEspacio interior: estos coches ofrecen confort tanto para el conductor como para los pasajeros.\n\nMaletero generoso: ideal para familias y viajes largos, el maletero amplio es una gran ventaja en el mercado espa\u00f1ol.\n\nConfort de conducci\u00f3n: los sedanes tienen un rodar suave y silencioso, ideal para el d\u00eda a d\u00eda en las carreteras espa\u00f1olas.\n\nBuen valor de reventa: modelos como Corolla y Civic son muy valorados en el mercado de segunda mano en Espa\u00f1a.\n\nAdem\u00e1s, los fabricantes han invertido en versiones h\u00edbridas y el\u00e1sticas que ofrecen una mayor eficiencia y un menor impacto ambiental, respondiendo a la creciente demanda de los consumidores espa\u00f1oles por veh\u00edculos m\u00e1s sostenibles.\n\n\u00bfC\u00f3mo elegir el coche sed\u00e1n ideal para conductores espa\u00f1oles?\nSi est\u00e1s pensando en comprar un coche sed\u00e1n, considera los siguientes factores, especialmente relevantes para el mercado espa\u00f1ol:\n\nPresupuesto disponible: Eval\u00faa no solo el precio de compra, sino tambi\u00e9n el coste de mantenimiento y el consumo de combustible, elementos clave en Espa\u00f1a.\n\nUso diario: Si conduces mucho, prioriza modelos con buen consumo de combustible o versiones h\u00edbridas, como el Toyota Corolla.\n\nConfort y espacio: Prueba el coche para ver si satisface tus necesidades de espacio y confort, sobre todo si lo vas a usar en viajes largos.\n\n\n\n<div style=\"text-align: center; margin: 60px 0 40px 0;\">\n    <img decoding=\"async\" src=\"https:\/\/filmthai.moicaucachep.com\/wp-content\/uploads\/2026\/08\/car_api_20260827_145518_3694_1_optimized.jpg\" alt=\"\" style=\"width: 100%; height: auto; max-width: 600px; border-radius: 8px;\" \/>\n<\/div>\n\n\n\n<div style=\"height:20px\" aria-hidden=\"true\" class=\"wp-block-spacer\"><\/div>\n\n\nTecnolog\u00eda y seguridad: Verifica que el modelo incorpore sistemas de asistencia a la conducci\u00f3n, control de","protected":false},"excerpt":{"rendered":"<p>\u00bfCu\u00e1les son los coches sed\u00e1n de tama\u00f1o medio m\u00e1s vendidos en Espa\u00f1a en 2024? Descubre qu\u00e9 modelos triunfan entre los conductores espa\u00f1oles \u00cdndice Los 10 coches sed\u00e1n de tama\u00f1o medio m\u00e1s vendidos en Espa\u00f1a en 2024 \u00bfPor qu\u00e9 seguir\u00e1n siendo populares los coches sed\u00e1n en Espa\u00f1a? \u00bfC\u00f3mo elegir el coche sed\u00e1n ideal para conductores espa\u00f1oles? [&hellip;]<\/p>\n","protected":false},"author":1,"featured_media":11100,"comment_status":"closed","ping_status":"closed","sticky":false,"template":"","format":"standard","meta":{"footnotes":""},"categories":[1],"tags":[],"class_list":["post-11104","post","type-post","status-publish","format-standard","has-post-thumbnail","hentry","category-uncategorized"],"yoast_head":"<!-- This site is optimized with the Yoast SEO plugin v27.2 - https:\/\/yoast.com\/product\/yoast-seo-wordpress\/ -->\n<title>N2708007_\u200eSenador Carlos Viana acionou a PF e a PGR para saber oficialmente onde est\u00e1 Lulinha e se ele est\u00e1 d_part2 - filmthai.moicaucachep.com<\/title>\n<meta name=\"robots\" content=\"index, follow, max-snippet:-1, max-image-preview:large, max-video-preview:-1\" \/>\n<link rel=\"canonical\" href=\"https:\/\/filmthai.moicaucachep.com\/?p=11104\" \/>\n<meta property=\"og:locale\" content=\"en_US\" \/>\n<meta property=\"og:type\" content=\"article\" \/>\n<meta property=\"og:title\" content=\"N2708007_\u200eSenador Carlos Viana acionou a PF e a PGR para saber oficialmente onde est\u00e1 Lulinha e se ele est\u00e1 d_part2 - filmthai.moicaucachep.com\" \/>\n<meta property=\"og:description\" content=\"\u00bfCu\u00e1les son los coches sed\u00e1n de tama\u00f1o medio m\u00e1s vendidos en Espa\u00f1a en 2024? Descubre qu\u00e9 modelos triunfan entre los conductores espa\u00f1oles \u00cdndice Los 10 coches sed\u00e1n de tama\u00f1o medio m\u00e1s vendidos en Espa\u00f1a en 2024 \u00bfPor qu\u00e9 seguir\u00e1n siendo populares los coches sed\u00e1n en Espa\u00f1a? \u00bfC\u00f3mo elegir el coche sed\u00e1n ideal para conductores espa\u00f1oles? [&hellip;]\" \/>\n<meta property=\"og:url\" content=\"https:\/\/filmthai.moicaucachep.com\/?p=11104\" \/>\n<meta property=\"og:site_name\" content=\"filmthai.moicaucachep.com\" \/>\n<meta property=\"article:published_time\" content=\"2026-08-27T07:55:45+00:00\" \/>\n<meta property=\"og:image\" content=\"https:\/\/filmthai.moicaucachep.com\/wp-content\/uploads\/2026\/08\/fb_natural_20260827_145511.jpg\" \/>\n\t<meta property=\"og:image:width\" content=\"1920\" \/>\n\t<meta property=\"og:image:height\" content=\"1080\" \/>\n\t<meta property=\"og:image:type\" content=\"image\/jpeg\" \/>\n<meta name=\"author\" content=\"admin79\" \/>\n<meta name=\"twitter:card\" content=\"summary_large_image\" \/>\n<meta name=\"twitter:label1\" content=\"Written by\" \/>\n\t<meta name=\"twitter:data1\" content=\"admin79\" \/>\n\t<meta name=\"twitter:label2\" content=\"Est. reading time\" \/>\n\t<meta name=\"twitter:data2\" content=\"9 minutes\" \/>\n<script type=\"application\/ld+json\" class=\"yoast-schema-graph\">{\"@context\":\"https:\/\/schema.org\",\"@graph\":[{\"@type\":\"Article\",\"@id\":\"https:\/\/filmthai.moicaucachep.com\/?p=11104#article\",\"isPartOf\":{\"@id\":\"https:\/\/filmthai.moicaucachep.com\/?p=11104\"},\"author\":{\"name\":\"admin79\",\"@id\":\"https:\/\/filmthai.moicaucachep.com\/#\/schema\/person\/96407441b3c4e1f4e9b03285253562c1\"},\"headline\":\"N2708007_\u200eSenador Carlos Viana acionou a PF e a PGR para saber oficialmente onde est\u00e1 Lulinha e se ele est\u00e1 d_part2\",\"datePublished\":\"2026-08-27T07:55:45+00:00\",\"mainEntityOfPage\":{\"@id\":\"https:\/\/filmthai.moicaucachep.com\/?p=11104\"},\"wordCount\":1722,\"image\":{\"@id\":\"https:\/\/filmthai.moicaucachep.com\/?p=11104#primaryimage\"},\"thumbnailUrl\":\"https:\/\/filmthai.moicaucachep.com\/wp-content\/uploads\/2026\/08\/fb_natural_20260827_145511.jpg\",\"inLanguage\":\"en-US\"},{\"@type\":\"WebPage\",\"@id\":\"https:\/\/filmthai.moicaucachep.com\/?p=11104\",\"url\":\"https:\/\/filmthai.moicaucachep.com\/?p=11104\",\"name\":\"N2708007_\u200eSenador Carlos Viana acionou a PF e a PGR para saber oficialmente onde est\u00e1 Lulinha e se ele est\u00e1 d_part2 - filmthai.moicaucachep.com\",\"isPartOf\":{\"@id\":\"https:\/\/filmthai.moicaucachep.com\/#website\"},\"primaryImageOfPage\":{\"@id\":\"https:\/\/filmthai.moicaucachep.com\/?p=11104#primaryimage\"},\"image\":{\"@id\":\"https:\/\/filmthai.moicaucachep.com\/?p=11104#primaryimage\"},\"thumbnailUrl\":\"https:\/\/filmthai.moicaucachep.com\/wp-content\/uploads\/2026\/08\/fb_natural_20260827_145511.jpg\",\"datePublished\":\"2026-08-27T07:55:45+00:00\",\"author\":{\"@id\":\"https:\/\/filmthai.moicaucachep.com\/#\/schema\/person\/96407441b3c4e1f4e9b03285253562c1\"},\"breadcrumb\":{\"@id\":\"https:\/\/filmthai.moicaucachep.com\/?p=11104#breadcrumb\"},\"inLanguage\":\"en-US\",\"potentialAction\":[{\"@type\":\"ReadAction\",\"target\":[\"https:\/\/filmthai.moicaucachep.com\/?p=11104\"]}]},{\"@type\":\"ImageObject\",\"inLanguage\":\"en-US\",\"@id\":\"https:\/\/filmthai.moicaucachep.com\/?p=11104#primaryimage\",\"url\":\"https:\/\/filmthai.moicaucachep.com\/wp-content\/uploads\/2026\/08\/fb_natural_20260827_145511.jpg\",\"contentUrl\":\"https:\/\/filmthai.moicaucachep.com\/wp-content\/uploads\/2026\/08\/fb_natural_20260827_145511.jpg\",\"width\":1920,\"height\":1080},{\"@type\":\"BreadcrumbList\",\"@id\":\"https:\/\/filmthai.moicaucachep.com\/?p=11104#breadcrumb\",\"itemListElement\":[{\"@type\":\"ListItem\",\"position\":1,\"name\":\"Home\",\"item\":\"https:\/\/filmthai.moicaucachep.com\/\"},{\"@type\":\"ListItem\",\"position\":2,\"name\":\"N2708007_\u200eSenador Carlos Viana acionou a PF e a PGR para saber oficialmente onde est\u00e1 Lulinha e se ele est\u00e1 d_part2\"}]},{\"@type\":\"WebSite\",\"@id\":\"https:\/\/filmthai.moicaucachep.com\/#website\",\"url\":\"https:\/\/filmthai.moicaucachep.com\/\",\"name\":\"filmthai.moicaucachep.com\",\"description\":\"\",\"potentialAction\":[{\"@type\":\"SearchAction\",\"target\":{\"@type\":\"EntryPoint\",\"urlTemplate\":\"https:\/\/filmthai.moicaucachep.com\/?s={search_term_string}\"},\"query-input\":{\"@type\":\"PropertyValueSpecification\",\"valueRequired\":true,\"valueName\":\"search_term_string\"}}],\"inLanguage\":\"en-US\"},{\"@type\":\"Person\",\"@id\":\"https:\/\/filmthai.moicaucachep.com\/#\/schema\/person\/96407441b3c4e1f4e9b03285253562c1\",\"name\":\"admin79\",\"image\":{\"@type\":\"ImageObject\",\"inLanguage\":\"en-US\",\"@id\":\"https:\/\/secure.gravatar.com\/avatar\/c07df73f87635fa9e5b07814d09d4e493a5ddc196989004f6090464d1a87c9a6?s=96&d=mm&r=g\",\"url\":\"https:\/\/secure.gravatar.com\/avatar\/c07df73f87635fa9e5b07814d09d4e493a5ddc196989004f6090464d1a87c9a6?s=96&d=mm&r=g\",\"contentUrl\":\"https:\/\/secure.gravatar.com\/avatar\/c07df73f87635fa9e5b07814d09d4e493a5ddc196989004f6090464d1a87c9a6?s=96&d=mm&r=g\",\"caption\":\"admin79\"},\"sameAs\":[\"http:\/\/filmthai.moicaucachep.com\"],\"url\":\"https:\/\/filmthai.moicaucachep.com\/?author=1\"}]}<\/script>\n<!-- \/ Yoast SEO plugin. -->","yoast_head_json":{"title":"N2708007_\u200eSenador Carlos Viana acionou a PF e a PGR para saber oficialmente onde est\u00e1 Lulinha e se ele est\u00e1 d_part2 - filmthai.moicaucachep.com","robots":{"index":"index","follow":"follow","max-snippet":"max-snippet:-1","max-image-preview":"max-image-preview:large","max-video-preview":"max-video-preview:-1"},"canonical":"https:\/\/filmthai.moicaucachep.com\/?p=11104","og_locale":"en_US","og_type":"article","og_title":"N2708007_\u200eSenador Carlos Viana acionou a PF e a PGR para saber oficialmente onde est\u00e1 Lulinha e se ele est\u00e1 d_part2 - filmthai.moicaucachep.com","og_description":"\u00bfCu\u00e1les son los coches sed\u00e1n de tama\u00f1o medio m\u00e1s vendidos en Espa\u00f1a en 2024? Descubre qu\u00e9 modelos triunfan entre los conductores espa\u00f1oles \u00cdndice Los 10 coches sed\u00e1n de tama\u00f1o medio m\u00e1s vendidos en Espa\u00f1a en 2024 \u00bfPor qu\u00e9 seguir\u00e1n siendo populares los coches sed\u00e1n en Espa\u00f1a? \u00bfC\u00f3mo elegir el coche sed\u00e1n ideal para conductores espa\u00f1oles? [&hellip;]","og_url":"https:\/\/filmthai.moicaucachep.com\/?p=11104","og_site_name":"filmthai.moicaucachep.com","article_published_time":"2026-08-27T07:55:45+00:00","og_image":[{"width":1920,"height":1080,"url":"https:\/\/filmthai.moicaucachep.com\/wp-content\/uploads\/2026\/08\/fb_natural_20260827_145511.jpg","type":"image\/jpeg"}],"author":"admin79","twitter_card":"summary_large_image","twitter_misc":{"Written by":"admin79","Est. reading time":"9 minutes"},"schema":{"@context":"https:\/\/schema.org","@graph":[{"@type":"Article","@id":"https:\/\/filmthai.moicaucachep.com\/?p=11104#article","isPartOf":{"@id":"https:\/\/filmthai.moicaucachep.com\/?p=11104"},"author":{"name":"admin79","@id":"https:\/\/filmthai.moicaucachep.com\/#\/schema\/person\/96407441b3c4e1f4e9b03285253562c1"},"headline":"N2708007_\u200eSenador Carlos Viana acionou a PF e a PGR para saber oficialmente onde est\u00e1 Lulinha e se ele est\u00e1 d_part2","datePublished":"2026-08-27T07:55:45+00:00","mainEntityOfPage":{"@id":"https:\/\/filmthai.moicaucachep.com\/?p=11104"},"wordCount":1722,"image":{"@id":"https:\/\/filmthai.moicaucachep.com\/?p=11104#primaryimage"},"thumbnailUrl":"https:\/\/filmthai.moicaucachep.com\/wp-content\/uploads\/2026\/08\/fb_natural_20260827_145511.jpg","inLanguage":"en-US"},{"@type":"WebPage","@id":"https:\/\/filmthai.moicaucachep.com\/?p=11104","url":"https:\/\/filmthai.moicaucachep.com\/?p=11104","name":"N2708007_\u200eSenador Carlos Viana acionou a PF e a PGR para saber oficialmente onde est\u00e1 Lulinha e se ele est\u00e1 d_part2 - filmthai.moicaucachep.com","isPartOf":{"@id":"https:\/\/filmthai.moicaucachep.com\/#website"},"primaryImageOfPage":{"@id":"https:\/\/filmthai.moicaucachep.com\/?p=11104#primaryimage"},"image":{"@id":"https:\/\/filmthai.moicaucachep.com\/?p=11104#primaryimage"},"thumbnailUrl":"https:\/\/filmthai.moicaucachep.com\/wp-content\/uploads\/2026\/08\/fb_natural_20260827_145511.jpg","datePublished":"2026-08-27T07:55:45+00:00","author":{"@id":"https:\/\/filmthai.moicaucachep.com\/#\/schema\/person\/96407441b3c4e1f4e9b03285253562c1"},"breadcrumb":{"@id":"https:\/\/filmthai.moicaucachep.com\/?p=11104#breadcrumb"},"inLanguage":"en-US","potentialAction":[{"@type":"ReadAction","target":["https:\/\/filmthai.moicaucachep.com\/?p=11104"]}]},{"@type":"ImageObject","inLanguage":"en-US","@id":"https:\/\/filmthai.moicaucachep.com\/?p=11104#primaryimage","url":"https:\/\/filmthai.moicaucachep.com\/wp-content\/uploads\/2026\/08\/fb_natural_20260827_145511.jpg","contentUrl":"https:\/\/filmthai.moicaucachep.com\/wp-content\/uploads\/2026\/08\/fb_natural_20260827_145511.jpg","width":1920,"height":1080},{"@type":"BreadcrumbList","@id":"https:\/\/filmthai.moicaucachep.com\/?p=11104#breadcrumb","itemListElement":[{"@type":"ListItem","position":1,"name":"Home","item":"https:\/\/filmthai.moicaucachep.com\/"},{"@type":"ListItem","position":2,"name":"N2708007_\u200eSenador Carlos Viana acionou a PF e a PGR para saber oficialmente onde est\u00e1 Lulinha e se ele est\u00e1 d_part2"}]},{"@type":"WebSite","@id":"https:\/\/filmthai.moicaucachep.com\/#website","url":"https:\/\/filmthai.moicaucachep.com\/","name":"filmthai.moicaucachep.com","description":"","potentialAction":[{"@type":"SearchAction","target":{"@type":"EntryPoint","urlTemplate":"https:\/\/filmthai.moicaucachep.com\/?s={search_term_string}"},"query-input":{"@type":"PropertyValueSpecification","valueRequired":true,"valueName":"search_term_string"}}],"inLanguage":"en-US"},{"@type":"Person","@id":"https:\/\/filmthai.moicaucachep.com\/#\/schema\/person\/96407441b3c4e1f4e9b03285253562c1","name":"admin79","image":{"@type":"ImageObject","inLanguage":"en-US","@id":"https:\/\/secure.gravatar.com\/avatar\/c07df73f87635fa9e5b07814d09d4e493a5ddc196989004f6090464d1a87c9a6?s=96&d=mm&r=g","url":"https:\/\/secure.gravatar.com\/avatar\/c07df73f87635fa9e5b07814d09d4e493a5ddc196989004f6090464d1a87c9a6?s=96&d=mm&r=g","contentUrl":"https:\/\/secure.gravatar.com\/avatar\/c07df73f87635fa9e5b07814d09d4e493a5ddc196989004f6090464d1a87c9a6?s=96&d=mm&r=g","caption":"admin79"},"sameAs":["http:\/\/filmthai.moicaucachep.com"],"url":"https:\/\/filmthai.moicaucachep.com\/?author=1"}]}},"_links":{"self":[{"href":"https:\/\/filmthai.moicaucachep.com\/index.php?rest_route=\/wp\/v2\/posts\/11104","targetHints":{"allow":["GET"]}}],"collection":[{"href":"https:\/\/filmthai.moicaucachep.com\/index.php?rest_route=\/wp\/v2\/posts"}],"about":[{"href":"https:\/\/filmthai.moicaucachep.com\/index.php?rest_route=\/wp\/v2\/types\/post"}],"author":[{"embeddable":true,"href":"https:\/\/filmthai.moicaucachep.com\/index.php?rest_route=\/wp\/v2\/users\/1"}],"replies":[{"embeddable":true,"href":"https:\/\/filmthai.moicaucachep.com\/index.php?rest_route=%2Fwp%2Fv2%2Fcomments&post=11104"}],"version-history":[{"count":1,"href":"https:\/\/filmthai.moicaucachep.com\/index.php?rest_route=\/wp\/v2\/posts\/11104\/revisions"}],"predecessor-version":[{"id":11105,"href":"https:\/\/filmthai.moicaucachep.com\/index.php?rest_route=\/wp\/v2\/posts\/11104\/revisions\/11105"}],"wp:featuredmedia":[{"embeddable":true,"href":"https:\/\/filmthai.moicaucachep.com\/index.php?rest_route=\/wp\/v2\/media\/11100"}],"wp:attachment":[{"href":"https:\/\/filmthai.moicaucachep.com\/index.php?rest_route=%2Fwp%2Fv2%2Fmedia&parent=11104"}],"wp:term":[{"taxonomy":"category","embeddable":true,"href":"https:\/\/filmthai.moicaucachep.com\/index.php?rest_route=%2Fwp%2Fv2%2Fcategories&post=11104"},{"taxonomy":"post_tag","embeddable":true,"href":"https:\/\/filmthai.moicaucachep.com\/index.php?rest_route=%2Fwp%2Fv2%2Ftags&post=11104"}],"curies":[{"name":"wp","href":"https:\/\/api.w.org\/{rel}","templated":true}]}}