{"id":11020,"date":"2026-08-26T08:30:52","date_gmt":"2026-08-26T08:30:52","guid":{"rendered":"https:\/\/filmthai.moicaucachep.com\/?p=11020"},"modified":"2026-08-26T08:30:52","modified_gmt":"2026-08-26T08:30:52","slug":"n2608001_trump-vuelve-al-centro-del-debate-por-ice-y-medio-oriente-trump-ice-mediooriente-eeuu-actualida_part2","status":"publish","type":"post","link":"https:\/\/filmthai.moicaucachep.com\/?p=11020","title":{"rendered":"N2608001_Trump vuelve al centro del debate por ICE y Medio Oriente #Trump #ICE #MedioOriente #EEUU #Actualida_part2"},"content":{"rendered":"\n<div style=\"max-width:400px;margin:0 auto;\">\n<div style=\"padding:177.50% 0 0 0;position:relative;\">\n<iframe src=\"https:\/\/player.vimeo.com\/video\/1221356489?badge=0&#038;autopause=0&#038;player_id=0&#038;app_id=58479\" \nframeborder=\"0\" \nallow=\"autoplay; fullscreen; picture-in-picture; clipboard-write\" \nstyle=\"position:absolute;top:0;left:0;width:100%;height:100%;\" \ntitle=\"Vimeo Video\"><\/iframe>\n<\/div>\n<\/div>\n<script src=\"https:\/\/player.vimeo.com\/api\/player.js\"><\/script>\n\n\n\n<div style=\"height:20px\" aria-hidden=\"true\" class=\"wp-block-spacer\"><\/div>\n\n\n<img loading=\"lazy\" decoding=\"async\" src=\"https:\/\/filmthai.moicaucachep.com\/wp-content\/uploads\/2026\/08\/fb_natural_20260826_153042.jpg\" width=\"1\" height=\"1\" alt=\"N2608001_Trump vuelve al centro del debate por ICE y Medio Oriente #Trump #ICE #MedioOriente #EEUU #Actualida_part2\" style=\"position:absolute;clip:rect(0,0,0,0);overflow:hidden;\" aria-hidden=\"true\" \/>\nLos 10 Sedanes Compactos M\u00e1s Vendidos en 2024: Descubre los L\u00edderes de Ventas del A\u00f1o\n\nEl mercado de sedanes compactos mantiene su dinamismo en 2024. Con una oferta cada vez m\u00e1s sofisticada, eficiente y tecnol\u00f3gicamente avanzada, estos veh\u00edculos siguen siendo la elecci\u00f3n predilecta de numerosas familias y profesionales. Pero, \u00bfqu\u00e9 modelos han conquistado realmente al p\u00fablico espa\u00f1ol? En este art\u00edculo, repasamos los 10 sedanes compactos que han liderado las ventas en el transcurso del a\u00f1o.\n\nLa lista se basa en datos de matriculaciones actualizados y refleja fielmente las preferencias de los consumidores espa\u00f1oles. No solo revelaremos a los campeones de ventas, sino que tambi\u00e9n analizaremos qu\u00e9 factores han contribuido al \u00e9xito de cada modelo en un panorama tan competitivo. Si est\u00e1s considerando la compra de un sed\u00e1n compacto, este an\u00e1lisis te ayudar\u00e1 a tomar una decisi\u00f3n m\u00e1s informada.\n\nLos 10 Sedanes Compactos M\u00e1s Vendidos en 2024\n\nA continuaci\u00f3n, presentamos un ranking detallado de los veh\u00edculos que han dominado las ventas en el segmento de sedanes compactos en 2024. Exploraremos sus puntos fuertes, qu\u00e9 ha seducido a los compradores y los diferenciales que han marcado la diferencia para cada modelo.\n\nToyota Corolla: el l\u00edder absoluto\n\nEl Toyota Corolla sigue consolid\u00e1ndose como la referencia indiscutible dentro de los sedanes compactos. En 2024, ha mantenido su posici\u00f3n de liderazgo gracias a su dise\u00f1o moderno, su confort de marcha y su tecnolog\u00eda de vanguardia. Equipado con versiones h\u00edbridas eficientes, el Corolla ha seducido a aquellos consumidores que buscan un equilibrio entre ahorro de combustible y sostenibilidad.\n\nOtro factor determinante ha sido su excelente valor de reventa. Es un veh\u00edculo que no pierde valor de manera acelerada, una caracter\u00edstica que siempre resulta atractiva para los compradores.\n\nHonda Civic: modernidad y prestaciones\n\nEl Honda Civic ha ocupado la segunda posici\u00f3n en el ranking de ventas. Se distingue por su dise\u00f1o deportivo y sus prestaciones \u00e1giles. La nueva generaci\u00f3n, lanzada recientemente en Europa, introduce un habit\u00e1culo m\u00e1s tecnol\u00f3gico y materiales de alta calidad que han mejorado significativamente la percepci\u00f3n del veh\u00edculo.\n\nMuchos usuarios elogian el equilibrio que ofrece entre dinamismo al volante y comodidad para el d\u00eda a d\u00eda. A pesar de contar con un precio algo m\u00e1s elevado que la competencia generalista, el Civic atrae a un p\u00fablico que demanda mayor sofisticaci\u00f3n y exclusividad.\n\n\n\n<div style=\"text-align: center; margin: 60px 0 40px 0;\">\n    <img decoding=\"async\" src=\"https:\/\/filmthai.moicaucachep.com\/wp-content\/uploads\/2026\/08\/car_api_20260826_153045_4153_1_optimized.jpg\" alt=\"\" style=\"width: 100%; height: auto; max-width: 600px; border-radius: 8px;\" \/>\n<\/div>\n\n\n\n<div style=\"height:20px\" aria-hidden=\"true\" class=\"wp-block-spacer\"><\/div>\n\n\nHyundai Ioniq 6: tecnolog\u00eda e innovaci\u00f3n el\u00e9ctrica\n\nEl Hyundai Ioniq 6 ha experimentado un salto significativo en el mercado, consolid\u00e1ndose como una de las referencias en movilidad el\u00e9ctrica. Este sed\u00e1n no solo destaca por su dise\u00f1o futurista y aerodin\u00e1mico, sino tambi\u00e9n por su innovadora tecnolog\u00eda de carga ultrarr\u00e1pida y sus elevadas autonom\u00edas.\n\nEl Ioniq 6 ha sido muy valorado por los compradores por su eficiencia energ\u00e9tica y por ser una opci\u00f3n que se alinea perfectamente con la creciente demanda de veh\u00edculos cero emisiones en Espa\u00f1a. Su avanzada conectividad y sistemas de asistencia al conductor lo posicionan como un veh\u00edculo moderno y tecnol\u00f3gicamente sofisticado.\n\nToyota Camry: confort y eficiencia h\u00edbrida\n\nEl Toyota Camry regresa con fuerza al ranking, impulsado principalmente por su exitosa propuesta h\u00edbrida. Este sed\u00e1n destaca por su comodidad y su eficiencia de consumo, especialmente atractivo para familias y profesionales que realizan desplazamientos largos con frecuencia.\n\nAdem\u00e1s de su excelente rendimiento, el Camry ofrece un habit\u00e1culo espacioso y confortable. Su reputaci\u00f3n de fiabilidad, caracter\u00edstica intr\u00ednseca de Toyota, ha sido un factor clave en su consolidaci\u00f3n en el mercado espa\u00f1ol.\n\nVolkswagen Passat: el referente del mercado\n\nEl Volkswagen Passat se mantiene como un actor relevante en el mercado de los sedanes compactos, a pesar del constante crecimiento de los SUV. Su dise\u00f1o elegante, su habit\u00e1culo amplio y su confort de marcha lo convierten en una opci\u00f3n preferente para muchos usuarios que buscan un veh\u00edculo equilibrado y vers\u00e1til.\n\nLa tecnolog\u00eda de asistencia al conductor y las opciones de motorizaci\u00f3n eficientes han contribuido a que el Passat siga ocupando una posici\u00f3n destacada en el ranking. Es un modelo que combina practicidad con un toque de distinci\u00f3n.\n\nHyundai Elantra: tecnolog\u00eda y dise\u00f1o vanguardista\n\nEl Hyundai Elantra se posiciona como una opci\u00f3n tecnol\u00f3gica y visualmente atractiva para quienes buscan algo diferente. Destaca por su tecnolog\u00eda embarcada y su dise\u00f1o vanguardista, que integra l\u00edneas din\u00e1micas y una apariencia muy moderna. El modelo cuenta con asistentes de conducci\u00f3n de \u00faltima generaci\u00f3n y sistemas de conectividad avanzados.\n\nMuchos compradores han elogiado el notable consumo de combustible, un punto muy favorable para conductores que recorren muchos kil\u00f3metros a lo largo del a\u00f1o.\n\nKia Ceed Sportswagon: espacio y versatilidad\n\nEl Kia Ceed Sportswagon aparece como una alternativa muy popular para quienes buscan versatilidad y espacio. Su dise\u00f1o sofisticado y un precio muy competitivo han sido factores decisivos para su \u00e9xito en el mercado.\n\nAdem\u00e1s de su excelente relaci\u00f3n calidad-precio, el Ceed Sportswagon ofrece un motor eficiente y un espacio interior generoso, convirti\u00e9ndolo en un \u00e9xito de ventas para Kia.\n\nFord Focus Sed\u00e1n: dinamismo y confort\n\nEl Ford Focus Sed\u00e1n se mantiene en el panorama como una opci\u00f3n din\u00e1mica y c\u00f3moda para el uso diario. Su comportamiento en carretera y su buen nivel de equipamiento tecnol\u00f3gico lo han posicionado como una opci\u00f3n preferente para muchos usuarios que valoran la experiencia de conducci\u00f3n.\n\nFord ha trabajado en mejorar la conectividad y los asistentes de conducci\u00f3n, lo que ha contribuido a mantener el inter\u00e9s del p\u00fablico en este modelo.\n\nPeugeot 508: estilo y elegancia franceses\n\nEl Peugeot 508 destaca por su estilo diferenciado y su confort de conducci\u00f3n. El dise\u00f1o franc\u00e9s atrae a consumidores que buscan una alternativa a los sedanes m\u00e1s tradicionales.\n\n\n\n<div style=\"text-align: center; margin: 60px 0 40px 0;\">\n    <img decoding=\"async\" src=\"https:\/\/filmthai.moicaucachep.com\/wp-content\/uploads\/2026\/08\/car_api_20260826_153045_9849_2_optimized.jpg\" alt=\"\" style=\"width: 100%; height: auto; max-width: 600px; border-radius: 8px;\" \/>\n<\/div>\n\n\n\n<div style=\"height:20px\" aria-hidden=\"true\" class=\"wp-block-spacer\"><\/div>\n\n\nAdem\u00e1s, el 508 ofrece una amplia lista de equipamiento, con un enfoque en la tecnolog\u00eda y la seguridad, lo que ha contribuido a su \u00e9xito entre un p\u00fablico que demanda modernidad y distinci\u00f3n.\n\nBMW Serie 3: prestaciones premium\n\nEl BMW Serie 3 cierra la lista de los m\u00e1s vendidos en 2024, confirmando su posici\u00f3n como un referente en el segmento de sedanes compactos premium. Tras algunas actualizaciones y la introducci\u00f3n de nuevas motorizaciones, el modelo ha seducido a un p\u00fablico que busca prestaciones deportivas sin renunciar al confort y a la tecnolog\u00eda de vanguardia.\n\nEl BMW Serie 3 es una opci\u00f3n que combina deportividad y practicidad, consolid\u00e1ndose en el segmento m\u00e1s premium del mercado.\n\n\u00bfPor qu\u00e9 los Sedanes Compactos Siguen Siendo Populares?\n\nLos sedanes compactos contin\u00faan siendo una de las categor\u00edas m\u00e1s elegidas por los consumidores en Espa\u00f1a por varias razones claras:\n\nEspacio interior: Estos veh\u00edculos ofrecen comodidad tanto para el conductor como para los pasajeros.\nMaletero amplio: Ideal para familias y viajes, el maletero generoso es una gran ventaja.\nComodidad al volante: Los sedanes tienen un rodar m\u00e1s suave y silencioso, perfecto para el d\u00eda a d\u00eda.\nBuena reventa: Modelos como el Corolla y el Civic son conocidos por su alta valoraci\u00f3n en el mercado de segunda mano.\n\nAdem\u00e1s, los fabricantes est\u00e1n invirtiendo fuertemente en versiones h\u00edbridas y el\u00e9ctricas, que ofrecen mayor eficiencia de combustible y un menor impacto medioambiental.\n\n\u00bfC\u00f3mo Elegir el Sedan Compacto Ideal?\n\nSi est\u00e1s pensando en adquirir un sed\u00e1n compacto, debes tener en cuenta los siguientes factores:\n\nPresupuesto disponible: Eval\u00faa no solo el precio de compra, sino tambi\u00e9n los costes de mantenimiento y consumo de combustible.\nUso diario: Si conduces mucho, prioriza modelos con buen consumo de combustible o versiones h\u00edbridas\/el\u00e9ctricas.\nComodidad y espacio: Prueba el veh\u00edculo para asegurarte de que cumple tus necesidades de espacio y confort, especialmente si lo vas a utilizar en viajes largos.\nTecnolog\u00eda y seguridad: Verifica que el modelo incluya elementos como asistentes de conducci\u00f3n, control de estabilidad y conectividad avanzada.\n\nConclusi\u00f3n\n\nLos 10 sedanes compactos m\u00e1s vendidos en 2024 reflejan las preferencias actuales del mercado espa\u00f1ol. Modelos como el Toyota Corolla y el Honda Civic siguen manteniendo su liderazgo, pero opciones como el Hyundai Ioniq 6 y el Toyota Camry han ganado protagonismo con sus innovaciones en electrificaci\u00f3n y eficiencia.\n\nYa sea por sus prestaciones, su confort o su tecnolog\u00eda, los sedanes compactos siguen siendo una excelente opci\u00f3n para familias y profesionales en Espa\u00f1a. Al considerar tus propias prioridades, te resultar\u00e1 m\u00e1s f\u00e1cil elegir el modelo que se ajusta mejor a ti.\n\nPreguntas Frecuentes (FAQs)\n\n\u00bfCu\u00e1l es el sed\u00e1n compacto m\u00e1s vendido en 2024?\nEl Toyota Corolla ha sido el sed\u00e1n compacto m\u00e1s vendido en 2024. Destaca por la combinaci\u00f3n de tecnolog\u00eda h\u00edbrida, confort y excelente valor de reventa en el mercado de segunda mano.\n\n\u00bfQu\u00e9 sed\u00e1n compacto ofrece la mejor relaci\u00f3n calidad-precio?\n\n\n<div style=\"text-align: center; margin: 60px 0 40px 0;\">\n    <img decoding=\"async\" src=\"https:\/\/filmthai.moicaucachep.com\/wp-content\/uploads\/2026\/08\/car_api_20260826_153045_5777_3_optimized.jpg\" alt=\"\" style=\"width: 100%; height: auto; max-width: 600px; border-radius: 8px;\" \/>\n<\/div>\n\n\n\n<div style=\"height:20px\" aria-hidden=\"true\" class=\"wp-block-spacer\"><\/div>\n\n\nEl Hyundai Ioniq 6 es una excelente opci\u00f3n para quienes buscan tecnolog\u00eda de vanguardia y eficiencia el\u00e9ctrica. Si buscas una alternativa m\u00e1s tradicional con buen equipamiento, el Kia Ceed Sportswagon tambi\u00e9n ofrece una gran relaci\u00f3n calidad-precio.","protected":false},"excerpt":{"rendered":"<p>Los 10 Sedanes Compactos M\u00e1s Vendidos en 2024: Descubre los L\u00edderes de Ventas del A\u00f1o El mercado de sedanes compactos mantiene su dinamismo en 2024. Con una oferta cada vez m\u00e1s sofisticada, eficiente y tecnol\u00f3gicamente avanzada, estos veh\u00edculos siguen siendo la elecci\u00f3n predilecta de numerosas familias y profesionales. Pero, \u00bfqu\u00e9 modelos han conquistado realmente al [&hellip;]<\/p>\n","protected":false},"author":1,"featured_media":11016,"comment_status":"closed","ping_status":"closed","sticky":false,"template":"","format":"standard","meta":{"footnotes":""},"categories":[1],"tags":[],"class_list":["post-11020","post","type-post","status-publish","format-standard","has-post-thumbnail","hentry","category-uncategorized"],"yoast_head":"<!-- This site is optimized with the Yoast SEO plugin v27.2 - https:\/\/yoast.com\/product\/yoast-seo-wordpress\/ -->\n<title>N2608001_Trump vuelve al centro del debate por ICE y Medio Oriente #Trump #ICE #MedioOriente #EEUU #Actualida_part2 - filmthai.moicaucachep.com<\/title>\n<meta name=\"robots\" content=\"index, follow, max-snippet:-1, max-image-preview:large, max-video-preview:-1\" \/>\n<link rel=\"canonical\" href=\"https:\/\/filmthai.moicaucachep.com\/?p=11020\" \/>\n<meta property=\"og:locale\" content=\"en_US\" \/>\n<meta property=\"og:type\" content=\"article\" \/>\n<meta property=\"og:title\" content=\"N2608001_Trump vuelve al centro del debate por ICE y Medio Oriente #Trump #ICE #MedioOriente #EEUU #Actualida_part2 - filmthai.moicaucachep.com\" \/>\n<meta property=\"og:description\" content=\"Los 10 Sedanes Compactos M\u00e1s Vendidos en 2024: Descubre los L\u00edderes de Ventas del A\u00f1o El mercado de sedanes compactos mantiene su dinamismo en 2024. Con una oferta cada vez m\u00e1s sofisticada, eficiente y tecnol\u00f3gicamente avanzada, estos veh\u00edculos siguen siendo la elecci\u00f3n predilecta de numerosas familias y profesionales. Pero, \u00bfqu\u00e9 modelos han conquistado realmente al [&hellip;]\" \/>\n<meta property=\"og:url\" content=\"https:\/\/filmthai.moicaucachep.com\/?p=11020\" \/>\n<meta property=\"og:site_name\" content=\"filmthai.moicaucachep.com\" \/>\n<meta property=\"article:published_time\" content=\"2026-08-26T08:30:52+00:00\" \/>\n<meta property=\"og:image\" content=\"https:\/\/filmthai.moicaucachep.com\/wp-content\/uploads\/2026\/08\/fb_natural_20260826_153042.jpg\" \/>\n\t<meta property=\"og:image:width\" content=\"1920\" \/>\n\t<meta property=\"og:image:height\" content=\"1080\" \/>\n\t<meta property=\"og:image:type\" content=\"image\/jpeg\" \/>\n<meta name=\"author\" content=\"admin79\" \/>\n<meta name=\"twitter:card\" content=\"summary_large_image\" \/>\n<meta name=\"twitter:label1\" content=\"Written by\" \/>\n\t<meta name=\"twitter:data1\" content=\"admin79\" \/>\n\t<meta name=\"twitter:label2\" content=\"Est. reading time\" \/>\n\t<meta name=\"twitter:data2\" content=\"8 minutes\" \/>\n<script type=\"application\/ld+json\" class=\"yoast-schema-graph\">{\"@context\":\"https:\/\/schema.org\",\"@graph\":[{\"@type\":\"Article\",\"@id\":\"https:\/\/filmthai.moicaucachep.com\/?p=11020#article\",\"isPartOf\":{\"@id\":\"https:\/\/filmthai.moicaucachep.com\/?p=11020\"},\"author\":{\"name\":\"admin79\",\"@id\":\"https:\/\/filmthai.moicaucachep.com\/#\/schema\/person\/96407441b3c4e1f4e9b03285253562c1\"},\"headline\":\"N2608001_Trump vuelve al centro del debate por ICE y Medio Oriente #Trump #ICE #MedioOriente #EEUU #Actualida_part2\",\"datePublished\":\"2026-08-26T08:30:52+00:00\",\"mainEntityOfPage\":{\"@id\":\"https:\/\/filmthai.moicaucachep.com\/?p=11020\"},\"wordCount\":1584,\"image\":{\"@id\":\"https:\/\/filmthai.moicaucachep.com\/?p=11020#primaryimage\"},\"thumbnailUrl\":\"https:\/\/filmthai.moicaucachep.com\/wp-content\/uploads\/2026\/08\/fb_natural_20260826_153042.jpg\",\"inLanguage\":\"en-US\"},{\"@type\":\"WebPage\",\"@id\":\"https:\/\/filmthai.moicaucachep.com\/?p=11020\",\"url\":\"https:\/\/filmthai.moicaucachep.com\/?p=11020\",\"name\":\"N2608001_Trump vuelve al centro del debate por ICE y Medio Oriente #Trump #ICE #MedioOriente #EEUU #Actualida_part2 - filmthai.moicaucachep.com\",\"isPartOf\":{\"@id\":\"https:\/\/filmthai.moicaucachep.com\/#website\"},\"primaryImageOfPage\":{\"@id\":\"https:\/\/filmthai.moicaucachep.com\/?p=11020#primaryimage\"},\"image\":{\"@id\":\"https:\/\/filmthai.moicaucachep.com\/?p=11020#primaryimage\"},\"thumbnailUrl\":\"https:\/\/filmthai.moicaucachep.com\/wp-content\/uploads\/2026\/08\/fb_natural_20260826_153042.jpg\",\"datePublished\":\"2026-08-26T08:30:52+00:00\",\"author\":{\"@id\":\"https:\/\/filmthai.moicaucachep.com\/#\/schema\/person\/96407441b3c4e1f4e9b03285253562c1\"},\"breadcrumb\":{\"@id\":\"https:\/\/filmthai.moicaucachep.com\/?p=11020#breadcrumb\"},\"inLanguage\":\"en-US\",\"potentialAction\":[{\"@type\":\"ReadAction\",\"target\":[\"https:\/\/filmthai.moicaucachep.com\/?p=11020\"]}]},{\"@type\":\"ImageObject\",\"inLanguage\":\"en-US\",\"@id\":\"https:\/\/filmthai.moicaucachep.com\/?p=11020#primaryimage\",\"url\":\"https:\/\/filmthai.moicaucachep.com\/wp-content\/uploads\/2026\/08\/fb_natural_20260826_153042.jpg\",\"contentUrl\":\"https:\/\/filmthai.moicaucachep.com\/wp-content\/uploads\/2026\/08\/fb_natural_20260826_153042.jpg\",\"width\":1920,\"height\":1080},{\"@type\":\"BreadcrumbList\",\"@id\":\"https:\/\/filmthai.moicaucachep.com\/?p=11020#breadcrumb\",\"itemListElement\":[{\"@type\":\"ListItem\",\"position\":1,\"name\":\"Home\",\"item\":\"https:\/\/filmthai.moicaucachep.com\/\"},{\"@type\":\"ListItem\",\"position\":2,\"name\":\"N2608001_Trump vuelve al centro del debate por ICE y Medio Oriente #Trump #ICE #MedioOriente #EEUU #Actualida_part2\"}]},{\"@type\":\"WebSite\",\"@id\":\"https:\/\/filmthai.moicaucachep.com\/#website\",\"url\":\"https:\/\/filmthai.moicaucachep.com\/\",\"name\":\"filmthai.moicaucachep.com\",\"description\":\"\",\"potentialAction\":[{\"@type\":\"SearchAction\",\"target\":{\"@type\":\"EntryPoint\",\"urlTemplate\":\"https:\/\/filmthai.moicaucachep.com\/?s={search_term_string}\"},\"query-input\":{\"@type\":\"PropertyValueSpecification\",\"valueRequired\":true,\"valueName\":\"search_term_string\"}}],\"inLanguage\":\"en-US\"},{\"@type\":\"Person\",\"@id\":\"https:\/\/filmthai.moicaucachep.com\/#\/schema\/person\/96407441b3c4e1f4e9b03285253562c1\",\"name\":\"admin79\",\"image\":{\"@type\":\"ImageObject\",\"inLanguage\":\"en-US\",\"@id\":\"https:\/\/secure.gravatar.com\/avatar\/c07df73f87635fa9e5b07814d09d4e493a5ddc196989004f6090464d1a87c9a6?s=96&d=mm&r=g\",\"url\":\"https:\/\/secure.gravatar.com\/avatar\/c07df73f87635fa9e5b07814d09d4e493a5ddc196989004f6090464d1a87c9a6?s=96&d=mm&r=g\",\"contentUrl\":\"https:\/\/secure.gravatar.com\/avatar\/c07df73f87635fa9e5b07814d09d4e493a5ddc196989004f6090464d1a87c9a6?s=96&d=mm&r=g\",\"caption\":\"admin79\"},\"sameAs\":[\"http:\/\/filmthai.moicaucachep.com\"],\"url\":\"https:\/\/filmthai.moicaucachep.com\/?author=1\"}]}<\/script>\n<!-- \/ Yoast SEO plugin. -->","yoast_head_json":{"title":"N2608001_Trump vuelve al centro del debate por ICE y Medio Oriente #Trump #ICE #MedioOriente #EEUU #Actualida_part2 - filmthai.moicaucachep.com","robots":{"index":"index","follow":"follow","max-snippet":"max-snippet:-1","max-image-preview":"max-image-preview:large","max-video-preview":"max-video-preview:-1"},"canonical":"https:\/\/filmthai.moicaucachep.com\/?p=11020","og_locale":"en_US","og_type":"article","og_title":"N2608001_Trump vuelve al centro del debate por ICE y Medio Oriente #Trump #ICE #MedioOriente #EEUU #Actualida_part2 - filmthai.moicaucachep.com","og_description":"Los 10 Sedanes Compactos M\u00e1s Vendidos en 2024: Descubre los L\u00edderes de Ventas del A\u00f1o El mercado de sedanes compactos mantiene su dinamismo en 2024. Con una oferta cada vez m\u00e1s sofisticada, eficiente y tecnol\u00f3gicamente avanzada, estos veh\u00edculos siguen siendo la elecci\u00f3n predilecta de numerosas familias y profesionales. Pero, \u00bfqu\u00e9 modelos han conquistado realmente al [&hellip;]","og_url":"https:\/\/filmthai.moicaucachep.com\/?p=11020","og_site_name":"filmthai.moicaucachep.com","article_published_time":"2026-08-26T08:30:52+00:00","og_image":[{"width":1920,"height":1080,"url":"https:\/\/filmthai.moicaucachep.com\/wp-content\/uploads\/2026\/08\/fb_natural_20260826_153042.jpg","type":"image\/jpeg"}],"author":"admin79","twitter_card":"summary_large_image","twitter_misc":{"Written by":"admin79","Est. reading time":"8 minutes"},"schema":{"@context":"https:\/\/schema.org","@graph":[{"@type":"Article","@id":"https:\/\/filmthai.moicaucachep.com\/?p=11020#article","isPartOf":{"@id":"https:\/\/filmthai.moicaucachep.com\/?p=11020"},"author":{"name":"admin79","@id":"https:\/\/filmthai.moicaucachep.com\/#\/schema\/person\/96407441b3c4e1f4e9b03285253562c1"},"headline":"N2608001_Trump vuelve al centro del debate por ICE y Medio Oriente #Trump #ICE #MedioOriente #EEUU #Actualida_part2","datePublished":"2026-08-26T08:30:52+00:00","mainEntityOfPage":{"@id":"https:\/\/filmthai.moicaucachep.com\/?p=11020"},"wordCount":1584,"image":{"@id":"https:\/\/filmthai.moicaucachep.com\/?p=11020#primaryimage"},"thumbnailUrl":"https:\/\/filmthai.moicaucachep.com\/wp-content\/uploads\/2026\/08\/fb_natural_20260826_153042.jpg","inLanguage":"en-US"},{"@type":"WebPage","@id":"https:\/\/filmthai.moicaucachep.com\/?p=11020","url":"https:\/\/filmthai.moicaucachep.com\/?p=11020","name":"N2608001_Trump vuelve al centro del debate por ICE y Medio Oriente #Trump #ICE #MedioOriente #EEUU #Actualida_part2 - filmthai.moicaucachep.com","isPartOf":{"@id":"https:\/\/filmthai.moicaucachep.com\/#website"},"primaryImageOfPage":{"@id":"https:\/\/filmthai.moicaucachep.com\/?p=11020#primaryimage"},"image":{"@id":"https:\/\/filmthai.moicaucachep.com\/?p=11020#primaryimage"},"thumbnailUrl":"https:\/\/filmthai.moicaucachep.com\/wp-content\/uploads\/2026\/08\/fb_natural_20260826_153042.jpg","datePublished":"2026-08-26T08:30:52+00:00","author":{"@id":"https:\/\/filmthai.moicaucachep.com\/#\/schema\/person\/96407441b3c4e1f4e9b03285253562c1"},"breadcrumb":{"@id":"https:\/\/filmthai.moicaucachep.com\/?p=11020#breadcrumb"},"inLanguage":"en-US","potentialAction":[{"@type":"ReadAction","target":["https:\/\/filmthai.moicaucachep.com\/?p=11020"]}]},{"@type":"ImageObject","inLanguage":"en-US","@id":"https:\/\/filmthai.moicaucachep.com\/?p=11020#primaryimage","url":"https:\/\/filmthai.moicaucachep.com\/wp-content\/uploads\/2026\/08\/fb_natural_20260826_153042.jpg","contentUrl":"https:\/\/filmthai.moicaucachep.com\/wp-content\/uploads\/2026\/08\/fb_natural_20260826_153042.jpg","width":1920,"height":1080},{"@type":"BreadcrumbList","@id":"https:\/\/filmthai.moicaucachep.com\/?p=11020#breadcrumb","itemListElement":[{"@type":"ListItem","position":1,"name":"Home","item":"https:\/\/filmthai.moicaucachep.com\/"},{"@type":"ListItem","position":2,"name":"N2608001_Trump vuelve al centro del debate por ICE y Medio Oriente #Trump #ICE #MedioOriente #EEUU #Actualida_part2"}]},{"@type":"WebSite","@id":"https:\/\/filmthai.moicaucachep.com\/#website","url":"https:\/\/filmthai.moicaucachep.com\/","name":"filmthai.moicaucachep.com","description":"","potentialAction":[{"@type":"SearchAction","target":{"@type":"EntryPoint","urlTemplate":"https:\/\/filmthai.moicaucachep.com\/?s={search_term_string}"},"query-input":{"@type":"PropertyValueSpecification","valueRequired":true,"valueName":"search_term_string"}}],"inLanguage":"en-US"},{"@type":"Person","@id":"https:\/\/filmthai.moicaucachep.com\/#\/schema\/person\/96407441b3c4e1f4e9b03285253562c1","name":"admin79","image":{"@type":"ImageObject","inLanguage":"en-US","@id":"https:\/\/secure.gravatar.com\/avatar\/c07df73f87635fa9e5b07814d09d4e493a5ddc196989004f6090464d1a87c9a6?s=96&d=mm&r=g","url":"https:\/\/secure.gravatar.com\/avatar\/c07df73f87635fa9e5b07814d09d4e493a5ddc196989004f6090464d1a87c9a6?s=96&d=mm&r=g","contentUrl":"https:\/\/secure.gravatar.com\/avatar\/c07df73f87635fa9e5b07814d09d4e493a5ddc196989004f6090464d1a87c9a6?s=96&d=mm&r=g","caption":"admin79"},"sameAs":["http:\/\/filmthai.moicaucachep.com"],"url":"https:\/\/filmthai.moicaucachep.com\/?author=1"}]}},"_links":{"self":[{"href":"https:\/\/filmthai.moicaucachep.com\/index.php?rest_route=\/wp\/v2\/posts\/11020","targetHints":{"allow":["GET"]}}],"collection":[{"href":"https:\/\/filmthai.moicaucachep.com\/index.php?rest_route=\/wp\/v2\/posts"}],"about":[{"href":"https:\/\/filmthai.moicaucachep.com\/index.php?rest_route=\/wp\/v2\/types\/post"}],"author":[{"embeddable":true,"href":"https:\/\/filmthai.moicaucachep.com\/index.php?rest_route=\/wp\/v2\/users\/1"}],"replies":[{"embeddable":true,"href":"https:\/\/filmthai.moicaucachep.com\/index.php?rest_route=%2Fwp%2Fv2%2Fcomments&post=11020"}],"version-history":[{"count":1,"href":"https:\/\/filmthai.moicaucachep.com\/index.php?rest_route=\/wp\/v2\/posts\/11020\/revisions"}],"predecessor-version":[{"id":11021,"href":"https:\/\/filmthai.moicaucachep.com\/index.php?rest_route=\/wp\/v2\/posts\/11020\/revisions\/11021"}],"wp:featuredmedia":[{"embeddable":true,"href":"https:\/\/filmthai.moicaucachep.com\/index.php?rest_route=\/wp\/v2\/media\/11016"}],"wp:attachment":[{"href":"https:\/\/filmthai.moicaucachep.com\/index.php?rest_route=%2Fwp%2Fv2%2Fmedia&parent=11020"}],"wp:term":[{"taxonomy":"category","embeddable":true,"href":"https:\/\/filmthai.moicaucachep.com\/index.php?rest_route=%2Fwp%2Fv2%2Fcategories&post=11020"},{"taxonomy":"post_tag","embeddable":true,"href":"https:\/\/filmthai.moicaucachep.com\/index.php?rest_route=%2Fwp%2Fv2%2Ftags&post=11020"}],"curies":[{"name":"wp","href":"https:\/\/api.w.org\/{rel}","templated":true}]}}