{"id":10498,"date":"2026-08-22T07:37:06","date_gmt":"2026-08-22T07:37:06","guid":{"rendered":"https:\/\/filmthai.moicaucachep.com\/?p=10498"},"modified":"2026-08-22T07:37:06","modified_gmt":"2026-08-22T07:37:06","slug":"n2208011_%ef%bf%bd-un-conflictivo-local-okupado-en-el-barrio-de-la-salut-en-badalona-sera-desalojado-asi-lo-ha-as_part2","status":"publish","type":"post","link":"https:\/\/filmthai.moicaucachep.com\/?p=10498","title":{"rendered":"N2208011_\ufffd Un conflictivo local okupado en el barrio de La Salut, en Badalona, ser\u00e1 desalojado. As\u00ed lo ha as_part2"},"content":{"rendered":"\n<div style=\"max-width:400px;margin:0 auto;\">\n<div style=\"padding:177.50% 0 0 0;position:relative;\">\n<iframe src=\"https:\/\/player.vimeo.com\/video\/1220374700?badge=0&#038;autopause=0&#038;player_id=0&#038;app_id=58479\" \nframeborder=\"0\" \nallow=\"autoplay; fullscreen; picture-in-picture; clipboard-write\" \nstyle=\"position:absolute;top:0;left:0;width:100%;height:100%;\" \ntitle=\"Vimeo Video\"><\/iframe>\n<\/div>\n<\/div>\n<script src=\"https:\/\/player.vimeo.com\/api\/player.js\"><\/script>\n\n\n\n<div style=\"height:20px\" aria-hidden=\"true\" class=\"wp-block-spacer\"><\/div>\n\n\n<img loading=\"lazy\" decoding=\"async\" src=\"https:\/\/filmthai.moicaucachep.com\/wp-content\/uploads\/2026\/08\/fb_natural_20260822_143656.jpg\" width=\"1\" height=\"1\" alt=\"N2208011_\ufffd Un conflictivo local okupado en el barrio de La Salut, en Badalona, ser\u00e1 desalojado. As\u00ed lo ha as_part2\" style=\"position:absolute;clip:rect(0,0,0,0);overflow:hidden;\" aria-hidden=\"true\" \/>\nLos coches favoritos del p\u00fablico en 2024: el pragmatismo y la apuesta por la versatilidad dominan el mercado espa\u00f1ol\n\nLa clientela exige productos asequibles y fiables, aunque el podio se ve cada vez m\u00e1s disputado por modelos de gama media y marcas premium.\n\nJuan \u00c1ngel Mart\u00ednez\nBilbao | 27\u00b701\u00b725 | 10:01\n\n\n\n<div style=\"text-align: center; margin: 60px 0 40px 0;\">\n    <img decoding=\"async\" src=\"https:\/\/filmthai.moicaucachep.com\/wp-content\/uploads\/2026\/08\/car_api_20260822_143700_5450_1_optimized.jpg\" alt=\"\" style=\"width: 100%; height: auto; max-width: 600px; border-radius: 8px;\" \/>\n<\/div>\n\n\n\n<div style=\"height:20px\" aria-hidden=\"true\" class=\"wp-block-spacer\"><\/div>\n\n\n\u00bfYa nos sigues? M\u00e1rcanos como medio preferente\n\nGoogle\nA\u00f1\u00e1denos en Google\n\nA menudo, el coche so\u00f1ado dista mucho de ser el que podemos adquirir. La mayor\u00eda de nosotros no conducimos el veh\u00edculo que anhelamos, sino aquel que se ajusta a nuestras posibilidades. Esta realidad inevitable convierte al coche que elegimos en el mejor posible, priorizando caracter\u00edsticas como la fiabilidad, la est\u00e9tica, la seguridad y, por supuesto, la eficiencia en los costes de uso. Aunque el objetivo principal es satisfacer nuestras necesidades funcionales, no negaremos que un toque de admiraci\u00f3n ajena siempre es bienvenido.\n\nTradicionalmente, los modelos m\u00e1s populares sol\u00edan ser compactos y asequibles. Sin embargo, en los \u00faltimos a\u00f1os esta tendencia ha experimentado una notable transformaci\u00f3n. La lista de veh\u00edculos m\u00e1s vendidos se ha diversificado para dar cabida a propuestas de corte familiar, m\u00e1s voluminosas, con mayor capacidad y, por lo general, con un precio algo superior. De este modo, el Dacia Sandero \u2014l\u00edder indiscutible del mercado espa\u00f1ol durante m\u00e1s de una d\u00e9cada\u2014 ve c\u00f3mo su hegemon\u00eda es desafiada por modelos como el MG ZS, el veterano Clio y el Corolla. Pero no son solo estos los rivales en la pugna por el t\u00edtulo; tambi\u00e9n se posicionan propuestas m\u00e1s ambiciosas como el Hyundai Tucson, el BMW X1 y el Kia Sportage, candidatos que juegan la baza del orgullo de pertenencia a una marca con mayor prestigio.\n\nLos criterios de compra var\u00edan significativamente seg\u00fan el segmento de veh\u00edculos que busca el consumidor. No es lo mismo elegir un utilitario compacto que un modelo con propulsi\u00f3n 100% el\u00e9ctrica, una alternativa con electrificaci\u00f3n parcial o una motorizaci\u00f3n convencional de combusti\u00f3n. A continuaci\u00f3n, analizamos cu\u00e1les han sido los veh\u00edculos preferidos por los conductores espa\u00f1oles durante el a\u00f1o pasado en cada una de estas categor\u00edas.\n\nDacia Sandero, doce a\u00f1os sin rival\n\nModestia aparte, el Dacia Sandero se ha consolidado como el veh\u00edculo de referencia para aquellos compradores que buscan una opci\u00f3n asequible, fiable y vers\u00e1til.\n\nA priori, es dif\u00edcil considerar al Sandero un coche aspiracional. Se percibe m\u00e1s bien como un modelo ideal para personas con limitaciones presupuestarias o con un entusiasmo limitado por la automoci\u00f3n. No obstante, la clientela que se decanta por este veh\u00edculo busca un producto digno y cumplidor a cambio de una inversi\u00f3n comedida. En este sentido, el modelo de Dacia supera con creces las expectativas generadas por su precio. Esta es una de las claves fundamentales de su \u00e9xito, que lo ha mantenido como el l\u00edder del mercado en Espa\u00f1a durante los \u00faltimos doce a\u00f1os consecutivos.\n\nA lo largo de esta d\u00e9cada, el Sandero ha evolucionado de manera sutil, pero constante. Su dise\u00f1o se ha modernizado, resultando ahora mucho m\u00e1s atractivo y elegante que en sus inicios. Adem\u00e1s, el equipamiento de sus primeras versiones, que era notablemente espartano, ha ido aumentando progresivamente, al igual que la sensaci\u00f3n de calidad percibida y, inevitablemente, el precio. A pesar de estos avances, el coste del Dacia Sandero sigue manteni\u00e9ndose por debajo del de casi todos sus competidores, con precios que parten desde los 14.000 euros.\n\nEsta combinaci\u00f3n de atributos \u2014precio competitivo, fiabilidad y dise\u00f1o renovado\u2014 ha sido fundamental para atraer a un volumen considerable de compradores. El a\u00f1o pasado, 32.994 personas se decidieron por este modelo, situ\u00e1ndolo como el coche m\u00e1s vendido en Espa\u00f1a. Este liderazgo no solo se constata a nivel nacional; en Bizkaia, por ejemplo, el Sandero tambi\u00e9n ocup\u00f3 la primera posici\u00f3n, con 594 unidades vendidas.\n\nAunque el Sandero mantiene el liderazgo general, la competencia es cada vez m\u00e1s fuerte. La brecha en el mercado nacional, que supera las diez mil unidades frente a los siguientes modelos en la lista (Corolla e Ibiza), se reduce significativamente en el \u00e1mbito local. En Bizkaia, el Hyundai Tucson se posicion\u00f3 como el segundo coche m\u00e1s vendido (477 unidades), seguido de cerca por el MG ZS (400 unidades).\n\nEl Dacia Sandero tambi\u00e9n lidera la divisi\u00f3n de veh\u00edculos propulsados por Gas Licuado de Petr\u00f3leo (GLP). Este mercado est\u00e1 pr\u00e1cticamente monopolizado por Dacia y Renault. Dos de cada tres unidades matriculadas en esta categor\u00eda (un total de 19.068) corresponden a veh\u00edculos que pueden funcionar indistintamente con gasolina y GLP, lo que subraya la eficiencia y el ahorro que ofrecen estas opciones a los consumidores.\n\nLa referencia el\u00e9ctrica es Tesla\n\n\n<div style=\"text-align: center; margin: 60px 0 40px 0;\">\n    <img decoding=\"async\" src=\"https:\/\/filmthai.moicaucachep.com\/wp-content\/uploads\/2026\/08\/car_api_20260822_143700_4782_2_optimized.jpg\" alt=\"\" style=\"width: 100%; height: auto; max-width: 600px; border-radius: 8px;\" \/>\n<\/div>\n\n\n\n<div style=\"height:20px\" aria-hidden=\"true\" class=\"wp-block-spacer\"><\/div>\n\n\n\nLa adopci\u00f3n de veh\u00edculos 100% el\u00e9ctricos en Europa ha crecido de manera significativa, impulsada principalmente por las ayudas p\u00fablicas. Tesla lidera el mercado, destacando especialmente con su modelo Model 3.\n\nLa adopci\u00f3n de los autom\u00f3viles 100% el\u00e9ctricos sigue un ritmo m\u00e1s lento de lo que muchos expertos hab\u00edan pronosticado inicialmente. En los principales mercados europeos, el crecimiento del segmento ha sido pr\u00e1cticamente nulo durante el a\u00f1o 2024. Sin embargo, en el mercado espa\u00f1ol, la situaci\u00f3n ha sido diferente. Gracias a las ayudas p\u00fablicas destinadas a incentivar la movilidad sostenible, la demanda de coches el\u00e9ctricos puros ha experimentado un aumento del 7%.\n\nTesla se consolida como l\u00edder indiscutible de este segmento en Espa\u00f1a, acaparando una cuota de mercado significativa. De las 57.374 matriculaciones totales de veh\u00edculos el\u00e9ctricos, 16.680 corresponden a modelos de la marca fundada por Elon Musk. Su principal argumento de venta es el Model 3, que cerr\u00f3 el a\u00f1o pasado con 11.043 operaciones comercializadas (212 de ellas en Bizkaia). Le sigue de cerca el Model Y, con 5.495 pedidos (115 unidades en Bizkaia). El tercer puesto de la lista lo ocupa el MG4, con un total de 2.668 unidades vendidas.\n\nTesla ofrece en la actualidad el Model 3 b\u00e1sico por un precio que ronda los 36.500 euros (aunque este precio puede fluctuar seg\u00fan las condiciones del mercado). Este modelo cuenta con una potencia de 283 CV, que se transmiten a las ruedas traseras, y ofrece una autonom\u00eda te\u00f3rica de 513 kil\u00f3metros con una sola carga.\n\nSer\u00e1 interesante observar c\u00f3mo afectan las decisiones pol\u00edticas de la nueva administraci\u00f3n estadounidense al futuro de Tesla. Elon Musk, magnate invertido escudero presidencial, se ha distanciado de las pol\u00edticas de lucha contra el cambio clim\u00e1tico impulsadas por la administraci\u00f3n anterior. El nuevo presidente ha manifestado su intenci\u00f3n de perforar Alaska en busca de petr\u00f3leo y ha anunciado aranceles contra China, que es uno de los principales pa\u00edses donde Tesla fabrica sus veh\u00edculos. Estas medidas podr\u00edan impactar directamente en el mercado de veh\u00edculos el\u00e9ctricos y en la estrategia de la compa\u00f1\u00eda.\n\nToyota domina la hibridaci\u00f3n\n\nLa tecnolog\u00eda h\u00edbrida enchufable se consolida como la alternativa favorita de los consumidores a medio plazo, gracias a su eficiencia y versatilidad.\n\nLa hibridaci\u00f3n, un m\u00e9todo de propulsi\u00f3n que no requiere conexi\u00f3n a la red el\u00e9ctrica para recargar la bater\u00eda, se perfila como la alternativa preferida por los consumidores a corto y medio plazo. En este segmento conviven diferentes f\u00f3rmulas con distintos grados de electrificaci\u00f3n parcial, desde sistemas de hibridaci\u00f3n ligera hasta la hibridaci\u00f3n convencional. La principal diferencia entre ambos sistemas radica en el grado de implicaci\u00f3n del motor el\u00e9ctrico \u2014y, por lo tanto, de la bater\u00eda\u2014 en la propulsi\u00f3n del veh\u00edculo.\n\nSi bien la elecci\u00f3n entre una u otra tecnolog\u00eda puede generar dudas en algunos clientes, la mayor\u00eda se decanta por la propuesta de Toyota. La soluci\u00f3n de propulsi\u00f3n mixta autorrecargable que plantea la firma japonesa ha convencido a m\u00e1s de cuarenta mil usuarios en 2024. Los modelos m\u00e1s populares de la marca han sido el Corolla, con 22.129 matriculaciones, y el Yaris Cross, con 18.335 unidades, situ\u00e1ndose en primera y segunda posici\u00f3n del segmento, respectivamente.\n\nEl Nissan Qashqai ha desbancado del podio al C-HR, con 18.067 unidades vendidas. El Kia Sportage ha desplazado al Yaris a la sexta posici\u00f3n de la lista, con 13.112 matriculaciones. Esta reconfiguraci\u00f3n del mercado demuestra que los consumidores valoran cada vez m\u00e1s la versatilidad y la autonom\u00eda que ofrecen los veh\u00edculos h\u00edbridos.\n\nEl Clase GLC manda entre los h\u00edbridos enchufables\n\nLa indecisi\u00f3n de los consumidores respecto a los veh\u00edculos el\u00e9ctricos no ha afectado al Mercedes-Benz Clase GLC, que lidera el mercado de h\u00edbridos enchufables con solvencia.\n\n\n\n<div style=\"text-align: center; margin: 60px 0 40px 0;\">\n    <img decoding=\"async\" src=\"https:\/\/filmthai.moicaucachep.com\/wp-content\/uploads\/2026\/08\/car_api_20260822_143700_9512_3_optimized.jpg\" alt=\"\" style=\"width: 100%; height: auto; max-width: 600px; border-radius: 8px;\" \/>\n<\/div>\n\n\n\n<div style=\"height:20px\" aria-hidden=\"true\" class=\"wp-block-spacer\"><\/div>\n\n\nLa llamada \u00abalergia al cable\u00bb que parecen mostrar los consumidores no ha afectado al Mercedes-Benz Clase GLC, que se consolida como l\u00edder indiscutible en la categor\u00eda de autom\u00f3viles h\u00edbridos enchufables. Sus casi cinco mil matriculaciones (4.988 unidades) representan el 8,5% del total de veh\u00edculos matriculados en esta divisi\u00f3n. Este resultado sit\u00faa al Clase GLC por delante de","protected":false},"excerpt":{"rendered":"<p>Los coches favoritos del p\u00fablico en 2024: el pragmatismo y la apuesta por la versatilidad dominan el mercado espa\u00f1ol La clientela exige productos asequibles y fiables, aunque el podio se ve cada vez m\u00e1s disputado por modelos de gama media y marcas premium. Juan \u00c1ngel Mart\u00ednez Bilbao | 27\u00b701\u00b725 | 10:01 \u00bfYa nos sigues? M\u00e1rcanos [&hellip;]<\/p>\n","protected":false},"author":1,"featured_media":10494,"comment_status":"closed","ping_status":"closed","sticky":false,"template":"","format":"standard","meta":{"footnotes":""},"categories":[1],"tags":[],"class_list":["post-10498","post","type-post","status-publish","format-standard","has-post-thumbnail","hentry","category-uncategorized"],"yoast_head":"<!-- This site is optimized with the Yoast SEO plugin v27.2 - https:\/\/yoast.com\/product\/yoast-seo-wordpress\/ -->\n<title>N2208011_\ufffd Un conflictivo local okupado en el barrio de La Salut, en Badalona, ser\u00e1 desalojado. As\u00ed lo ha as_part2 - filmthai.moicaucachep.com<\/title>\n<meta name=\"robots\" content=\"index, follow, max-snippet:-1, max-image-preview:large, max-video-preview:-1\" \/>\n<link rel=\"canonical\" href=\"https:\/\/filmthai.moicaucachep.com\/?p=10498\" \/>\n<meta property=\"og:locale\" content=\"en_US\" \/>\n<meta property=\"og:type\" content=\"article\" \/>\n<meta property=\"og:title\" content=\"N2208011_\ufffd Un conflictivo local okupado en el barrio de La Salut, en Badalona, ser\u00e1 desalojado. As\u00ed lo ha as_part2 - filmthai.moicaucachep.com\" \/>\n<meta property=\"og:description\" content=\"Los coches favoritos del p\u00fablico en 2024: el pragmatismo y la apuesta por la versatilidad dominan el mercado espa\u00f1ol La clientela exige productos asequibles y fiables, aunque el podio se ve cada vez m\u00e1s disputado por modelos de gama media y marcas premium. Juan \u00c1ngel Mart\u00ednez Bilbao | 27\u00b701\u00b725 | 10:01 \u00bfYa nos sigues? M\u00e1rcanos [&hellip;]\" \/>\n<meta property=\"og:url\" content=\"https:\/\/filmthai.moicaucachep.com\/?p=10498\" \/>\n<meta property=\"og:site_name\" content=\"filmthai.moicaucachep.com\" \/>\n<meta property=\"article:published_time\" content=\"2026-08-22T07:37:06+00:00\" \/>\n<meta property=\"og:image\" content=\"https:\/\/filmthai.moicaucachep.com\/wp-content\/uploads\/2026\/08\/fb_natural_20260822_143656.jpg\" \/>\n\t<meta property=\"og:image:width\" content=\"1920\" \/>\n\t<meta property=\"og:image:height\" content=\"1080\" \/>\n\t<meta property=\"og:image:type\" content=\"image\/jpeg\" \/>\n<meta name=\"author\" content=\"admin79\" \/>\n<meta name=\"twitter:card\" content=\"summary_large_image\" \/>\n<meta name=\"twitter:label1\" content=\"Written by\" \/>\n\t<meta name=\"twitter:data1\" content=\"admin79\" \/>\n\t<meta name=\"twitter:label2\" content=\"Est. reading time\" \/>\n\t<meta name=\"twitter:data2\" content=\"8 minutes\" \/>\n<script type=\"application\/ld+json\" class=\"yoast-schema-graph\">{\"@context\":\"https:\/\/schema.org\",\"@graph\":[{\"@type\":\"Article\",\"@id\":\"https:\/\/filmthai.moicaucachep.com\/?p=10498#article\",\"isPartOf\":{\"@id\":\"https:\/\/filmthai.moicaucachep.com\/?p=10498\"},\"author\":{\"name\":\"admin79\",\"@id\":\"https:\/\/filmthai.moicaucachep.com\/#\/schema\/person\/96407441b3c4e1f4e9b03285253562c1\"},\"headline\":\"N2208011_\ufffd Un conflictivo local okupado en el barrio de La Salut, en Badalona, ser\u00e1 desalojado. As\u00ed lo ha as_part2\",\"datePublished\":\"2026-08-22T07:37:06+00:00\",\"mainEntityOfPage\":{\"@id\":\"https:\/\/filmthai.moicaucachep.com\/?p=10498\"},\"wordCount\":1559,\"image\":{\"@id\":\"https:\/\/filmthai.moicaucachep.com\/?p=10498#primaryimage\"},\"thumbnailUrl\":\"https:\/\/filmthai.moicaucachep.com\/wp-content\/uploads\/2026\/08\/fb_natural_20260822_143656.jpg\",\"inLanguage\":\"en-US\"},{\"@type\":\"WebPage\",\"@id\":\"https:\/\/filmthai.moicaucachep.com\/?p=10498\",\"url\":\"https:\/\/filmthai.moicaucachep.com\/?p=10498\",\"name\":\"N2208011_\ufffd Un conflictivo local okupado en el barrio de La Salut, en Badalona, ser\u00e1 desalojado. As\u00ed lo ha as_part2 - filmthai.moicaucachep.com\",\"isPartOf\":{\"@id\":\"https:\/\/filmthai.moicaucachep.com\/#website\"},\"primaryImageOfPage\":{\"@id\":\"https:\/\/filmthai.moicaucachep.com\/?p=10498#primaryimage\"},\"image\":{\"@id\":\"https:\/\/filmthai.moicaucachep.com\/?p=10498#primaryimage\"},\"thumbnailUrl\":\"https:\/\/filmthai.moicaucachep.com\/wp-content\/uploads\/2026\/08\/fb_natural_20260822_143656.jpg\",\"datePublished\":\"2026-08-22T07:37:06+00:00\",\"author\":{\"@id\":\"https:\/\/filmthai.moicaucachep.com\/#\/schema\/person\/96407441b3c4e1f4e9b03285253562c1\"},\"breadcrumb\":{\"@id\":\"https:\/\/filmthai.moicaucachep.com\/?p=10498#breadcrumb\"},\"inLanguage\":\"en-US\",\"potentialAction\":[{\"@type\":\"ReadAction\",\"target\":[\"https:\/\/filmthai.moicaucachep.com\/?p=10498\"]}]},{\"@type\":\"ImageObject\",\"inLanguage\":\"en-US\",\"@id\":\"https:\/\/filmthai.moicaucachep.com\/?p=10498#primaryimage\",\"url\":\"https:\/\/filmthai.moicaucachep.com\/wp-content\/uploads\/2026\/08\/fb_natural_20260822_143656.jpg\",\"contentUrl\":\"https:\/\/filmthai.moicaucachep.com\/wp-content\/uploads\/2026\/08\/fb_natural_20260822_143656.jpg\",\"width\":1920,\"height\":1080},{\"@type\":\"BreadcrumbList\",\"@id\":\"https:\/\/filmthai.moicaucachep.com\/?p=10498#breadcrumb\",\"itemListElement\":[{\"@type\":\"ListItem\",\"position\":1,\"name\":\"Home\",\"item\":\"https:\/\/filmthai.moicaucachep.com\/\"},{\"@type\":\"ListItem\",\"position\":2,\"name\":\"N2208011_\ufffd Un conflictivo local okupado en el barrio de La Salut, en Badalona, ser\u00e1 desalojado. As\u00ed lo ha as_part2\"}]},{\"@type\":\"WebSite\",\"@id\":\"https:\/\/filmthai.moicaucachep.com\/#website\",\"url\":\"https:\/\/filmthai.moicaucachep.com\/\",\"name\":\"filmthai.moicaucachep.com\",\"description\":\"\",\"potentialAction\":[{\"@type\":\"SearchAction\",\"target\":{\"@type\":\"EntryPoint\",\"urlTemplate\":\"https:\/\/filmthai.moicaucachep.com\/?s={search_term_string}\"},\"query-input\":{\"@type\":\"PropertyValueSpecification\",\"valueRequired\":true,\"valueName\":\"search_term_string\"}}],\"inLanguage\":\"en-US\"},{\"@type\":\"Person\",\"@id\":\"https:\/\/filmthai.moicaucachep.com\/#\/schema\/person\/96407441b3c4e1f4e9b03285253562c1\",\"name\":\"admin79\",\"image\":{\"@type\":\"ImageObject\",\"inLanguage\":\"en-US\",\"@id\":\"https:\/\/secure.gravatar.com\/avatar\/c07df73f87635fa9e5b07814d09d4e493a5ddc196989004f6090464d1a87c9a6?s=96&d=mm&r=g\",\"url\":\"https:\/\/secure.gravatar.com\/avatar\/c07df73f87635fa9e5b07814d09d4e493a5ddc196989004f6090464d1a87c9a6?s=96&d=mm&r=g\",\"contentUrl\":\"https:\/\/secure.gravatar.com\/avatar\/c07df73f87635fa9e5b07814d09d4e493a5ddc196989004f6090464d1a87c9a6?s=96&d=mm&r=g\",\"caption\":\"admin79\"},\"sameAs\":[\"http:\/\/filmthai.moicaucachep.com\"],\"url\":\"https:\/\/filmthai.moicaucachep.com\/?author=1\"}]}<\/script>\n<!-- \/ Yoast SEO plugin. -->","yoast_head_json":{"title":"N2208011_\ufffd Un conflictivo local okupado en el barrio de La Salut, en Badalona, ser\u00e1 desalojado. As\u00ed lo ha as_part2 - filmthai.moicaucachep.com","robots":{"index":"index","follow":"follow","max-snippet":"max-snippet:-1","max-image-preview":"max-image-preview:large","max-video-preview":"max-video-preview:-1"},"canonical":"https:\/\/filmthai.moicaucachep.com\/?p=10498","og_locale":"en_US","og_type":"article","og_title":"N2208011_\ufffd Un conflictivo local okupado en el barrio de La Salut, en Badalona, ser\u00e1 desalojado. As\u00ed lo ha as_part2 - filmthai.moicaucachep.com","og_description":"Los coches favoritos del p\u00fablico en 2024: el pragmatismo y la apuesta por la versatilidad dominan el mercado espa\u00f1ol La clientela exige productos asequibles y fiables, aunque el podio se ve cada vez m\u00e1s disputado por modelos de gama media y marcas premium. Juan \u00c1ngel Mart\u00ednez Bilbao | 27\u00b701\u00b725 | 10:01 \u00bfYa nos sigues? M\u00e1rcanos [&hellip;]","og_url":"https:\/\/filmthai.moicaucachep.com\/?p=10498","og_site_name":"filmthai.moicaucachep.com","article_published_time":"2026-08-22T07:37:06+00:00","og_image":[{"width":1920,"height":1080,"url":"https:\/\/filmthai.moicaucachep.com\/wp-content\/uploads\/2026\/08\/fb_natural_20260822_143656.jpg","type":"image\/jpeg"}],"author":"admin79","twitter_card":"summary_large_image","twitter_misc":{"Written by":"admin79","Est. reading time":"8 minutes"},"schema":{"@context":"https:\/\/schema.org","@graph":[{"@type":"Article","@id":"https:\/\/filmthai.moicaucachep.com\/?p=10498#article","isPartOf":{"@id":"https:\/\/filmthai.moicaucachep.com\/?p=10498"},"author":{"name":"admin79","@id":"https:\/\/filmthai.moicaucachep.com\/#\/schema\/person\/96407441b3c4e1f4e9b03285253562c1"},"headline":"N2208011_\ufffd Un conflictivo local okupado en el barrio de La Salut, en Badalona, ser\u00e1 desalojado. As\u00ed lo ha as_part2","datePublished":"2026-08-22T07:37:06+00:00","mainEntityOfPage":{"@id":"https:\/\/filmthai.moicaucachep.com\/?p=10498"},"wordCount":1559,"image":{"@id":"https:\/\/filmthai.moicaucachep.com\/?p=10498#primaryimage"},"thumbnailUrl":"https:\/\/filmthai.moicaucachep.com\/wp-content\/uploads\/2026\/08\/fb_natural_20260822_143656.jpg","inLanguage":"en-US"},{"@type":"WebPage","@id":"https:\/\/filmthai.moicaucachep.com\/?p=10498","url":"https:\/\/filmthai.moicaucachep.com\/?p=10498","name":"N2208011_\ufffd Un conflictivo local okupado en el barrio de La Salut, en Badalona, ser\u00e1 desalojado. As\u00ed lo ha as_part2 - filmthai.moicaucachep.com","isPartOf":{"@id":"https:\/\/filmthai.moicaucachep.com\/#website"},"primaryImageOfPage":{"@id":"https:\/\/filmthai.moicaucachep.com\/?p=10498#primaryimage"},"image":{"@id":"https:\/\/filmthai.moicaucachep.com\/?p=10498#primaryimage"},"thumbnailUrl":"https:\/\/filmthai.moicaucachep.com\/wp-content\/uploads\/2026\/08\/fb_natural_20260822_143656.jpg","datePublished":"2026-08-22T07:37:06+00:00","author":{"@id":"https:\/\/filmthai.moicaucachep.com\/#\/schema\/person\/96407441b3c4e1f4e9b03285253562c1"},"breadcrumb":{"@id":"https:\/\/filmthai.moicaucachep.com\/?p=10498#breadcrumb"},"inLanguage":"en-US","potentialAction":[{"@type":"ReadAction","target":["https:\/\/filmthai.moicaucachep.com\/?p=10498"]}]},{"@type":"ImageObject","inLanguage":"en-US","@id":"https:\/\/filmthai.moicaucachep.com\/?p=10498#primaryimage","url":"https:\/\/filmthai.moicaucachep.com\/wp-content\/uploads\/2026\/08\/fb_natural_20260822_143656.jpg","contentUrl":"https:\/\/filmthai.moicaucachep.com\/wp-content\/uploads\/2026\/08\/fb_natural_20260822_143656.jpg","width":1920,"height":1080},{"@type":"BreadcrumbList","@id":"https:\/\/filmthai.moicaucachep.com\/?p=10498#breadcrumb","itemListElement":[{"@type":"ListItem","position":1,"name":"Home","item":"https:\/\/filmthai.moicaucachep.com\/"},{"@type":"ListItem","position":2,"name":"N2208011_\ufffd Un conflictivo local okupado en el barrio de La Salut, en Badalona, ser\u00e1 desalojado. As\u00ed lo ha as_part2"}]},{"@type":"WebSite","@id":"https:\/\/filmthai.moicaucachep.com\/#website","url":"https:\/\/filmthai.moicaucachep.com\/","name":"filmthai.moicaucachep.com","description":"","potentialAction":[{"@type":"SearchAction","target":{"@type":"EntryPoint","urlTemplate":"https:\/\/filmthai.moicaucachep.com\/?s={search_term_string}"},"query-input":{"@type":"PropertyValueSpecification","valueRequired":true,"valueName":"search_term_string"}}],"inLanguage":"en-US"},{"@type":"Person","@id":"https:\/\/filmthai.moicaucachep.com\/#\/schema\/person\/96407441b3c4e1f4e9b03285253562c1","name":"admin79","image":{"@type":"ImageObject","inLanguage":"en-US","@id":"https:\/\/secure.gravatar.com\/avatar\/c07df73f87635fa9e5b07814d09d4e493a5ddc196989004f6090464d1a87c9a6?s=96&d=mm&r=g","url":"https:\/\/secure.gravatar.com\/avatar\/c07df73f87635fa9e5b07814d09d4e493a5ddc196989004f6090464d1a87c9a6?s=96&d=mm&r=g","contentUrl":"https:\/\/secure.gravatar.com\/avatar\/c07df73f87635fa9e5b07814d09d4e493a5ddc196989004f6090464d1a87c9a6?s=96&d=mm&r=g","caption":"admin79"},"sameAs":["http:\/\/filmthai.moicaucachep.com"],"url":"https:\/\/filmthai.moicaucachep.com\/?author=1"}]}},"_links":{"self":[{"href":"https:\/\/filmthai.moicaucachep.com\/index.php?rest_route=\/wp\/v2\/posts\/10498","targetHints":{"allow":["GET"]}}],"collection":[{"href":"https:\/\/filmthai.moicaucachep.com\/index.php?rest_route=\/wp\/v2\/posts"}],"about":[{"href":"https:\/\/filmthai.moicaucachep.com\/index.php?rest_route=\/wp\/v2\/types\/post"}],"author":[{"embeddable":true,"href":"https:\/\/filmthai.moicaucachep.com\/index.php?rest_route=\/wp\/v2\/users\/1"}],"replies":[{"embeddable":true,"href":"https:\/\/filmthai.moicaucachep.com\/index.php?rest_route=%2Fwp%2Fv2%2Fcomments&post=10498"}],"version-history":[{"count":1,"href":"https:\/\/filmthai.moicaucachep.com\/index.php?rest_route=\/wp\/v2\/posts\/10498\/revisions"}],"predecessor-version":[{"id":10499,"href":"https:\/\/filmthai.moicaucachep.com\/index.php?rest_route=\/wp\/v2\/posts\/10498\/revisions\/10499"}],"wp:featuredmedia":[{"embeddable":true,"href":"https:\/\/filmthai.moicaucachep.com\/index.php?rest_route=\/wp\/v2\/media\/10494"}],"wp:attachment":[{"href":"https:\/\/filmthai.moicaucachep.com\/index.php?rest_route=%2Fwp%2Fv2%2Fmedia&parent=10498"}],"wp:term":[{"taxonomy":"category","embeddable":true,"href":"https:\/\/filmthai.moicaucachep.com\/index.php?rest_route=%2Fwp%2Fv2%2Fcategories&post=10498"},{"taxonomy":"post_tag","embeddable":true,"href":"https:\/\/filmthai.moicaucachep.com\/index.php?rest_route=%2Fwp%2Fv2%2Ftags&post=10498"}],"curies":[{"name":"wp","href":"https:\/\/api.w.org\/{rel}","templated":true}]}}