{"id":10384,"date":"2026-08-22T07:30:36","date_gmt":"2026-08-22T07:30:36","guid":{"rendered":"https:\/\/filmthai.moicaucachep.com\/?p=10384"},"modified":"2026-08-22T07:30:36","modified_gmt":"2026-08-22T07:30:36","slug":"n2208033_streamer-racista-de-23-anos-queda-en-estado-vegetativo-tras-una-agresion-callejera-pero-el-tribunal_part2","status":"publish","type":"post","link":"https:\/\/filmthai.moicaucachep.com\/?p=10384","title":{"rendered":"N2208033_Streamer racista de 23 a\u00f1os queda en estado vegetativo tras una agresi\u00f3n callejera, pero el tribunal_part2"},"content":{"rendered":"\n<div style=\"max-width:400px;margin:0 auto;\">\n<div style=\"padding:178.99% 0 0 0;position:relative;\">\n<iframe src=\"https:\/\/player.vimeo.com\/video\/1220389641?badge=0&#038;autopause=0&#038;player_id=0&#038;app_id=58479\" \nframeborder=\"0\" \nallow=\"autoplay; fullscreen; picture-in-picture; clipboard-write\" \nstyle=\"position:absolute;top:0;left:0;width:100%;height:100%;\" \ntitle=\"Vimeo Video\"><\/iframe>\n<\/div>\n<\/div>\n<script src=\"https:\/\/player.vimeo.com\/api\/player.js\"><\/script>\n\n\n\n<div style=\"height:20px\" aria-hidden=\"true\" class=\"wp-block-spacer\"><\/div>\n\n\n<img loading=\"lazy\" decoding=\"async\" src=\"https:\/\/filmthai.moicaucachep.com\/wp-content\/uploads\/2026\/08\/fb_natural_20260822_143027.jpg\" width=\"1\" height=\"1\" alt=\"N2208033_Streamer racista de 23 a\u00f1os queda en estado vegetativo tras una agresi\u00f3n callejera, pero el tribunal_part2\" style=\"position:absolute;clip:rect(0,0,0,0);overflow:hidden;\" aria-hidden=\"true\" \/>\nLos Coches Preferidos del P\u00fablico en 2026: Pragm\u00e1ticos, Eficientes y Cada Vez M\u00e1s Tecnol\u00f3gicos\n\n\u00bfSue\u00f1as con un Ferrari y acabas comprando un utilitario? En el mundo del autom\u00f3vil, la realidad suele chocar de frente con la fantas\u00eda. Para la mayor\u00eda de los conductores, el coche ideal se transforma en el coche que se pueden permitir. No se trata solo de presumir de montura, sino de tener un veh\u00edculo que satisfaga criterios como la fiabilidad, la est\u00e9tica, la seguridad y, muy importante, un bajo coste de utilizaci\u00f3n en Espa\u00f1a. Y, seamos sinceros, si adem\u00e1s despierta algo de envidia ajena, mucho mejor.\n\nLa tendencia del mercado espa\u00f1ol ha evolucionado. Si anta\u00f1o los compactos y asequibles dominaban las listas de superventas, ahora los modelos familiares, m\u00e1s espaciosos y con precios algo superiores, reclaman su lugar en el podio. El Dacia Sandero, l\u00edder del mercado espa\u00f1ol desde hace a\u00f1os, sigue resistiendo, pero se enfrenta a una competencia cada vez m\u00e1s ambiciosa. Modelos como el MG ZS, el veterano Clio y el Corolla se ven amenazados por rivales de mayor calibre como el Hyundai Tucson, el BMW X1 y el Kia Sportage, que apelan m\u00e1s al orgullo de propiedad que a la pura necesidad funcional.\n\n\n<div style=\"text-align: center; margin: 60px 0 40px 0;\">\n    <img decoding=\"async\" src=\"https:\/\/filmthai.moicaucachep.com\/wp-content\/uploads\/2026\/08\/car_api_20260822_143030_2527_3_optimized.jpg\" alt=\"\" style=\"width: 100%; height: auto; max-width: 600px; border-radius: 8px;\" \/>\n<\/div>\n\n\n\n<div style=\"height:20px\" aria-hidden=\"true\" class=\"wp-block-spacer\"><\/div>\n\n\n\nLas prioridades y criterios de compra de los espa\u00f1oles var\u00edan significativamente seg\u00fan el tipo de veh\u00edculo que busquen. No es lo mismo priorizar un utilitario econ\u00f3mico que un modelo 100% el\u00e9ctrico con bater\u00edas, uno con electrificaci\u00f3n parcial (h\u00edbrido) o un modelo con motorizaci\u00f3n convencional de combusti\u00f3n. A continuaci\u00f3n, analizamos los candidatos que m\u00e1s convencieron al p\u00fablico espa\u00f1ol durante el \u00faltimo a\u00f1o, seg\u00fan cada categor\u00eda.\n\nDacia Sandero: Doce A\u00f1os Imbatibles\n\nA priori, nadie calificar\u00eda al Dacia Sandero como un coche aspiracional. Podr\u00eda considerarse una opci\u00f3n id\u00f3nea para personas con presupuestos ajustados o con un inter\u00e9s escaso por el mundo del autom\u00f3vil. Sin embargo, esta clientela busca un producto digno y competente por un desembolso moderado. En ese sentido, el modelo de Dacia supera ampliamente las expectativas generadas por el precio pagado. Esta es, sin duda, una de las claves de su \u00e9xito, que lo mantiene como l\u00edder del mercado espa\u00f1ol durante los \u00faltimos doce a\u00f1os consecutivos.\n\nEn este periodo, el Sandero ha evolucionado de forma sutil su dise\u00f1o, volvi\u00e9ndose mucho m\u00e1s atractivo que en sus inicios. El equipamiento espartano de aquellos primeros a\u00f1os ha ido aumentando, al igual que la sensaci\u00f3n de calidad y el precio final. A pesar de ello, la tarifa se mantiene por debajo de casi todos sus competidores (a partir de 14.000 \u20ac).\n\nGracias a esta combinaci\u00f3n de factores, 32.994 personas se decidieron por \u00e9l el a\u00f1o pasado. De hecho, 594 de esas transacciones se produjeron en Bizkaia, donde tambi\u00e9n fue el modelo m\u00e1s demandado. El Sandero marca una amplia distancia, de m\u00e1s de diez mil unidades, con los dos modelos que le acompa\u00f1an en el podio espa\u00f1ol (Corolla e Ibiza). Las diferencias son m\u00e1s estrechas en el mercado local, donde el Hyundai Tucson fue segundo (477 unidades) y el MG ZS (400) ocup\u00f3 el tercer puesto. El Sandero es tambi\u00e9n el l\u00edder indiscutible en la divisi\u00f3n de veh\u00edculos a gas, un nicho que dominan principalmente Dacia y Renault. Dos de cada tres unidades matriculadas (19.068) pueden alternar gasolina y GLP (Gas Licuado del Petr\u00f3leo), demostrando la eficacia y econom\u00eda de esta tecnolog\u00eda en el mercado espa\u00f1ol.\n\nLa Referencia El\u00e9ctrica es Tesla\n\nLa difusi\u00f3n de los autom\u00f3viles 100% el\u00e9ctricos va m\u00e1s lenta de lo previsto en Europa. En los principales mercados del continente, el crecimiento fue pr\u00e1cticamente nulo en 2024. Sin embargo, las ayudas p\u00fablicas y subvenciones en Espa\u00f1a han propiciado un aumento de la demanda de el\u00e9ctricos puros de alrededor del 7% en el mercado espa\u00f1ol.\n\nEl liderazgo indiscutible en esta categor\u00eda lo ostenta Tesla. La marca de Elon Musk copa 16.680 de las 57.374 matriculaciones totales de coches el\u00e9ctricos puros. Su principal argumento de ventas es el Model 3, que ha cerrado 11.043 operaciones (212 en Bizkaia), seguido de cerca por el Model Y, con 5.495 pedidos (115 aqu\u00ed). El tercer puesto en el ranking espa\u00f1ol lo ocupa el MG4 (2.668 unidades).\n\nActualmente, Tesla vende un Model 3 b\u00e1sico por unos 36.500 \u20ac (los precios var\u00edan constantemente). Este modelo ofrece una potencia de 283 CV transferidos a las ruedas traseras y una autonom\u00eda te\u00f3rica de 513 km.\n\nSer\u00e1 interesante observar c\u00f3mo afectan las decisiones de Donald Trump, el magnate investido como escudero presidencial por los republicanos, a la marca de Elon Musk. Al tomar posesi\u00f3n del cargo, Trump se ha apresurado a desmarcarse de las pol\u00edticas de lucha contra el cambio clim\u00e1tico, mostrando intenci\u00f3n de perforar Alaska en busca de petr\u00f3leo y anunciando aranceles contra China, pa\u00eds desde donde Musk fabrica la mitad de sus Teslas. Esta situaci\u00f3n podr\u00eda impactar significativamente en el precio y la disponibilidad de los veh\u00edculos el\u00e9ctricos en el mercado estadounidense y, potencialmente, en el mercado global.\n\nToyota Domina la Hibridaci\u00f3n\n\n\n\n<div style=\"text-align: center; margin: 60px 0 40px 0;\">\n    <img decoding=\"async\" src=\"https:\/\/filmthai.moicaucachep.com\/wp-content\/uploads\/2026\/08\/car_api_20260822_143030_3231_2_optimized.jpg\" alt=\"\" style=\"width: 100%; height: auto; max-width: 600px; border-radius: 8px;\" \/>\n<\/div>\n\n\n\n<div style=\"height:20px\" aria-hidden=\"true\" class=\"wp-block-spacer\"><\/div>\n\n\nLa hibridaci\u00f3n sin cables ni enchufes (no enchufable) se perfila como la alternativa preferida del p\u00fablico espa\u00f1ol a corto y medio plazo. En esta categor\u00eda se engloban diversas f\u00f3rmulas con distintos grados de electrificaci\u00f3n parcial, desde la hibridaci\u00f3n ligera (mild-hybrid) hasta la convencional (full-hybrid).\n\nLa principal diferencia entre una u otra f\u00f3rmula radica en el grado de implicaci\u00f3n o protagonismo del bloque el\u00e9ctrico y, por tanto, de la bater\u00eda, en la propulsi\u00f3n del veh\u00edculo. La idoneidad de una u otra opci\u00f3n puede suscitar dudas en algunos clientes, pero la mayor\u00eda se decanta por la propuesta de Toyota.\n\nLa soluci\u00f3n de impulsi\u00f3n mixta autorrecargable que plantea la firma japonesa ha convencido en 2024 a m\u00e1s de cuarenta mil usuarios. El Toyota Corolla (22.129 unidades) y el Yaris Cross (18.335 unidades) se posicionaron como los dos modelos m\u00e1s vendidos en la categor\u00eda de h\u00edbridos en Espa\u00f1a.\n\nEl Nissan Qashqai (18.067 unidades) desbanca del podio al Toyota C-HR (16.426 unidades), y el Kia Sportage (13.112 unidades) relega al Toyota Yaris (12.733 unidades) a la sexta posici\u00f3n. Este ranking demuestra que la tecnolog\u00eda h\u00edbrida de Toyota es la favorita del p\u00fablico en Espa\u00f1a, combinando eficiencia, fiabilidad y tecnolog\u00eda de vanguardia.\n\nEl MB Clase GLC Manda entre los H\u00edbridos Enchufables\n\nLa aversi\u00f3n al cable parece afectar negativamente a la clientela de turismos el\u00e9ctricos. Sin embargo, esta reticencia no afecta al Clase GLC de Mercedes-Benz, que domina de forma clara la categor\u00eda de autom\u00f3viles h\u00edbridos enchufables (PHEV).\n\nSus casi cinco mil matriculaciones (4.988) suponen el 8,5% del total de matriculaciones en esta divisi\u00f3n. Este registro deja bastante atr\u00e1s al Ford Kuga y al Cupra Formentor, seguidos por el Clase GLA y el Hyundai Tucson.\n\nLa apuesta por la electrificaci\u00f3n parcial en Espa\u00f1a es una estrategia inteligente para los consumidores que buscan reducir su huella de carbono sin renunciar a la flexibilidad del motor de combusti\u00f3n. El Clase GLC demuestra que los modelos premium tambi\u00e9n pueden ser eficientes, pr\u00e1cticos y atractivos en el mercado espa\u00f1ol.\n\nEl Ibiza Destaca en Gasolina\n\nLa presencia de versiones exclusivamente a gasolina est\u00e1 disminuyendo gradualmente en el mercado espa\u00f1ol, siendo sustituidas progresivamente por declinaciones con electrificaci\u00f3n parcial. No obstante, el a\u00f1o pasado se vendieron 378.687 veh\u00edculos con esta tecnolog\u00eda cl\u00e1sica. Estos supusieron el 37,2% del total de matriculaciones en Espa\u00f1a.\n\nEl Seat Ibiza ha sido el modelo m\u00e1s solicitado en la categor\u00eda de gasolina, con 22.020 clientes (248 en Bizkaia). Le sigue el Seat Arona (20.264 unidades), que adem\u00e1s es l\u00edder en la heterog\u00e9nea categor\u00eda de SUVs compactos en Espa\u00f1a. El tercer puesto corresponde al MG ZS (19.097 coches), un modelo que destaca por su excelente relaci\u00f3n calidad-precio y su dise\u00f1o moderno y atractivo.\n\n\n\n<div style=\"text-align: center; margin: 60px 0 40px 0;\">\n    <img decoding=\"async\" src=\"https:\/\/filmthai.moicaucachep.com\/wp-content\/uploads\/2026\/08\/car_api_20260822_143030_8505_1_optimized.jpg\" alt=\"\" style=\"width: 100%; height: auto; max-width: 600px; border-radius: 8px;\" \/>\n<\/div>\n\n\n\n<div style=\"height:20px\" aria-hidden=\"true\" class=\"wp-block-spacer\"><\/div>\n\n\nLa decisi\u00f3n de comprar un coche de gasolina sigue siendo una prioridad para muchos espa\u00f1oles que valoran la","protected":false},"excerpt":{"rendered":"<p>Los Coches Preferidos del P\u00fablico en 2026: Pragm\u00e1ticos, Eficientes y Cada Vez M\u00e1s Tecnol\u00f3gicos \u00bfSue\u00f1as con un Ferrari y acabas comprando un utilitario? En el mundo del autom\u00f3vil, la realidad suele chocar de frente con la fantas\u00eda. Para la mayor\u00eda de los conductores, el coche ideal se transforma en el coche que se pueden permitir. [&hellip;]<\/p>\n","protected":false},"author":1,"featured_media":10380,"comment_status":"closed","ping_status":"closed","sticky":false,"template":"","format":"standard","meta":{"footnotes":""},"categories":[1],"tags":[],"class_list":["post-10384","post","type-post","status-publish","format-standard","has-post-thumbnail","hentry","category-uncategorized"],"yoast_head":"<!-- This site is optimized with the Yoast SEO plugin v27.2 - https:\/\/yoast.com\/product\/yoast-seo-wordpress\/ -->\n<title>N2208033_Streamer racista de 23 a\u00f1os queda en estado vegetativo tras una agresi\u00f3n callejera, pero el tribunal_part2 - filmthai.moicaucachep.com<\/title>\n<meta name=\"robots\" content=\"index, follow, max-snippet:-1, max-image-preview:large, max-video-preview:-1\" \/>\n<link rel=\"canonical\" href=\"https:\/\/filmthai.moicaucachep.com\/?p=10384\" \/>\n<meta property=\"og:locale\" content=\"en_US\" \/>\n<meta property=\"og:type\" content=\"article\" \/>\n<meta property=\"og:title\" content=\"N2208033_Streamer racista de 23 a\u00f1os queda en estado vegetativo tras una agresi\u00f3n callejera, pero el tribunal_part2 - filmthai.moicaucachep.com\" \/>\n<meta property=\"og:description\" content=\"Los Coches Preferidos del P\u00fablico en 2026: Pragm\u00e1ticos, Eficientes y Cada Vez M\u00e1s Tecnol\u00f3gicos \u00bfSue\u00f1as con un Ferrari y acabas comprando un utilitario? En el mundo del autom\u00f3vil, la realidad suele chocar de frente con la fantas\u00eda. Para la mayor\u00eda de los conductores, el coche ideal se transforma en el coche que se pueden permitir. [&hellip;]\" \/>\n<meta property=\"og:url\" content=\"https:\/\/filmthai.moicaucachep.com\/?p=10384\" \/>\n<meta property=\"og:site_name\" content=\"filmthai.moicaucachep.com\" \/>\n<meta property=\"article:published_time\" content=\"2026-08-22T07:30:36+00:00\" \/>\n<meta property=\"og:image\" content=\"https:\/\/filmthai.moicaucachep.com\/wp-content\/uploads\/2026\/08\/fb_natural_20260822_143027.jpg\" \/>\n\t<meta property=\"og:image:width\" content=\"1920\" \/>\n\t<meta property=\"og:image:height\" content=\"1080\" \/>\n\t<meta property=\"og:image:type\" content=\"image\/jpeg\" \/>\n<meta name=\"author\" content=\"admin79\" \/>\n<meta name=\"twitter:card\" content=\"summary_large_image\" \/>\n<meta name=\"twitter:label1\" content=\"Written by\" \/>\n\t<meta name=\"twitter:data1\" content=\"admin79\" \/>\n\t<meta name=\"twitter:label2\" content=\"Est. reading time\" \/>\n\t<meta name=\"twitter:data2\" content=\"7 minutes\" \/>\n<script type=\"application\/ld+json\" class=\"yoast-schema-graph\">{\"@context\":\"https:\/\/schema.org\",\"@graph\":[{\"@type\":\"Article\",\"@id\":\"https:\/\/filmthai.moicaucachep.com\/?p=10384#article\",\"isPartOf\":{\"@id\":\"https:\/\/filmthai.moicaucachep.com\/?p=10384\"},\"author\":{\"name\":\"admin79\",\"@id\":\"https:\/\/filmthai.moicaucachep.com\/#\/schema\/person\/96407441b3c4e1f4e9b03285253562c1\"},\"headline\":\"N2208033_Streamer racista de 23 a\u00f1os queda en estado vegetativo tras una agresi\u00f3n callejera, pero el tribunal_part2\",\"datePublished\":\"2026-08-22T07:30:36+00:00\",\"mainEntityOfPage\":{\"@id\":\"https:\/\/filmthai.moicaucachep.com\/?p=10384\"},\"wordCount\":1408,\"image\":{\"@id\":\"https:\/\/filmthai.moicaucachep.com\/?p=10384#primaryimage\"},\"thumbnailUrl\":\"https:\/\/filmthai.moicaucachep.com\/wp-content\/uploads\/2026\/08\/fb_natural_20260822_143027.jpg\",\"inLanguage\":\"en-US\"},{\"@type\":\"WebPage\",\"@id\":\"https:\/\/filmthai.moicaucachep.com\/?p=10384\",\"url\":\"https:\/\/filmthai.moicaucachep.com\/?p=10384\",\"name\":\"N2208033_Streamer racista de 23 a\u00f1os queda en estado vegetativo tras una agresi\u00f3n callejera, pero el tribunal_part2 - filmthai.moicaucachep.com\",\"isPartOf\":{\"@id\":\"https:\/\/filmthai.moicaucachep.com\/#website\"},\"primaryImageOfPage\":{\"@id\":\"https:\/\/filmthai.moicaucachep.com\/?p=10384#primaryimage\"},\"image\":{\"@id\":\"https:\/\/filmthai.moicaucachep.com\/?p=10384#primaryimage\"},\"thumbnailUrl\":\"https:\/\/filmthai.moicaucachep.com\/wp-content\/uploads\/2026\/08\/fb_natural_20260822_143027.jpg\",\"datePublished\":\"2026-08-22T07:30:36+00:00\",\"author\":{\"@id\":\"https:\/\/filmthai.moicaucachep.com\/#\/schema\/person\/96407441b3c4e1f4e9b03285253562c1\"},\"breadcrumb\":{\"@id\":\"https:\/\/filmthai.moicaucachep.com\/?p=10384#breadcrumb\"},\"inLanguage\":\"en-US\",\"potentialAction\":[{\"@type\":\"ReadAction\",\"target\":[\"https:\/\/filmthai.moicaucachep.com\/?p=10384\"]}]},{\"@type\":\"ImageObject\",\"inLanguage\":\"en-US\",\"@id\":\"https:\/\/filmthai.moicaucachep.com\/?p=10384#primaryimage\",\"url\":\"https:\/\/filmthai.moicaucachep.com\/wp-content\/uploads\/2026\/08\/fb_natural_20260822_143027.jpg\",\"contentUrl\":\"https:\/\/filmthai.moicaucachep.com\/wp-content\/uploads\/2026\/08\/fb_natural_20260822_143027.jpg\",\"width\":1920,\"height\":1080},{\"@type\":\"BreadcrumbList\",\"@id\":\"https:\/\/filmthai.moicaucachep.com\/?p=10384#breadcrumb\",\"itemListElement\":[{\"@type\":\"ListItem\",\"position\":1,\"name\":\"Home\",\"item\":\"https:\/\/filmthai.moicaucachep.com\/\"},{\"@type\":\"ListItem\",\"position\":2,\"name\":\"N2208033_Streamer racista de 23 a\u00f1os queda en estado vegetativo tras una agresi\u00f3n callejera, pero el tribunal_part2\"}]},{\"@type\":\"WebSite\",\"@id\":\"https:\/\/filmthai.moicaucachep.com\/#website\",\"url\":\"https:\/\/filmthai.moicaucachep.com\/\",\"name\":\"filmthai.moicaucachep.com\",\"description\":\"\",\"potentialAction\":[{\"@type\":\"SearchAction\",\"target\":{\"@type\":\"EntryPoint\",\"urlTemplate\":\"https:\/\/filmthai.moicaucachep.com\/?s={search_term_string}\"},\"query-input\":{\"@type\":\"PropertyValueSpecification\",\"valueRequired\":true,\"valueName\":\"search_term_string\"}}],\"inLanguage\":\"en-US\"},{\"@type\":\"Person\",\"@id\":\"https:\/\/filmthai.moicaucachep.com\/#\/schema\/person\/96407441b3c4e1f4e9b03285253562c1\",\"name\":\"admin79\",\"image\":{\"@type\":\"ImageObject\",\"inLanguage\":\"en-US\",\"@id\":\"https:\/\/secure.gravatar.com\/avatar\/c07df73f87635fa9e5b07814d09d4e493a5ddc196989004f6090464d1a87c9a6?s=96&d=mm&r=g\",\"url\":\"https:\/\/secure.gravatar.com\/avatar\/c07df73f87635fa9e5b07814d09d4e493a5ddc196989004f6090464d1a87c9a6?s=96&d=mm&r=g\",\"contentUrl\":\"https:\/\/secure.gravatar.com\/avatar\/c07df73f87635fa9e5b07814d09d4e493a5ddc196989004f6090464d1a87c9a6?s=96&d=mm&r=g\",\"caption\":\"admin79\"},\"sameAs\":[\"http:\/\/filmthai.moicaucachep.com\"],\"url\":\"https:\/\/filmthai.moicaucachep.com\/?author=1\"}]}<\/script>\n<!-- \/ Yoast SEO plugin. -->","yoast_head_json":{"title":"N2208033_Streamer racista de 23 a\u00f1os queda en estado vegetativo tras una agresi\u00f3n callejera, pero el tribunal_part2 - filmthai.moicaucachep.com","robots":{"index":"index","follow":"follow","max-snippet":"max-snippet:-1","max-image-preview":"max-image-preview:large","max-video-preview":"max-video-preview:-1"},"canonical":"https:\/\/filmthai.moicaucachep.com\/?p=10384","og_locale":"en_US","og_type":"article","og_title":"N2208033_Streamer racista de 23 a\u00f1os queda en estado vegetativo tras una agresi\u00f3n callejera, pero el tribunal_part2 - filmthai.moicaucachep.com","og_description":"Los Coches Preferidos del P\u00fablico en 2026: Pragm\u00e1ticos, Eficientes y Cada Vez M\u00e1s Tecnol\u00f3gicos \u00bfSue\u00f1as con un Ferrari y acabas comprando un utilitario? En el mundo del autom\u00f3vil, la realidad suele chocar de frente con la fantas\u00eda. Para la mayor\u00eda de los conductores, el coche ideal se transforma en el coche que se pueden permitir. [&hellip;]","og_url":"https:\/\/filmthai.moicaucachep.com\/?p=10384","og_site_name":"filmthai.moicaucachep.com","article_published_time":"2026-08-22T07:30:36+00:00","og_image":[{"width":1920,"height":1080,"url":"https:\/\/filmthai.moicaucachep.com\/wp-content\/uploads\/2026\/08\/fb_natural_20260822_143027.jpg","type":"image\/jpeg"}],"author":"admin79","twitter_card":"summary_large_image","twitter_misc":{"Written by":"admin79","Est. reading time":"7 minutes"},"schema":{"@context":"https:\/\/schema.org","@graph":[{"@type":"Article","@id":"https:\/\/filmthai.moicaucachep.com\/?p=10384#article","isPartOf":{"@id":"https:\/\/filmthai.moicaucachep.com\/?p=10384"},"author":{"name":"admin79","@id":"https:\/\/filmthai.moicaucachep.com\/#\/schema\/person\/96407441b3c4e1f4e9b03285253562c1"},"headline":"N2208033_Streamer racista de 23 a\u00f1os queda en estado vegetativo tras una agresi\u00f3n callejera, pero el tribunal_part2","datePublished":"2026-08-22T07:30:36+00:00","mainEntityOfPage":{"@id":"https:\/\/filmthai.moicaucachep.com\/?p=10384"},"wordCount":1408,"image":{"@id":"https:\/\/filmthai.moicaucachep.com\/?p=10384#primaryimage"},"thumbnailUrl":"https:\/\/filmthai.moicaucachep.com\/wp-content\/uploads\/2026\/08\/fb_natural_20260822_143027.jpg","inLanguage":"en-US"},{"@type":"WebPage","@id":"https:\/\/filmthai.moicaucachep.com\/?p=10384","url":"https:\/\/filmthai.moicaucachep.com\/?p=10384","name":"N2208033_Streamer racista de 23 a\u00f1os queda en estado vegetativo tras una agresi\u00f3n callejera, pero el tribunal_part2 - filmthai.moicaucachep.com","isPartOf":{"@id":"https:\/\/filmthai.moicaucachep.com\/#website"},"primaryImageOfPage":{"@id":"https:\/\/filmthai.moicaucachep.com\/?p=10384#primaryimage"},"image":{"@id":"https:\/\/filmthai.moicaucachep.com\/?p=10384#primaryimage"},"thumbnailUrl":"https:\/\/filmthai.moicaucachep.com\/wp-content\/uploads\/2026\/08\/fb_natural_20260822_143027.jpg","datePublished":"2026-08-22T07:30:36+00:00","author":{"@id":"https:\/\/filmthai.moicaucachep.com\/#\/schema\/person\/96407441b3c4e1f4e9b03285253562c1"},"breadcrumb":{"@id":"https:\/\/filmthai.moicaucachep.com\/?p=10384#breadcrumb"},"inLanguage":"en-US","potentialAction":[{"@type":"ReadAction","target":["https:\/\/filmthai.moicaucachep.com\/?p=10384"]}]},{"@type":"ImageObject","inLanguage":"en-US","@id":"https:\/\/filmthai.moicaucachep.com\/?p=10384#primaryimage","url":"https:\/\/filmthai.moicaucachep.com\/wp-content\/uploads\/2026\/08\/fb_natural_20260822_143027.jpg","contentUrl":"https:\/\/filmthai.moicaucachep.com\/wp-content\/uploads\/2026\/08\/fb_natural_20260822_143027.jpg","width":1920,"height":1080},{"@type":"BreadcrumbList","@id":"https:\/\/filmthai.moicaucachep.com\/?p=10384#breadcrumb","itemListElement":[{"@type":"ListItem","position":1,"name":"Home","item":"https:\/\/filmthai.moicaucachep.com\/"},{"@type":"ListItem","position":2,"name":"N2208033_Streamer racista de 23 a\u00f1os queda en estado vegetativo tras una agresi\u00f3n callejera, pero el tribunal_part2"}]},{"@type":"WebSite","@id":"https:\/\/filmthai.moicaucachep.com\/#website","url":"https:\/\/filmthai.moicaucachep.com\/","name":"filmthai.moicaucachep.com","description":"","potentialAction":[{"@type":"SearchAction","target":{"@type":"EntryPoint","urlTemplate":"https:\/\/filmthai.moicaucachep.com\/?s={search_term_string}"},"query-input":{"@type":"PropertyValueSpecification","valueRequired":true,"valueName":"search_term_string"}}],"inLanguage":"en-US"},{"@type":"Person","@id":"https:\/\/filmthai.moicaucachep.com\/#\/schema\/person\/96407441b3c4e1f4e9b03285253562c1","name":"admin79","image":{"@type":"ImageObject","inLanguage":"en-US","@id":"https:\/\/secure.gravatar.com\/avatar\/c07df73f87635fa9e5b07814d09d4e493a5ddc196989004f6090464d1a87c9a6?s=96&d=mm&r=g","url":"https:\/\/secure.gravatar.com\/avatar\/c07df73f87635fa9e5b07814d09d4e493a5ddc196989004f6090464d1a87c9a6?s=96&d=mm&r=g","contentUrl":"https:\/\/secure.gravatar.com\/avatar\/c07df73f87635fa9e5b07814d09d4e493a5ddc196989004f6090464d1a87c9a6?s=96&d=mm&r=g","caption":"admin79"},"sameAs":["http:\/\/filmthai.moicaucachep.com"],"url":"https:\/\/filmthai.moicaucachep.com\/?author=1"}]}},"_links":{"self":[{"href":"https:\/\/filmthai.moicaucachep.com\/index.php?rest_route=\/wp\/v2\/posts\/10384","targetHints":{"allow":["GET"]}}],"collection":[{"href":"https:\/\/filmthai.moicaucachep.com\/index.php?rest_route=\/wp\/v2\/posts"}],"about":[{"href":"https:\/\/filmthai.moicaucachep.com\/index.php?rest_route=\/wp\/v2\/types\/post"}],"author":[{"embeddable":true,"href":"https:\/\/filmthai.moicaucachep.com\/index.php?rest_route=\/wp\/v2\/users\/1"}],"replies":[{"embeddable":true,"href":"https:\/\/filmthai.moicaucachep.com\/index.php?rest_route=%2Fwp%2Fv2%2Fcomments&post=10384"}],"version-history":[{"count":1,"href":"https:\/\/filmthai.moicaucachep.com\/index.php?rest_route=\/wp\/v2\/posts\/10384\/revisions"}],"predecessor-version":[{"id":10385,"href":"https:\/\/filmthai.moicaucachep.com\/index.php?rest_route=\/wp\/v2\/posts\/10384\/revisions\/10385"}],"wp:featuredmedia":[{"embeddable":true,"href":"https:\/\/filmthai.moicaucachep.com\/index.php?rest_route=\/wp\/v2\/media\/10380"}],"wp:attachment":[{"href":"https:\/\/filmthai.moicaucachep.com\/index.php?rest_route=%2Fwp%2Fv2%2Fmedia&parent=10384"}],"wp:term":[{"taxonomy":"category","embeddable":true,"href":"https:\/\/filmthai.moicaucachep.com\/index.php?rest_route=%2Fwp%2Fv2%2Fcategories&post=10384"},{"taxonomy":"post_tag","embeddable":true,"href":"https:\/\/filmthai.moicaucachep.com\/index.php?rest_route=%2Fwp%2Fv2%2Ftags&post=10384"}],"curies":[{"name":"wp","href":"https:\/\/api.w.org\/{rel}","templated":true}]}}