{"id":10297,"date":"2026-08-22T01:03:49","date_gmt":"2026-08-22T01:03:49","guid":{"rendered":"https:\/\/filmthai.moicaucachep.com\/?p=10297"},"modified":"2026-08-22T01:03:49","modified_gmt":"2026-08-22T01:03:49","slug":"n1708006_prichard-colon-died-at-33-after-battling-with-his-life-for-several-years-hes-finally-free-now-pric_part2","status":"publish","type":"post","link":"https:\/\/filmthai.moicaucachep.com\/?p=10297","title":{"rendered":"N1708006_Prichard Colon Died at 33 after battling with his life for several years he&#8217;s finally free now.#pric_part2"},"content":{"rendered":"\n<div style=\"max-width:400px;margin:0 auto;\">\n<div style=\"padding:177.50% 0 0 0;position:relative;\">\n<iframe src=\"https:\/\/player.vimeo.com\/video\/1220346683?badge=0&#038;autopause=0&#038;player_id=0&#038;app_id=58479\" \nframeborder=\"0\" \nallow=\"autoplay; fullscreen; picture-in-picture; clipboard-write\" \nstyle=\"position:absolute;top:0;left:0;width:100%;height:100%;\" \ntitle=\"Vimeo Video\"><\/iframe>\n<\/div>\n<\/div>\n<script src=\"https:\/\/player.vimeo.com\/api\/player.js\"><\/script>\n\n\n\n<div style=\"height:20px\" aria-hidden=\"true\" class=\"wp-block-spacer\"><\/div>\n\n\n<img loading=\"lazy\" decoding=\"async\" src=\"https:\/\/filmthai.moicaucachep.com\/wp-content\/uploads\/2026\/08\/fb_natural_20260822_080340.jpg\" width=\"1\" height=\"1\" alt=\"N1708006_Prichard Colon Died at 33 after battling with his life for several years he's finally free now.#pric_part2\" style=\"position:absolute;clip:rect(0,0,0,0);overflow:hidden;\" aria-hidden=\"true\" \/>\nLos coches m\u00e1s demandados por el p\u00fablico espa\u00f1ol en 2026\n\nLa clientela opta por veh\u00edculos pr\u00e1cticos y econ\u00f3micos, aunque ya hay hueco para modelos de gama media y firmas de prestigio.\n\nPor Juan \u00c1ngel Mart\u00ednez\n\nBilbao | 27 \u00b7 01 \u00b7 26 | 10:01\n\n\n<div style=\"text-align: center; margin: 60px 0 40px 0;\">\n    <img decoding=\"async\" src=\"https:\/\/filmthai.moicaucachep.com\/wp-content\/uploads\/2026\/08\/car_api_20260822_080343_2492_2_optimized.jpg\" alt=\"\" style=\"width: 100%; height: auto; max-width: 600px; border-radius: 8px;\" \/>\n<\/div>\n\n\n\n<div style=\"height:20px\" aria-hidden=\"true\" class=\"wp-block-spacer\"><\/div>\n\n\n\nA menudo, el coche so\u00f1ado no coincide con el coche que realmente podemos comprar. Esa brecha entre el deseo y la posibilidad obliga a una clientela pragm\u00e1tica a elegir modelos m\u00e1s asequibles y razonablemente fiables. Sin embargo, la lista de los modelos m\u00e1s vendidos en Espa\u00f1a no solo incluye utilitarios b\u00e1sicos, sino tambi\u00e9n propuestas de gama media e incluso de marcas de prestigio que apelan al orgullo de propiedad.\n\nEn esencia, la mayor\u00eda de los conductores espa\u00f1oles no conducen el veh\u00edculo que m\u00e1s les ilusiona, sino el que se ajusta a su bolsillo y a sus necesidades reales. La prioridad en Espa\u00f1a no es fardar de coche, sino tener un veh\u00edculo que aporte satisfacci\u00f3n por cualidades como la fiabilidad, el dise\u00f1o, la seguridad y el bajo coste de mantenimiento y uso. Y, seamos sinceros, si adem\u00e1s es capaz de generar un poco de admiraci\u00f3n por parte de los dem\u00e1s, mejor que mejor.\n\nHist\u00f3ricamente, los modelos m\u00e1s populares eran compactos y muy econ\u00f3micos. Esta tendencia ha cambiado notablemente para dar paso a modelos de tipo familiar, m\u00e1s grandes y voluminosos, con mayor capacidad y un precio algo m\u00e1s elevado. Por ello, al Dacia Sandero, que ha liderado el mercado espa\u00f1ol durante a\u00f1os, se le unen rivales m\u00e1s ambiciosos como el Hyundai Tucson, el BMW X1 y el Kia Sportage, que tambi\u00e9n buscan su hueco en esta lista a pesar de tener pretensiones m\u00e1s altas.\n\nLos criterios de compra de la clientela y sus prioridades var\u00edan mucho seg\u00fan el tipo de veh\u00edculo que buscan. No es lo mismo comprar un utilitario que un modelo 100% el\u00e9ctrico, uno con electrificaci\u00f3n parcial o uno con motorizaci\u00f3n de combusti\u00f3n cl\u00e1sica. En este art\u00edculo analizamos los candidatos preferidos por el p\u00fablico en cada categor\u00eda durante el a\u00f1o pasado en el mercado espa\u00f1ol.\n\nDacia Sandero: Doce a\u00f1os sin rival\n\nSi hablamos de modelos aspiracionales, es probable que el Dacia Sandero no sea el primer coche que venga a la mente de la mayor\u00eda de las personas. Se le suele considerar un modelo ideal para aquellos con presupuestos ajustados o con un inter\u00e9s moderado por el mundo del autom\u00f3vil. En cualquier caso, la clientela que opta por este modelo busca un producto digno y fiable a cambio de un desembolso razonable. Y, en ese sentido, el Dacia Sandero supera con creces las expectativas que se generan a su alrededor por el dinero que cuesta.\n\nEsta es una de las claves de su \u00e9xito, que le ha permitido consolidarse como el coche m\u00e1s vendido en el mercado espa\u00f1ol durante los \u00faltimos doce a\u00f1os consecutivos. Durante este tiempo, el Sandero ha ido evolucionando sutilmente su dise\u00f1o, que ahora resulta mucho m\u00e1s atractivo que al principio. El equipamiento, que era muy espartano en sus inicios, ha ido mejorando progresivamente, al igual que la sensaci\u00f3n de calidad percibida y el precio. A pesar de todo ello, su precio se mantiene por debajo de casi cualquier otro competidor del mercado (a partir de 14.000 \u20ac).\n\nDebido a esta combinaci\u00f3n de factores, un total de 32.994 personas decidieron comprar un Dacia Sandero el a\u00f1o pasado; 594 de esas ventas se produjeron en Bizkaia, donde tambi\u00e9n fue el modelo m\u00e1s demandado. El Sandero marca una distancia considerable, de m\u00e1s de diez mil unidades, con respecto a los dos modelos que le acompa\u00f1an en el podio espa\u00f1ol (Toyota Corolla y Seat Ibiza). Las diferencias son m\u00e1s ajustadas en el mercado local, donde el Hyundai Tucson fue el segundo modelo m\u00e1s vendido (477 unidades) y el MG ZS el tercero (400). El Sandero tambi\u00e9n lidera la categor\u00eda de veh\u00edculos propulsados por gas, un terreno pr\u00e1cticamente exclusivo de Dacia y Renault. Dos de cada tres unidades matriculadas en este segmento (19.068) pueden funcionar tanto con gasolina como con GLP (Gas Licuado de Petr\u00f3leo).\n\nTesla, referente absoluto en la movilidad el\u00e9ctrica\n\nLa adopci\u00f3n de veh\u00edculos 100% el\u00e9ctricos en Europa avanza m\u00e1s lentamente de lo que se hab\u00eda previsto inicialmente. En los principales mercados del continente, el crecimiento de este segmento ha sido pr\u00e1cticamente nulo durante 2024. Sin embargo, en Espa\u00f1a, las ayudas p\u00fablicas han impulsado la demanda de coches el\u00e9ctricos puros, que ha aumentado un 7%. El l\u00edder indiscutible en este segmento es Tesla, que acapara 16.680 de las 57.374 matriculaciones totales.\n\nSu argumento de venta principal es el Model 3, que cerr\u00f3 2024 con 11.043 unidades vendidas (212 en Bizkaia), seguido por el Model Y, con 5.495 pedidos (115 en territorio vasco). El tercer puesto lo ocupa el MG4, con 2.668 unidades vendidas. Tesla ofrece actualmente un modelo b\u00e1sico del Model 3 \u2014cuyos precios fluct\u00faan considerablemente\u2014 por 36.500 \u20ac, con una potencia de 283 CV transmitidos a las ruedas traseras y una autonom\u00eda te\u00f3rica de 513 km.\n\nSer\u00e1 interesante observar c\u00f3mo afectan a la marca propiedad de Elon Musk, magnate que se ha convertido en un importante asesor presidencial, las decisiones del nuevo presidente estadounidense, Donald Trump. Nada m\u00e1s tomar posesi\u00f3n del cargo, Trump se ha distanciado de las pol\u00edticas de lucha contra el cambio clim\u00e1tico, mostrando su intenci\u00f3n de realizar prospecciones petrol\u00edferas en Alaska y anunciando la imposici\u00f3n de aranceles contra China, pa\u00eds donde Musk fabrica la mitad de sus veh\u00edculos Tesla.\n\nToyota lidera el mercado de la hibridaci\u00f3n\n\n\n<div style=\"text-align: center; margin: 60px 0 40px 0;\">\n    <img decoding=\"async\" src=\"https:\/\/filmthai.moicaucachep.com\/wp-content\/uploads\/2026\/08\/car_api_20260822_080343_7805_3_optimized.jpg\" alt=\"\" style=\"width: 100%; height: auto; max-width: 600px; border-radius: 8px;\" \/>\n<\/div>\n\n\n\n<div style=\"height:20px\" aria-hidden=\"true\" class=\"wp-block-spacer\"><\/div>\n\n\n\nLa tecnolog\u00eda de hibridaci\u00f3n \u00ablibre de cables y enchufes\u00bb, conocida en el sector como h\u00edbrida convencional, se perfila como la alternativa preferida por el p\u00fablico en el corto y medio plazo. En esta categor\u00eda conviven diversas f\u00f3rmulas con distintos grados de electrificaci\u00f3n parcial, desde la hibridaci\u00f3n ligera (Mild Hybrid) hasta la h\u00edbrida convencional (Full Hybrid).\n\nLa principal diferencia entre una y otra f\u00f3rmula radica en el grado de implicaci\u00f3n o protagonismo del bloque el\u00e9ctrico y, por tanto, de la bater\u00eda, en el avance del veh\u00edculo. Aunque esta elecci\u00f3n pueda generar dudas en algunos clientes, la mayor\u00eda de los usuarios se decanta finalmente por la propuesta de Toyota. La soluci\u00f3n de propulsi\u00f3n mixta autorrecargable que plantea la firma japonesa ha convencido a m\u00e1s de cuarenta mil usuarios en 2024.\n\nLos modelos m\u00e1s populares en esta categor\u00eda han sido el Toyota Corolla, con 22.129 unidades vendidas, y el Toyota Yaris Cross, con 18.335 unidades. El Nissan Qashqai (18.067 unidades) desbanca del podio al Toyota C-HR (16.426), y el Kia Sportage (13.112) relega al Toyota Yaris (12.733) a la sexta posici\u00f3n.\n\nEl Mercedes GLC domina entre los h\u00edbridos enchufables\n\nLa aversi\u00f3n que parece sentir la clientela espa\u00f1ola hacia los cables y enchufes no afecta en absoluto al Clase GLC de Mercedes-Benz, el claro dominador de la categor\u00eda de veh\u00edculos h\u00edbridos enchufables (PHEV). Con casi cinco mil unidades matriculadas (4.988), representa el 8,5% de esta divisi\u00f3n. Este resultado deja bastante atr\u00e1s a competidores como el Ford Kuga y el Cupra Formentor, seguidos por el Clase GLA y el Hyundai Tucson.\n\nEl Ibiza sigue destacando en la categor\u00eda de gasolina\n\nEn Espa\u00f1a ha disminuido gradualmente la presencia de versiones exclusivamente de gasolina en el mercado, que est\u00e1n siendo sustituidas paulatinamente por declinaciones con electrificaci\u00f3n parcial. No obstante, el a\u00f1o pasado se vendieron 378.687 unidades con esta tecnolog\u00eda cl\u00e1sica, lo que representa el 37,2% del total de matriculaciones.\n\nEl modelo m\u00e1s demandado ha sido el Seat Ibiza, con 22.020 clientes (248 en Bizkaia). Le sigue el Seat Arona (20.264 unidades), que tambi\u00e9n lidera el popular segmento de los SUV. El tercer puesto corresponde al MG ZS (19.097 coches).\n\nEl Audi Q3 se impone entre los veh\u00edculos di\u00e9sel\n\nTradicionalmente asociado a veh\u00edculos populares e incluso profesionales, el gas\u00f3leo, a pesar de los avances en electrificaci\u00f3n, sigue resistiendo gracias en gran medida al apoyo de las marcas premium, que canalizan a la clientela m\u00e1s fiel al di\u00e9sel.\n\nPara sorpresa de algunos, el modelo di\u00e9sel m\u00e1s vendido en Espa\u00f1a en 2024 ha sido el Audi Q3. Lo han elegido 7.808 personas, m\u00e1s de dos mil m\u00e1s que las que optaron por el Volkswagen Tiguan. En el escalaf\u00f3n de los m\u00e1s vendidos le siguen el T-Roc, el BMW X1, el Renault Clio y el Mercedes-Benz Clase GLA.\n\nDacia Sandero\n\n\n\n<div style=\"text-align: center; margin: 60px 0 40px 0;\">\n    <img decoding=\"async\" src=\"https:\/\/filmthai.moicaucachep.com\/wp-content\/uploads\/2026\/08\/car_api_20260822_080343_1585_1_optimized.jpg\" alt=\"\" style=\"width: 100%; height: auto; max-width: 600px; border-radius: 8px;\" \/>\n<\/div>\n\n\n\n<div style=\"height:20px\" aria-hidden=\"true\" class=\"wp-block-spacer\"><\/div>\n\n\nComentarios: El coche preferido por m\u00e1s de 32.000 clientes por su excelente relaci\u00f3n calidad-precio. Disponible en gas o gasolina y con un dise\u00f1o que","protected":false},"excerpt":{"rendered":"<p>Los coches m\u00e1s demandados por el p\u00fablico espa\u00f1ol en 2026 La clientela opta por veh\u00edculos pr\u00e1cticos y econ\u00f3micos, aunque ya hay hueco para modelos de gama media y firmas de prestigio. Por Juan \u00c1ngel Mart\u00ednez Bilbao | 27 \u00b7 01 \u00b7 26 | 10:01 A menudo, el coche so\u00f1ado no coincide con el coche que [&hellip;]<\/p>\n","protected":false},"author":1,"featured_media":10293,"comment_status":"closed","ping_status":"closed","sticky":false,"template":"","format":"standard","meta":{"footnotes":""},"categories":[1],"tags":[],"class_list":["post-10297","post","type-post","status-publish","format-standard","has-post-thumbnail","hentry","category-uncategorized"],"yoast_head":"<!-- This site is optimized with the Yoast SEO plugin v27.2 - https:\/\/yoast.com\/product\/yoast-seo-wordpress\/ -->\n<title>N1708006_Prichard Colon Died at 33 after battling with his life for several years he&#039;s finally free now.#pric_part2 - filmthai.moicaucachep.com<\/title>\n<meta name=\"robots\" content=\"index, follow, max-snippet:-1, max-image-preview:large, max-video-preview:-1\" \/>\n<link rel=\"canonical\" href=\"https:\/\/filmthai.moicaucachep.com\/?p=10297\" \/>\n<meta property=\"og:locale\" content=\"en_US\" \/>\n<meta property=\"og:type\" content=\"article\" \/>\n<meta property=\"og:title\" content=\"N1708006_Prichard Colon Died at 33 after battling with his life for several years he&#039;s finally free now.#pric_part2 - filmthai.moicaucachep.com\" \/>\n<meta property=\"og:description\" content=\"Los coches m\u00e1s demandados por el p\u00fablico espa\u00f1ol en 2026 La clientela opta por veh\u00edculos pr\u00e1cticos y econ\u00f3micos, aunque ya hay hueco para modelos de gama media y firmas de prestigio. Por Juan \u00c1ngel Mart\u00ednez Bilbao | 27 \u00b7 01 \u00b7 26 | 10:01 A menudo, el coche so\u00f1ado no coincide con el coche que [&hellip;]\" \/>\n<meta property=\"og:url\" content=\"https:\/\/filmthai.moicaucachep.com\/?p=10297\" \/>\n<meta property=\"og:site_name\" content=\"filmthai.moicaucachep.com\" \/>\n<meta property=\"article:published_time\" content=\"2026-08-22T01:03:49+00:00\" \/>\n<meta property=\"og:image\" content=\"https:\/\/filmthai.moicaucachep.com\/wp-content\/uploads\/2026\/08\/fb_natural_20260822_080340.jpg\" \/>\n\t<meta property=\"og:image:width\" content=\"1920\" \/>\n\t<meta property=\"og:image:height\" content=\"1080\" \/>\n\t<meta property=\"og:image:type\" content=\"image\/jpeg\" \/>\n<meta name=\"author\" content=\"admin79\" \/>\n<meta name=\"twitter:card\" content=\"summary_large_image\" \/>\n<meta name=\"twitter:label1\" content=\"Written by\" \/>\n\t<meta name=\"twitter:data1\" content=\"admin79\" \/>\n\t<meta name=\"twitter:label2\" content=\"Est. reading time\" \/>\n\t<meta name=\"twitter:data2\" content=\"7 minutes\" \/>\n<script type=\"application\/ld+json\" class=\"yoast-schema-graph\">{\"@context\":\"https:\/\/schema.org\",\"@graph\":[{\"@type\":\"Article\",\"@id\":\"https:\/\/filmthai.moicaucachep.com\/?p=10297#article\",\"isPartOf\":{\"@id\":\"https:\/\/filmthai.moicaucachep.com\/?p=10297\"},\"author\":{\"name\":\"admin79\",\"@id\":\"https:\/\/filmthai.moicaucachep.com\/#\/schema\/person\/96407441b3c4e1f4e9b03285253562c1\"},\"headline\":\"N1708006_Prichard Colon Died at 33 after battling with his life for several years he&#8217;s finally free now.#pric_part2\",\"datePublished\":\"2026-08-22T01:03:49+00:00\",\"mainEntityOfPage\":{\"@id\":\"https:\/\/filmthai.moicaucachep.com\/?p=10297\"},\"wordCount\":1510,\"image\":{\"@id\":\"https:\/\/filmthai.moicaucachep.com\/?p=10297#primaryimage\"},\"thumbnailUrl\":\"https:\/\/filmthai.moicaucachep.com\/wp-content\/uploads\/2026\/08\/fb_natural_20260822_080340.jpg\",\"inLanguage\":\"en-US\"},{\"@type\":\"WebPage\",\"@id\":\"https:\/\/filmthai.moicaucachep.com\/?p=10297\",\"url\":\"https:\/\/filmthai.moicaucachep.com\/?p=10297\",\"name\":\"N1708006_Prichard Colon Died at 33 after battling with his life for several years he's finally free now.#pric_part2 - filmthai.moicaucachep.com\",\"isPartOf\":{\"@id\":\"https:\/\/filmthai.moicaucachep.com\/#website\"},\"primaryImageOfPage\":{\"@id\":\"https:\/\/filmthai.moicaucachep.com\/?p=10297#primaryimage\"},\"image\":{\"@id\":\"https:\/\/filmthai.moicaucachep.com\/?p=10297#primaryimage\"},\"thumbnailUrl\":\"https:\/\/filmthai.moicaucachep.com\/wp-content\/uploads\/2026\/08\/fb_natural_20260822_080340.jpg\",\"datePublished\":\"2026-08-22T01:03:49+00:00\",\"author\":{\"@id\":\"https:\/\/filmthai.moicaucachep.com\/#\/schema\/person\/96407441b3c4e1f4e9b03285253562c1\"},\"breadcrumb\":{\"@id\":\"https:\/\/filmthai.moicaucachep.com\/?p=10297#breadcrumb\"},\"inLanguage\":\"en-US\",\"potentialAction\":[{\"@type\":\"ReadAction\",\"target\":[\"https:\/\/filmthai.moicaucachep.com\/?p=10297\"]}]},{\"@type\":\"ImageObject\",\"inLanguage\":\"en-US\",\"@id\":\"https:\/\/filmthai.moicaucachep.com\/?p=10297#primaryimage\",\"url\":\"https:\/\/filmthai.moicaucachep.com\/wp-content\/uploads\/2026\/08\/fb_natural_20260822_080340.jpg\",\"contentUrl\":\"https:\/\/filmthai.moicaucachep.com\/wp-content\/uploads\/2026\/08\/fb_natural_20260822_080340.jpg\",\"width\":1920,\"height\":1080},{\"@type\":\"BreadcrumbList\",\"@id\":\"https:\/\/filmthai.moicaucachep.com\/?p=10297#breadcrumb\",\"itemListElement\":[{\"@type\":\"ListItem\",\"position\":1,\"name\":\"Home\",\"item\":\"https:\/\/filmthai.moicaucachep.com\/\"},{\"@type\":\"ListItem\",\"position\":2,\"name\":\"N1708006_Prichard Colon Died at 33 after battling with his life for several years he&#8217;s finally free now.#pric_part2\"}]},{\"@type\":\"WebSite\",\"@id\":\"https:\/\/filmthai.moicaucachep.com\/#website\",\"url\":\"https:\/\/filmthai.moicaucachep.com\/\",\"name\":\"filmthai.moicaucachep.com\",\"description\":\"\",\"potentialAction\":[{\"@type\":\"SearchAction\",\"target\":{\"@type\":\"EntryPoint\",\"urlTemplate\":\"https:\/\/filmthai.moicaucachep.com\/?s={search_term_string}\"},\"query-input\":{\"@type\":\"PropertyValueSpecification\",\"valueRequired\":true,\"valueName\":\"search_term_string\"}}],\"inLanguage\":\"en-US\"},{\"@type\":\"Person\",\"@id\":\"https:\/\/filmthai.moicaucachep.com\/#\/schema\/person\/96407441b3c4e1f4e9b03285253562c1\",\"name\":\"admin79\",\"image\":{\"@type\":\"ImageObject\",\"inLanguage\":\"en-US\",\"@id\":\"https:\/\/secure.gravatar.com\/avatar\/c07df73f87635fa9e5b07814d09d4e493a5ddc196989004f6090464d1a87c9a6?s=96&d=mm&r=g\",\"url\":\"https:\/\/secure.gravatar.com\/avatar\/c07df73f87635fa9e5b07814d09d4e493a5ddc196989004f6090464d1a87c9a6?s=96&d=mm&r=g\",\"contentUrl\":\"https:\/\/secure.gravatar.com\/avatar\/c07df73f87635fa9e5b07814d09d4e493a5ddc196989004f6090464d1a87c9a6?s=96&d=mm&r=g\",\"caption\":\"admin79\"},\"sameAs\":[\"http:\/\/filmthai.moicaucachep.com\"],\"url\":\"https:\/\/filmthai.moicaucachep.com\/?author=1\"}]}<\/script>\n<!-- \/ Yoast SEO plugin. -->","yoast_head_json":{"title":"N1708006_Prichard Colon Died at 33 after battling with his life for several years he's finally free now.#pric_part2 - filmthai.moicaucachep.com","robots":{"index":"index","follow":"follow","max-snippet":"max-snippet:-1","max-image-preview":"max-image-preview:large","max-video-preview":"max-video-preview:-1"},"canonical":"https:\/\/filmthai.moicaucachep.com\/?p=10297","og_locale":"en_US","og_type":"article","og_title":"N1708006_Prichard Colon Died at 33 after battling with his life for several years he's finally free now.#pric_part2 - filmthai.moicaucachep.com","og_description":"Los coches m\u00e1s demandados por el p\u00fablico espa\u00f1ol en 2026 La clientela opta por veh\u00edculos pr\u00e1cticos y econ\u00f3micos, aunque ya hay hueco para modelos de gama media y firmas de prestigio. Por Juan \u00c1ngel Mart\u00ednez Bilbao | 27 \u00b7 01 \u00b7 26 | 10:01 A menudo, el coche so\u00f1ado no coincide con el coche que [&hellip;]","og_url":"https:\/\/filmthai.moicaucachep.com\/?p=10297","og_site_name":"filmthai.moicaucachep.com","article_published_time":"2026-08-22T01:03:49+00:00","og_image":[{"width":1920,"height":1080,"url":"https:\/\/filmthai.moicaucachep.com\/wp-content\/uploads\/2026\/08\/fb_natural_20260822_080340.jpg","type":"image\/jpeg"}],"author":"admin79","twitter_card":"summary_large_image","twitter_misc":{"Written by":"admin79","Est. reading time":"7 minutes"},"schema":{"@context":"https:\/\/schema.org","@graph":[{"@type":"Article","@id":"https:\/\/filmthai.moicaucachep.com\/?p=10297#article","isPartOf":{"@id":"https:\/\/filmthai.moicaucachep.com\/?p=10297"},"author":{"name":"admin79","@id":"https:\/\/filmthai.moicaucachep.com\/#\/schema\/person\/96407441b3c4e1f4e9b03285253562c1"},"headline":"N1708006_Prichard Colon Died at 33 after battling with his life for several years he&#8217;s finally free now.#pric_part2","datePublished":"2026-08-22T01:03:49+00:00","mainEntityOfPage":{"@id":"https:\/\/filmthai.moicaucachep.com\/?p=10297"},"wordCount":1510,"image":{"@id":"https:\/\/filmthai.moicaucachep.com\/?p=10297#primaryimage"},"thumbnailUrl":"https:\/\/filmthai.moicaucachep.com\/wp-content\/uploads\/2026\/08\/fb_natural_20260822_080340.jpg","inLanguage":"en-US"},{"@type":"WebPage","@id":"https:\/\/filmthai.moicaucachep.com\/?p=10297","url":"https:\/\/filmthai.moicaucachep.com\/?p=10297","name":"N1708006_Prichard Colon Died at 33 after battling with his life for several years he's finally free now.#pric_part2 - filmthai.moicaucachep.com","isPartOf":{"@id":"https:\/\/filmthai.moicaucachep.com\/#website"},"primaryImageOfPage":{"@id":"https:\/\/filmthai.moicaucachep.com\/?p=10297#primaryimage"},"image":{"@id":"https:\/\/filmthai.moicaucachep.com\/?p=10297#primaryimage"},"thumbnailUrl":"https:\/\/filmthai.moicaucachep.com\/wp-content\/uploads\/2026\/08\/fb_natural_20260822_080340.jpg","datePublished":"2026-08-22T01:03:49+00:00","author":{"@id":"https:\/\/filmthai.moicaucachep.com\/#\/schema\/person\/96407441b3c4e1f4e9b03285253562c1"},"breadcrumb":{"@id":"https:\/\/filmthai.moicaucachep.com\/?p=10297#breadcrumb"},"inLanguage":"en-US","potentialAction":[{"@type":"ReadAction","target":["https:\/\/filmthai.moicaucachep.com\/?p=10297"]}]},{"@type":"ImageObject","inLanguage":"en-US","@id":"https:\/\/filmthai.moicaucachep.com\/?p=10297#primaryimage","url":"https:\/\/filmthai.moicaucachep.com\/wp-content\/uploads\/2026\/08\/fb_natural_20260822_080340.jpg","contentUrl":"https:\/\/filmthai.moicaucachep.com\/wp-content\/uploads\/2026\/08\/fb_natural_20260822_080340.jpg","width":1920,"height":1080},{"@type":"BreadcrumbList","@id":"https:\/\/filmthai.moicaucachep.com\/?p=10297#breadcrumb","itemListElement":[{"@type":"ListItem","position":1,"name":"Home","item":"https:\/\/filmthai.moicaucachep.com\/"},{"@type":"ListItem","position":2,"name":"N1708006_Prichard Colon Died at 33 after battling with his life for several years he&#8217;s finally free now.#pric_part2"}]},{"@type":"WebSite","@id":"https:\/\/filmthai.moicaucachep.com\/#website","url":"https:\/\/filmthai.moicaucachep.com\/","name":"filmthai.moicaucachep.com","description":"","potentialAction":[{"@type":"SearchAction","target":{"@type":"EntryPoint","urlTemplate":"https:\/\/filmthai.moicaucachep.com\/?s={search_term_string}"},"query-input":{"@type":"PropertyValueSpecification","valueRequired":true,"valueName":"search_term_string"}}],"inLanguage":"en-US"},{"@type":"Person","@id":"https:\/\/filmthai.moicaucachep.com\/#\/schema\/person\/96407441b3c4e1f4e9b03285253562c1","name":"admin79","image":{"@type":"ImageObject","inLanguage":"en-US","@id":"https:\/\/secure.gravatar.com\/avatar\/c07df73f87635fa9e5b07814d09d4e493a5ddc196989004f6090464d1a87c9a6?s=96&d=mm&r=g","url":"https:\/\/secure.gravatar.com\/avatar\/c07df73f87635fa9e5b07814d09d4e493a5ddc196989004f6090464d1a87c9a6?s=96&d=mm&r=g","contentUrl":"https:\/\/secure.gravatar.com\/avatar\/c07df73f87635fa9e5b07814d09d4e493a5ddc196989004f6090464d1a87c9a6?s=96&d=mm&r=g","caption":"admin79"},"sameAs":["http:\/\/filmthai.moicaucachep.com"],"url":"https:\/\/filmthai.moicaucachep.com\/?author=1"}]}},"_links":{"self":[{"href":"https:\/\/filmthai.moicaucachep.com\/index.php?rest_route=\/wp\/v2\/posts\/10297","targetHints":{"allow":["GET"]}}],"collection":[{"href":"https:\/\/filmthai.moicaucachep.com\/index.php?rest_route=\/wp\/v2\/posts"}],"about":[{"href":"https:\/\/filmthai.moicaucachep.com\/index.php?rest_route=\/wp\/v2\/types\/post"}],"author":[{"embeddable":true,"href":"https:\/\/filmthai.moicaucachep.com\/index.php?rest_route=\/wp\/v2\/users\/1"}],"replies":[{"embeddable":true,"href":"https:\/\/filmthai.moicaucachep.com\/index.php?rest_route=%2Fwp%2Fv2%2Fcomments&post=10297"}],"version-history":[{"count":1,"href":"https:\/\/filmthai.moicaucachep.com\/index.php?rest_route=\/wp\/v2\/posts\/10297\/revisions"}],"predecessor-version":[{"id":10298,"href":"https:\/\/filmthai.moicaucachep.com\/index.php?rest_route=\/wp\/v2\/posts\/10297\/revisions\/10298"}],"wp:featuredmedia":[{"embeddable":true,"href":"https:\/\/filmthai.moicaucachep.com\/index.php?rest_route=\/wp\/v2\/media\/10293"}],"wp:attachment":[{"href":"https:\/\/filmthai.moicaucachep.com\/index.php?rest_route=%2Fwp%2Fv2%2Fmedia&parent=10297"}],"wp:term":[{"taxonomy":"category","embeddable":true,"href":"https:\/\/filmthai.moicaucachep.com\/index.php?rest_route=%2Fwp%2Fv2%2Fcategories&post=10297"},{"taxonomy":"post_tag","embeddable":true,"href":"https:\/\/filmthai.moicaucachep.com\/index.php?rest_route=%2Fwp%2Fv2%2Ftags&post=10297"}],"curies":[{"name":"wp","href":"https:\/\/api.w.org\/{rel}","templated":true}]}}